{"id":2787,"date":"2020-05-21T14:37:31","date_gmt":"2020-05-21T12:37:31","guid":{"rendered":"https:\/\/blogs.elcomercio.es\/cuervoalfageme\/?p=2787"},"modified":"2020-05-21T14:37:31","modified_gmt":"2020-05-21T12:37:31","slug":"nuevo-procedimiento-de-modificacion-de-medidas-consecuencia-del-covid-19","status":"publish","type":"post","link":"https:\/\/blogs.elcomercio.es\/cuervoalfageme\/2020\/05\/21\/nuevo-procedimiento-de-modificacion-de-medidas-consecuencia-del-covid-19\/","title":{"rendered":"Nuevo procedimiento de modificaci\u00f3n de medidas consecuencia del Covid-19"},"content":{"rendered":"<p align=\"JUSTIFY\"><a href=\"https:\/\/static-blogs.elcomercio.es\/wp-content\/uploads\/sites\/3\/2020\/05\/Foto.png\"><img loading=\"lazy\" class=\"alignnone size-full wp-image-2788\" src=\"https:\/\/static-blogs.elcomercio.es\/wp-content\/uploads\/sites\/3\/2020\/05\/Foto.png\" alt=\"\" width=\"963\" height=\"620\" srcset=\"https:\/\/static-blogs.elcomercio.es\/wp-content\/uploads\/sites\/3\/2020\/05\/Foto.png 963w, https:\/\/static-blogs.elcomercio.es\/wp-content\/uploads\/sites\/3\/2020\/05\/Foto-300x193.png 300w, https:\/\/static-blogs.elcomercio.es\/wp-content\/uploads\/sites\/3\/2020\/05\/Foto-768x494.png 768w\" sizes=\"(max-width: 963px) 100vw, 963px\" \/><\/a><\/p>\n<p align=\"JUSTIFY\"><span style=\"font-size: large\">Los cambios personales y, especialmente, econ\u00f3micos que va a suponer en muchas familias la crisis generada por la pandemia provocada por el Covid-19 va a ocasionar un incremento de determinados procedimientos judiciales sobre todo aquellos que pretendan una modificaci\u00f3n de las medidas que se adoptaron en su d\u00eda en un proceso de divorcio o separaci\u00f3n.<\/span><\/p>\n<p align=\"JUSTIFY\"><span style=\"font-size: large\">Para agilizar la tramitaci\u00f3n de estas situaciones que pueden precisar adem\u00e1s una soluci\u00f3n r\u00e1pida el Real Decreto Ley 16\/2020, de 28 de abril, ha creado un procedimiento especial y sumario que puede utilizarse durante el estado de alarma y durante los tres meses siguientes a su finalizaci\u00f3n.<\/span><\/p>\n<p align=\"JUSTIFY\"><span style=\"font-size: large\">Este procedimiento puede utilizarse en los siguientes casos:<\/span><\/p>\n<p align=\"JUSTIFY\">\u2022 <span style=\"font-size: large\"><span lang=\"es-ES\">Con la finalidad de restablecer el equilibrio en el r\u00e9gimen de visitas o custodia compartida cuando no se pudo cumplir durante el estado de alarma.<\/span><\/span><\/p>\n<p align=\"JUSTIFY\">\u2022 <span style=\"font-size: large\"><span lang=\"es-ES\">Para revisar medidas definitivas sobre contribuci\u00f3n a las cargas del matrimonio, pensi\u00f3n compensatoria para el c\u00f3nyuge y pensi\u00f3n de alimentos para hijos, si var\u00edan las circunstancias econ\u00f3micas por COVID-19.<\/span><\/span><\/p>\n<p align=\"JUSTIFY\">\u2022 <span style=\"font-size: large\"><span lang=\"es-ES\">Para establecer o revisar alimentos entre parientes, si var\u00edan circunstancias econ\u00f3micas con COVID-19.<\/span><\/span><\/p>\n<p align=\"JUSTIFY\"><span style=\"font-size: large\">Como ya avanz\u00e1bamos es un procedimiento sencillo que se inicia con la presentaci\u00f3n de una demanda en el Juzgado. Junto con esta demanda, al margen de otros documentos que puedan justificar los hechos alegados por la parte, hay que aportar un principio de prueba que consistir\u00e1 en lo siguiente:<\/span><\/p>\n<p align=\"JUSTIFY\">\u25cf <span style=\"font-size: large\"><span lang=\"es-ES\">Si se trata de un trabajador por cuenta propia es preciso aportar un certificado que acredite la prestaci\u00f3n o subsidio que se percibe.<\/span><\/span><\/p>\n<p align=\"JUSTIFY\">\u25cf <span style=\"font-size: large\"><span lang=\"es-ES\">Si se trata de un trabajador aut\u00f3nomos hay que aportar un certificado de cese de actividad o de disminuci\u00f3n de ingresos.<\/span><\/span><\/p>\n<p align=\"JUSTIFY\"><span style=\"font-size: large\">Presentada a la demanda, se cita a las partes a una vista. Antes de esta vista se produce un intento de acuerdo, sin olvidar que lo m\u00e1s importante a valorar es el inter\u00e9s del menor. Si se logra este acuerdo, se homologa judicialmente.<\/span><\/p>\n<p align=\"JUSTIFY\"><span style=\"font-size: large\">Si no se alcanza este acuerdo se celebra la vista (en 10 d\u00edas h\u00e1biles desde admisi\u00f3n de la demanda), con citaci\u00f3n de las partes y el Ministerio Fiscal si alguna de las medidas afecta a menores. En esa misma vista se realizan las alegaciones y la prueba solicitada por las partes. El juez resuelve por sentencia o auto y puede hacerlo oralmente en la propia vista o por escrito en los tres d\u00edas h\u00e1biles siguientes. Contra esta decisi\u00f3n cabe recurso de apelaci\u00f3n.<\/span><\/p>\n<p align=\"JUSTIFY\"><span style=\"font-size: large\">Para todo el procedimiento se precisa la asistencia de abogado y procurador.<\/span><\/p>\n<p>&nbsp;<\/p>\n<p align=\"JUSTIFY\">M\u00e1s contenidos jur\u00eddicos en nuestras redes sociales y en nuestra\u00a0<a href=\"http:\/\/www.cuervoalfageme.com\/\" rel=\"external nofollow\">Web<\/a>\u00a0:<\/p>\n<p><a href=\"https:\/\/www.facebook.com\/cuervoalfageme.abogados\" rel=\"external nofollow\">Facebook<\/a><\/p>\n<p><a href=\"https:\/\/twitter.com\/CuervoAlfageme?lang=es\" rel=\"external nofollow\">Twitter<\/a><\/p>\n<p><a href=\"https:\/\/www.youtube.com\/channel\/UCoov7b79vvn_-nenc3lP1-A\" rel=\"external nofollow\">Canal de Youtube<\/a><\/p>\n<p>Instagram: @cuervoalfageme<\/p>\n<!-- AddThis Advanced Settings generic via filter on the_content --><!-- AddThis Share Buttons generic via filter on the_content -->","protected":false},"excerpt":{"rendered":"<p>Los cambios personales y, especialmente, econ\u00f3micos que va a suponer en muchas familias la crisis generada por la pandemia provocada por el Covid-19 va a ocasionar un incremento de determinados procedimientos judiciales sobre todo aquellos que pretendan una modificaci\u00f3n de las medidas que se adoptaron en su d\u00eda en un proceso de divorcio o separaci\u00f3n. [&hellip;]<!-- AddThis Advanced Settings generic via filter on get_the_excerpt --><!-- AddThis Share Buttons generic via filter on get_the_excerpt --><\/p>\n","protected":false},"author":4316,"featured_media":0,"comment_status":"open","ping_status":"open","sticky":false,"template":"","format":"standard","meta":[],"categories":[1],"tags":[],"_links":{"self":[{"href":"https:\/\/blogs.elcomercio.es\/cuervoalfageme\/wp-json\/wp\/v2\/posts\/2787"}],"collection":[{"href":"https:\/\/blogs.elcomercio.es\/cuervoalfageme\/wp-json\/wp\/v2\/posts"}],"about":[{"href":"https:\/\/blogs.elcomercio.es\/cuervoalfageme\/wp-json\/wp\/v2\/types\/post"}],"author":[{"embeddable":true,"href":"https:\/\/blogs.elcomercio.es\/cuervoalfageme\/wp-json\/wp\/v2\/users\/4316"}],"replies":[{"embeddable":true,"href":"https:\/\/blogs.elcomercio.es\/cuervoalfageme\/wp-json\/wp\/v2\/comments?post=2787"}],"version-history":[{"count":1,"href":"https:\/\/blogs.elcomercio.es\/cuervoalfageme\/wp-json\/wp\/v2\/posts\/2787\/revisions"}],"predecessor-version":[{"id":2789,"href":"https:\/\/blogs.elcomercio.es\/cuervoalfageme\/wp-json\/wp\/v2\/posts\/2787\/revisions\/2789"}],"wp:attachment":[{"href":"https:\/\/blogs.elcomercio.es\/cuervoalfageme\/wp-json\/wp\/v2\/media?parent=2787"}],"wp:term":[{"taxonomy":"category","embeddable":true,"href":"https:\/\/blogs.elcomercio.es\/cuervoalfageme\/wp-json\/wp\/v2\/categories?post=2787"},{"taxonomy":"post_tag","embeddable":true,"href":"https:\/\/blogs.elcomercio.es\/cuervoalfageme\/wp-json\/wp\/v2\/tags?post=2787"}],"curies":[{"name":"wp","href":"https:\/\/api.w.org\/{rel}","templated":true}]}}