{"id":2807,"date":"2020-07-07T12:10:52","date_gmt":"2020-07-07T10:10:52","guid":{"rendered":"https:\/\/blogs.elcomercio.es\/cuervoalfageme\/?p=2807"},"modified":"2020-07-07T12:10:52","modified_gmt":"2020-07-07T10:10:52","slug":"pension-de-viudedad-y-parejas-de-hecho-la-necesidad-de-cumplir-con-todos-los-requisitos","status":"publish","type":"post","link":"https:\/\/blogs.elcomercio.es\/cuervoalfageme\/2020\/07\/07\/pension-de-viudedad-y-parejas-de-hecho-la-necesidad-de-cumplir-con-todos-los-requisitos\/","title":{"rendered":"Pensi\u00f3n de viudedad y parejas de hecho. La necesidad de cumplir con todos los requisitos."},"content":{"rendered":"<p align=\"JUSTIFY\"><a href=\"https:\/\/static-blogs.elcomercio.es\/wp-content\/uploads\/sites\/3\/2020\/07\/Blog.jpg\"><img loading=\"lazy\" class=\"alignnone size-full wp-image-2808\" src=\"https:\/\/static-blogs.elcomercio.es\/wp-content\/uploads\/sites\/3\/2020\/07\/Blog.jpg\" alt=\"\" width=\"864\" height=\"720\" srcset=\"https:\/\/static-blogs.elcomercio.es\/wp-content\/uploads\/sites\/3\/2020\/07\/Blog.jpg 864w, https:\/\/static-blogs.elcomercio.es\/wp-content\/uploads\/sites\/3\/2020\/07\/Blog-300x250.jpg 300w, https:\/\/static-blogs.elcomercio.es\/wp-content\/uploads\/sites\/3\/2020\/07\/Blog-768x640.jpg 768w\" sizes=\"(max-width: 864px) 100vw, 864px\" \/><\/a><\/p>\n<p align=\"JUSTIFY\"><span style=\"font-size: large\">Cada cierto tiempo salta a los medios de comunicaci\u00f3n alg\u00fan caso de denegaci\u00f3n de la pensi\u00f3n de viudedad en una situaci\u00f3n de pareja de hecho y casi siempre genera la pol\u00e9mica habitual acerca de lo justo o injusto que puede parecer atendiendo a las circunstancias. Recientemente hemos conocido el caso de Esther. Veintisiete a\u00f1os conviviendo con su pareja, dos hijos en com\u00fan, toda una vida y una econom\u00eda compartidas y una tramitaci\u00f3n para contraer matrimonio ya en marcha. Tras el fallecimiento de su pareja, se le deniega por la Administraci\u00f3n el derecho a percibir la pensi\u00f3n de viudedad. \u00bfCu\u00e1l es el motivo si realmente formaban una familia aunque no estuvieran casados?<\/span><\/p>\n<p align=\"JUSTIFY\"><span style=\"font-size: large\">La respuesta, a la luz del derecho, es clara. Para la percepci\u00f3n de cualquier pensi\u00f3n o prestaci\u00f3n es preciso que se cumplan por el solicitante todos y cada uno de los requisitos exigidos por la ley. En el caso de que la solicitud sea de una pensi\u00f3n de viudedad por el sobreviviente de una pareja de hecho, los requisitos, adem\u00e1s de los habituales de cotizaci\u00f3n m\u00ednima y unos espec\u00edficos relativos a los ingresos del perceptor, son los siguientes:<\/span><\/p>\n<ul>\n<li>\n<p align=\"JUSTIFY\"><span style=\"font-size: large\">Fallecimiento del miembro de la pareja posterior al uno de enero de 2008, ya que antes no se preve\u00eda este derecho.<\/span><\/p>\n<\/li>\n<li>\n<p align=\"JUSTIFY\"><span style=\"font-size: large\">La inscripci\u00f3n de la pareja de hecho en alguno de los registros espec\u00edficos existentes en las Comunidades Aut\u00f3nomas o Ayuntamientos del lugar de residencia. Esta inscripci\u00f3n puede sustituirse por la formalizaci\u00f3n de un documento p\u00fablico en el que conste la constituci\u00f3n de la pareja. En ambos casos, tiene que haberse realizado con una antelaci\u00f3n m\u00ednima de dos a\u00f1os con respecto a la fecha de fallecimiento del causante.<\/span><\/p>\n<\/li>\n<li>\n<p align=\"JUSTIFY\"><span style=\"font-size: large\">Convivencia estable y notoria con car\u00e1cter inmediato al fallecimiento del causante con una duraci\u00f3n ininterrumpida de al menos cinco a\u00f1os.<\/span><\/p>\n<\/li>\n<li>\n<p align=\"JUSTIFY\"><span style=\"font-size: large\">Durante el periodo de convivencia ninguno de los componentes de la pareja deben tener impedimento para contraer matrimonio ni deben tener v\u00ednculo matrimonial con otra persona.<\/span><\/p>\n<\/li>\n<\/ul>\n<p align=\"JUSTIFY\"><span style=\"font-size: large\">Esther no contaba con inscripci\u00f3n de la pareja en ning\u00fan registro ni hab\u00eda realizado un documento p\u00fablico, por tanto, incumpl\u00eda el segundo de estos requisitos. De nada valen los a\u00f1os de convivencia, haber iniciado los tr\u00e1mites de matrimonio, la vida o los hijos en com\u00fan si no hemos formalizado la pareja de hecho. \u00bfEs esto injusto? Desde nuestro punto de vista no porque, como hemos adelantado, para la percepci\u00f3n de cualquier ayuda o pensi\u00f3n es preciso el cumplimiento de determinados requisitos y todos ellos son inexcusables.<\/span><\/p>\n<p align=\"JUSTIFY\"><span style=\"font-size: large\">Hoy en d\u00eda contamos con una regulaci\u00f3n que permite contraer matrimonio o registrar una uni\u00f3n de hecho a cualquier pareja o bien optar por una convivencia sin realizar ninguno de estos tr\u00e1mites, a elecci\u00f3n de cada persona. Entra, por tanto, dentro del \u00e1mbito de decisi\u00f3n personal y tambi\u00e9n de su responsabilidad la decisi\u00f3n de c\u00f3mo organizar su vida en com\u00fan y asumir las consecuencias legales y personales que tal decisi\u00f3n implica.<\/span><\/p>\n<p align=\"JUSTIFY\">\n<p align=\"JUSTIFY\">M\u00e1s contenidos jur\u00eddicos en nuestras redes sociales y en nuestra\u00a0<a href=\"http:\/\/www.cuervoalfageme.com\/\" rel=\"external nofollow\">Web<\/a>\u00a0:<\/p>\n<p><a href=\"https:\/\/www.facebook.com\/cuervoalfageme.abogados\" rel=\"external nofollow\">Facebook<\/a><\/p>\n<p><a href=\"https:\/\/twitter.com\/CuervoAlfageme?lang=es\" rel=\"external nofollow\">Twitter<\/a><\/p>\n<p><a href=\"https:\/\/www.youtube.com\/channel\/UCoov7b79vvn_-nenc3lP1-A\" rel=\"external nofollow\">Canal de Youtube<\/a><\/p>\n<p>Instagram: @cuervoalfageme<\/p>\n<p>&nbsp;<\/p>\n<!-- AddThis Advanced Settings generic via filter on the_content --><!-- AddThis Share Buttons generic via filter on the_content -->","protected":false},"excerpt":{"rendered":"<p>Cada cierto tiempo salta a los medios de comunicaci\u00f3n alg\u00fan caso de denegaci\u00f3n de la pensi\u00f3n de viudedad en una situaci\u00f3n de pareja de hecho y casi siempre genera la pol\u00e9mica habitual acerca de lo justo o injusto que puede parecer atendiendo a las circunstancias. Recientemente hemos conocido el caso de Esther. Veintisiete a\u00f1os conviviendo [&hellip;]<!-- AddThis Advanced Settings generic via filter on get_the_excerpt --><!-- AddThis Share Buttons generic via filter on get_the_excerpt --><\/p>\n","protected":false},"author":4316,"featured_media":0,"comment_status":"open","ping_status":"open","sticky":false,"template":"","format":"standard","meta":[],"categories":[1],"tags":[],"_links":{"self":[{"href":"https:\/\/blogs.elcomercio.es\/cuervoalfageme\/wp-json\/wp\/v2\/posts\/2807"}],"collection":[{"href":"https:\/\/blogs.elcomercio.es\/cuervoalfageme\/wp-json\/wp\/v2\/posts"}],"about":[{"href":"https:\/\/blogs.elcomercio.es\/cuervoalfageme\/wp-json\/wp\/v2\/types\/post"}],"author":[{"embeddable":true,"href":"https:\/\/blogs.elcomercio.es\/cuervoalfageme\/wp-json\/wp\/v2\/users\/4316"}],"replies":[{"embeddable":true,"href":"https:\/\/blogs.elcomercio.es\/cuervoalfageme\/wp-json\/wp\/v2\/comments?post=2807"}],"version-history":[{"count":2,"href":"https:\/\/blogs.elcomercio.es\/cuervoalfageme\/wp-json\/wp\/v2\/posts\/2807\/revisions"}],"predecessor-version":[{"id":2810,"href":"https:\/\/blogs.elcomercio.es\/cuervoalfageme\/wp-json\/wp\/v2\/posts\/2807\/revisions\/2810"}],"wp:attachment":[{"href":"https:\/\/blogs.elcomercio.es\/cuervoalfageme\/wp-json\/wp\/v2\/media?parent=2807"}],"wp:term":[{"taxonomy":"category","embeddable":true,"href":"https:\/\/blogs.elcomercio.es\/cuervoalfageme\/wp-json\/wp\/v2\/categories?post=2807"},{"taxonomy":"post_tag","embeddable":true,"href":"https:\/\/blogs.elcomercio.es\/cuervoalfageme\/wp-json\/wp\/v2\/tags?post=2807"}],"curies":[{"name":"wp","href":"https:\/\/api.w.org\/{rel}","templated":true}]}}