{"id":2826,"date":"2020-09-01T12:07:02","date_gmt":"2020-09-01T10:07:02","guid":{"rendered":"https:\/\/blogs.elcomercio.es\/cuervoalfageme\/?p=2826"},"modified":"2020-09-01T12:07:02","modified_gmt":"2020-09-01T10:07:02","slug":"covid-19-las-nuevas-medidas-para-atajar-la-pandemia","status":"publish","type":"post","link":"https:\/\/blogs.elcomercio.es\/cuervoalfageme\/2020\/09\/01\/covid-19-las-nuevas-medidas-para-atajar-la-pandemia\/","title":{"rendered":"Covid-19. Las nuevas medidas para atajar la pandemia."},"content":{"rendered":"<p align=\"JUSTIFY\"><a href=\"https:\/\/static-blogs.elcomercio.es\/wp-content\/uploads\/sites\/3\/2020\/09\/Blog.jpg\"><img loading=\"lazy\" class=\"alignnone size-full wp-image-2827\" src=\"https:\/\/static-blogs.elcomercio.es\/wp-content\/uploads\/sites\/3\/2020\/09\/Blog.jpg\" alt=\"\" width=\"800\" height=\"240\" srcset=\"https:\/\/static-blogs.elcomercio.es\/wp-content\/uploads\/sites\/3\/2020\/09\/Blog.jpg 800w, https:\/\/static-blogs.elcomercio.es\/wp-content\/uploads\/sites\/3\/2020\/09\/Blog-300x90.jpg 300w, https:\/\/static-blogs.elcomercio.es\/wp-content\/uploads\/sites\/3\/2020\/09\/Blog-768x230.jpg 768w\" sizes=\"(max-width: 800px) 100vw, 800px\" \/><\/a><\/p>\n<p align=\"JUSTIFY\"><span style=\"font-size: large\">Tras el acuerdo alcanzado con las comunidades aut\u00f3nomas, el Ministerio de Sanidad anunci\u00f3 la implementaci\u00f3n de nuevas medidas para controlar la propagaci\u00f3n del Covid-19 que los gobiernos auton\u00f3micos deb\u00edan incorporar a sus respectivos territorios. La Consejer\u00eda de Salud del Principado de Asturias ha dictado una resoluci\u00f3n, publicada en el BOPA el pasado 18 de agosto, donde se incluyen todas estas medidas, ya de obligado cumplimiento. Dada su importancia y las dudas que genera su aplicaci\u00f3n, vamos a comentar las m\u00e1s importantes:<\/span><\/p>\n<ul>\n<li>\n<p align=\"JUSTIFY\"><span style=\"font-size: large\">Consumo de tabaco y asimilados: No se puede fumar en la v\u00eda p\u00fablica o en espacios al aire libre cuando no se pueda respetar la distancia interpersonal de dos metros, como m\u00ednimo. Esta misma limitaci\u00f3n se aplica a cualquier otro dispositivo de inhalaci\u00f3n de tabaco, pipas de agua, cachimbas o asimilados.<\/span><\/p>\n<\/li>\n<li>\n<p align=\"JUSTIFY\"><span style=\"font-size: large\">Consumo de bebidas alcoh\u00f3licas en la v\u00eda p\u00fablica, parques, plazas y otros lugares de tr\u00e1nsito p\u00fablico: Adem\u00e1s de las prohibiciones que ya existen en algunas ordenanzas municipales (muchas de ellas ya proh\u00edben o limitan los llamados \u201cbotellones\u201d), queda expresamente prohibida la aglomeraci\u00f3n de personas para el consumo de bebidas alcoh\u00f3licas en todos estos lugares por los riesgos que supone para la salud p\u00fablica y la ausencia o relajaci\u00f3n de las medidas de distancia y seguridad. Esta limitaci\u00f3n no se aplica en el caso de consumo en terrazas o ocasi\u00f3n de fiestas, verbenas, eventos populares, atracciones de feria&#8230; que cuenten con t\u00edtulo habilitante, permiso o autorizaci\u00f3n que proceda en cada caso.<\/span><\/p>\n<\/li>\n<li>\n<p align=\"JUSTIFY\"><span style=\"font-size: large\">Aforo de reuniones familiares y sociales: Se recomienda limitar los encuentros sociales fuera del grupo de convivencia estable y que estos encuentros no superen las diez personas.<\/span><\/p>\n<\/li>\n<li>\n<p align=\"JUSTIFY\"><span style=\"font-size: large\">Establecimientos de hosteler\u00eda, restauraci\u00f3n y ocio nocturno: Se debe garantizar la distancia interpersonal m\u00ednima de 1,5 metros en el servicio en barra. Esta misma distancia debe existir entre mesas o agrupaciones de mesas, con un m\u00e1ximo de diez personas por mesa o agrupaci\u00f3n de ellas. Las mesas deber\u00e1n ser acordes al n\u00famero de personas que lo utilicen permitiendo que se respete la distancia interpersonal. La hora m\u00e1xima de cierre nocturno se fija en la 1:00 de la madrugada si bien no se pueden admitir m\u00e1s clientes desde las cero horas. Se suspende la actividad de discotecas, salas de baile, locales de ocio nocturno y bares de copas.<\/span><\/p>\n<\/li>\n<li>\n<p align=\"JUSTIFY\"><span style=\"font-size: large\">Se refuerzan las medidas de protecci\u00f3n de los centros de car\u00e1cter residencial limitando las visitas a una sola persona por residente durante una hora al d\u00eda y aumentando la realizaci\u00f3n de pruebas de detecci\u00f3n. <\/span><\/p>\n<\/li>\n<li>\n<p align=\"JUSTIFY\"><span style=\"font-size: large\">En caso de brote epid\u00e9mico, se prev\u00e9 la realizaci\u00f3n de cribados con pruebas PCR en aquellas poblaciones de riesgo y potencialmente expuestas.<\/span><\/p>\n<\/li>\n<li>\n<p align=\"JUSTIFY\"><span style=\"font-size: large\">Al margen de todas estas nuevas medidas, es importante recordar el uso obligatorio de mascarillas conforme a la normativa ya existente y que complementa estas medidas y las establecidas para la llamada \u201cnueva normalidad\u201d.<\/span><\/p>\n<\/li>\n<\/ul>\n<p align=\"JUSTIFY\"><span style=\"font-size: large\"> Adem\u00e1s de dar cumplimiento a todas normas, de todos depende que controlemos finalmente esta situaci\u00f3n. Seamos responsables.<\/span><\/p>\n<p align=\"JUSTIFY\">M\u00e1s contenidos jur\u00eddicos en nuestras redes sociales y en nuestra\u00a0<a href=\"http:\/\/www.cuervoalfageme.com\/\" rel=\"external nofollow\">Web<\/a>\u00a0:<\/p>\n<p><a href=\"https:\/\/www.facebook.com\/cuervoalfageme.abogados\" rel=\"external nofollow\">Facebook<\/a><\/p>\n<p><a href=\"https:\/\/twitter.com\/CuervoAlfageme?lang=es\" rel=\"external nofollow\">Twitter<\/a><\/p>\n<p><a href=\"https:\/\/www.youtube.com\/channel\/UCoov7b79vvn_-nenc3lP1-A\" rel=\"external nofollow\">Canal de Youtube<\/a><\/p>\n<p>Instagram: @cuervoalfageme<\/p>\n<!-- AddThis Advanced Settings generic via filter on the_content --><!-- AddThis Share Buttons generic via filter on the_content -->","protected":false},"excerpt":{"rendered":"<p>Tras el acuerdo alcanzado con las comunidades aut\u00f3nomas, el Ministerio de Sanidad anunci\u00f3 la implementaci\u00f3n de nuevas medidas para controlar la propagaci\u00f3n del Covid-19 que los gobiernos auton\u00f3micos deb\u00edan incorporar a sus respectivos territorios. La Consejer\u00eda de Salud del Principado de Asturias ha dictado una resoluci\u00f3n, publicada en el BOPA el pasado 18 de agosto, [&hellip;]<!-- AddThis Advanced Settings generic via filter on get_the_excerpt --><!-- AddThis Share Buttons generic via filter on get_the_excerpt --><\/p>\n","protected":false},"author":4316,"featured_media":0,"comment_status":"open","ping_status":"open","sticky":false,"template":"","format":"standard","meta":[],"categories":[1],"tags":[],"_links":{"self":[{"href":"https:\/\/blogs.elcomercio.es\/cuervoalfageme\/wp-json\/wp\/v2\/posts\/2826"}],"collection":[{"href":"https:\/\/blogs.elcomercio.es\/cuervoalfageme\/wp-json\/wp\/v2\/posts"}],"about":[{"href":"https:\/\/blogs.elcomercio.es\/cuervoalfageme\/wp-json\/wp\/v2\/types\/post"}],"author":[{"embeddable":true,"href":"https:\/\/blogs.elcomercio.es\/cuervoalfageme\/wp-json\/wp\/v2\/users\/4316"}],"replies":[{"embeddable":true,"href":"https:\/\/blogs.elcomercio.es\/cuervoalfageme\/wp-json\/wp\/v2\/comments?post=2826"}],"version-history":[{"count":2,"href":"https:\/\/blogs.elcomercio.es\/cuervoalfageme\/wp-json\/wp\/v2\/posts\/2826\/revisions"}],"predecessor-version":[{"id":2829,"href":"https:\/\/blogs.elcomercio.es\/cuervoalfageme\/wp-json\/wp\/v2\/posts\/2826\/revisions\/2829"}],"wp:attachment":[{"href":"https:\/\/blogs.elcomercio.es\/cuervoalfageme\/wp-json\/wp\/v2\/media?parent=2826"}],"wp:term":[{"taxonomy":"category","embeddable":true,"href":"https:\/\/blogs.elcomercio.es\/cuervoalfageme\/wp-json\/wp\/v2\/categories?post=2826"},{"taxonomy":"post_tag","embeddable":true,"href":"https:\/\/blogs.elcomercio.es\/cuervoalfageme\/wp-json\/wp\/v2\/tags?post=2826"}],"curies":[{"name":"wp","href":"https:\/\/api.w.org\/{rel}","templated":true}]}}