{"id":2931,"date":"2021-05-10T12:26:12","date_gmt":"2021-05-10T10:26:12","guid":{"rendered":"https:\/\/blogs.elcomercio.es\/cuervoalfageme\/?p=2931"},"modified":"2021-05-10T12:26:12","modified_gmt":"2021-05-10T10:26:12","slug":"que-son-los-animales-para-nuestro-derecho-2","status":"publish","type":"post","link":"https:\/\/blogs.elcomercio.es\/cuervoalfageme\/2021\/05\/10\/que-son-los-animales-para-nuestro-derecho-2\/","title":{"rendered":"\u00bfQu\u00e9 son los animales para nuestro derecho?"},"content":{"rendered":"<p align=\"JUSTIFY\"><a href=\"https:\/\/static-blogs.elcomercio.es\/wp-content\/uploads\/sites\/3\/2017\/10\/Blog.jpg\"><img loading=\"lazy\" class=\"alignnone size-full wp-image-1603\" src=\"https:\/\/static-blogs.elcomercio.es\/wp-content\/uploads\/sites\/3\/2017\/10\/Blog.jpg\" alt=\"\" width=\"1274\" height=\"1723\" srcset=\"https:\/\/static-blogs.elcomercio.es\/wp-content\/uploads\/sites\/3\/2017\/10\/Blog.jpg 1274w, https:\/\/static-blogs.elcomercio.es\/wp-content\/uploads\/sites\/3\/2017\/10\/Blog-222x300.jpg 222w, https:\/\/static-blogs.elcomercio.es\/wp-content\/uploads\/sites\/3\/2017\/10\/Blog-768x1039.jpg 768w, https:\/\/static-blogs.elcomercio.es\/wp-content\/uploads\/sites\/3\/2017\/10\/Blog-757x1024.jpg 757w\" sizes=\"(max-width: 1274px) 100vw, 1274px\" \/><\/a><\/p>\n<p align=\"JUSTIFY\"><span style=\"color: #000000\"><span style=\"font-family: Times New Roman, serif\"><span style=\"font-size: large\"><span lang=\"en-US\">Nos hacemos de nuevo esta pregunta porque parece que, al fin, la respuesta est\u00e1 a punto de cambiar. Pero hagamos un poco de historia&#8230;<\/span><\/span><\/span><\/span><\/p>\n<p align=\"JUSTIFY\"><span style=\"color: #000000\"><span style=\"font-family: Times New Roman, serif\"><span style=\"font-size: large\"><span lang=\"en-US\">Para nuestro derecho los animales son cosas, es decir, bienes patrimoniales, m\u00e1s concretamente bienes semovientes. As\u00ed lo establece nuestro C\u00f3digo Civil. Y esta clasificaci\u00f3n tan simple y obsoleta de todo tipo de animales trae importantes consecuencias jur\u00eddicas como, por ejemplo, que tengan un determinado valor econ\u00f3mico, que puedan ser embargados, que no se consideren aspectos de su sensibilidad o su cuidado en una liquidaci\u00f3n de una sociedad de gananciales, en un divorcio, en una divisi\u00f3n de una herencia\u2026 en definitiva que no tengan jur\u00eddicamente derecho a ser tratados mejor que un cuadro, un coche o un saldo de una cuenta bancaria. Y, para aquellos que piensen que esto resulta exagerado, podemos poner como ejemplo una reciente resoluci\u00f3n de un Juzgado de Lugo de este mismo a\u00f1o en la que el juez determinada la salida a subasta de un perro tras la ruptura de la pareja propietaria sin que hubieran llegado a ning\u00fan acuerdo sobre el destino del animal.<\/span><\/span><\/span><\/span><\/p>\n<p align=\"JUSTIFY\"><span style=\"color: #000000\"><span style=\"font-family: Times New Roman, serif\"><span style=\"font-size: large\">Para aquellos que defendemos que los animales son seres dotados de sensibilidad semejante clasificaci\u00f3n legal y tales consecuencias nos parecen una aberraci\u00f3n en la sociedad en la que vivimos. Hace ya tiempo que muchos sectores de la sociedad reclaman un avance significativo en la normativa de protecci\u00f3n de animales dom\u00e9sticos y de los animales en general. Por algo nuestro pa\u00eds se encuentra a la cola de Europa en las cifras de abandono y maltrato. <\/span><\/span><\/span><\/p>\n<p align=\"JUSTIFY\"><span style=\"color: #000000\"><span style=\"font-family: Times New Roman, serif\"><span style=\"font-size: large\">Ya en el a\u00f1o 2017 el Congreso aprob\u00f3 por unanimidad una proposici\u00f3n presentada por el Grupo Popular en la que se solicitaba al Gobierno la modificaci\u00f3n del C\u00f3digo Civil, Ley Hipotecaria y Ley de Enjuiciamiento Civil sobre el r\u00e9gimen jur\u00eddico de los animales entendiendo que los mismos no son \u201ccosas\u201d sino \u201cseres vivos dotados de sensibilidad\u201d, en l\u00ednea, por otro lado, con algunas normas de protecci\u00f3n auton\u00f3micas que as\u00ed lo recogen ya en su articulado. No obstante, los avatares pol\u00edticos, la convocatoria de elecciones anticipadas y la disoluci\u00f3n de las Cortes paralizaron la marcha de esta proposici\u00f3n que se qued\u00f3 finalmente en una declaraci\u00f3n de intenciones.<\/span><\/span><\/span><\/p>\n<p align=\"JUSTIFY\"><span style=\"color: #000000\"><span style=\"font-family: Times New Roman, serif\"><span style=\"font-size: large\">Han tenido que pasar cuatro a\u00f1os para que por fin se retome de nuevo la tramitaci\u00f3n de esta reforma. El pasado 20 de abril el Congreso aprob\u00f3 de nuevo, con la \u00fanica excepci\u00f3n de los diputados de Vox, una proposici\u00f3n de ley impulsada, en esta ocasi\u00f3n, por el Partido Socialista y Unidas Podemos aunque sustancialmente id\u00e9ntica a aquella que se plante\u00f3 en el a\u00f1o 2017.<\/span><\/span><\/span><\/p>\n<p align=\"JUSTIFY\"><span style=\"color: #000000\"><span style=\"font-family: Times New Roman, serif\"><span style=\"font-size: large\">\u00bfA qu\u00e9 normas afecta esta reforma? Supone, en primer lugar, una modificaci\u00f3n de lo establecido en el C\u00f3digo Civil, que cambia la naturaleza jur\u00eddica de los animales. Dejan de ser considerados \u201ccosas\u201d indicando que son \u201cseres vivos dotados de sensibilidad\u201d, aunque esto no excluye que en determinados aspectos se aplique supletoriamente el r\u00e9gimen jur\u00eddico de los bienes o cosas pero siempre que dicho r\u00e9gimen sea compatible con su consideraci\u00f3n como seres vivos sensibles. En nuestro derecho, los animales son apropiables y objeto de comercio. No obstante, la relaci\u00f3n entre las personas y los animales deben modularse ahora en atenci\u00f3n a que estos son seres dotados de sensibilidad. Esto implica que los derechos sobre los animales han de ejercitarse tomando en consideraci\u00f3n el bienestar y la protecci\u00f3n del animal, evitando el maltrato, el abandono y la provocaci\u00f3n de una muerte cruel e innecesaria. Sobre esta base se modifican instituciones civiles tales como ocupaci\u00f3n, frutos naturales, hallazgo, responsabilidad por da\u00f1os y vicios ocultos&#8230; cuando se aplican sobre animales.<\/span><\/span><\/span><\/p>\n<p align=\"JUSTIFY\"><span style=\"color: #000000\"><span style=\"font-family: Times New Roman, serif\"><span style=\"font-size: large\">Especialmente importante tambi\u00e9n es la reforma en materia de derecho de familia. Se consideran los animales tanto en las separaciones y divorcios de mutuo acuerdo como en los contenciosos. En el primer caso, en el convenio regulador se deber\u00e1 incluir una cl\u00e1usula relativa al destino de los animales de compa\u00f1\u00eda, si existen, teniendo en cuenta el inter\u00e9s de los miembros de la familia y el bienestar animal, pudiendo preverse el reparto de los tiempos de convivencia y cuidado si fuere necesario, as\u00ed como las cargas asociadas al cuidado del animal. <\/span><\/span><\/span><\/p>\n<p align=\"JUSTIFY\"><span style=\"color: #000000\"><span style=\"font-family: Times New Roman, serif\"><span style=\"font-size: large\">En el caso de la ruptura sea contenciosa, es el juez en sentencia el que tiene que determinar las medidas relativas al destino de los animales de compa\u00f1\u00eda. Estas medidas consistir\u00e1n en que el juez conf\u00ede para su cuidado a los animales de compa\u00f1\u00eda a uno o ambos c\u00f3nyuges y determinar\u00e1 la forma en que en la que el c\u00f3nyuge al que no se le hayan confiado pueda tenerlos en su compa\u00f1\u00eda, todo ello atendiendo al inter\u00e9s de los miembros de la familia y del bienestar del animal, con independencia de qui\u00e9n sea el propietario del mismo. Estos datos se har\u00e1n constar en el registro de identificaci\u00f3n de animales. De esta forma, quedan recogidas en esta reforma, soluciones que ya estaban aplicando algunos juzgados en algunas sentencias de familia.<\/span><\/span><\/span><\/p>\n<p align=\"JUSTIFY\"><span style=\"color: #000000\"><span style=\"font-family: Times New Roman, serif\"><span style=\"font-size: large\">En consonancia con esta reforma del C\u00f3digo Civil, se modifica tambi\u00e9n la Ley Hipotecaria impidiendo que se extienda la hipoteca a los animales colocados o destinados en una finca dedicada a la explotaci\u00f3n ganadera, industrial o de recreo y se proh\u00edbe el pacto de extensi\u00f3n de la hipoteca a los animales de compa\u00f1\u00eda.<\/span><\/span><\/span><\/p>\n<p align=\"JUSTIFY\"><span style=\"color: #000000\"><span style=\"font-family: Times New Roman, serif\"><span style=\"font-size: large\">Por \u00faltimo, los cambios afectan a la Ley de Enjuiciamiento Civil para declarar absolutamente inembargables a los animales de compa\u00f1\u00eda en atenci\u00f3n al especial v\u00ednculo de afecto que les liga con la familia con la que conviven. S\u00ed seguir\u00e1 siendo posible embargar las rentas que dichos animales puedan generar.<\/span><\/span><\/span><\/p>\n<p align=\"JUSTIFY\"><span style=\"color: #000000\"><span style=\"font-family: Times New Roman, serif\"><span style=\"font-size: large\">Aunque esta proposici\u00f3n es un importante avance y esperamos que finalmente llegue a aprobarse como ley, queda mucho trabajo hasta conseguir una ley de bienestar animal para todo el estado que unifique el ca\u00f3tico sistema actual de leyes auton\u00f3micas y ordenanzas municipales. El camino es largo, y aun hay muchos que no lo entienden por intereses de todo tipo, pero cada paso es importante y necesario.<\/span><\/span><\/span><\/p>\n<p align=\"JUSTIFY\">\n<p align=\"JUSTIFY\">\n<p align=\"JUSTIFY\">\n<p align=\"JUSTIFY\">\n<p align=\"JUSTIFY\">\n<p align=\"JUSTIFY\">\n<p align=\"JUSTIFY\">\n<p align=\"JUSTIFY\">M\u00e1s contenidos jur\u00eddicos en nuestras redes sociales y en nuestra\u00a0<a href=\"http:\/\/www.cuervoalfageme.com\/\" rel=\"external nofollow\">Web<\/a>\u00a0:<\/p>\n<p><a href=\"https:\/\/www.facebook.com\/cuervoalfageme.abogados\" rel=\"external nofollow\">Facebook<\/a><\/p>\n<p><a href=\"https:\/\/twitter.com\/CuervoAlfageme?lang=es\" rel=\"external nofollow\">Twitter<\/a><\/p>\n<p><a href=\"https:\/\/www.youtube.com\/channel\/UCoov7b79vvn_-nenc3lP1-A\" rel=\"external nofollow\">Canal de Youtube<\/a><\/p>\n<p>Instagram: @cuervoalfageme<\/p>\n<!-- AddThis Advanced Settings generic via filter on the_content --><!-- AddThis Share Buttons generic via filter on the_content -->","protected":false},"excerpt":{"rendered":"<p>Nos hacemos de nuevo esta pregunta porque parece que, al fin, la respuesta est\u00e1 a punto de cambiar. Pero hagamos un poco de historia&#8230; Para nuestro derecho los animales son cosas, es decir, bienes patrimoniales, m\u00e1s concretamente bienes semovientes. As\u00ed lo establece nuestro C\u00f3digo Civil. Y esta clasificaci\u00f3n tan simple y obsoleta de todo tipo [&hellip;]<!-- AddThis Advanced Settings generic via filter on get_the_excerpt --><!-- AddThis Share Buttons generic via filter on get_the_excerpt --><\/p>\n","protected":false},"author":4316,"featured_media":0,"comment_status":"open","ping_status":"open","sticky":false,"template":"","format":"standard","meta":[],"categories":[2],"tags":[],"_links":{"self":[{"href":"https:\/\/blogs.elcomercio.es\/cuervoalfageme\/wp-json\/wp\/v2\/posts\/2931"}],"collection":[{"href":"https:\/\/blogs.elcomercio.es\/cuervoalfageme\/wp-json\/wp\/v2\/posts"}],"about":[{"href":"https:\/\/blogs.elcomercio.es\/cuervoalfageme\/wp-json\/wp\/v2\/types\/post"}],"author":[{"embeddable":true,"href":"https:\/\/blogs.elcomercio.es\/cuervoalfageme\/wp-json\/wp\/v2\/users\/4316"}],"replies":[{"embeddable":true,"href":"https:\/\/blogs.elcomercio.es\/cuervoalfageme\/wp-json\/wp\/v2\/comments?post=2931"}],"version-history":[{"count":1,"href":"https:\/\/blogs.elcomercio.es\/cuervoalfageme\/wp-json\/wp\/v2\/posts\/2931\/revisions"}],"predecessor-version":[{"id":2932,"href":"https:\/\/blogs.elcomercio.es\/cuervoalfageme\/wp-json\/wp\/v2\/posts\/2931\/revisions\/2932"}],"wp:attachment":[{"href":"https:\/\/blogs.elcomercio.es\/cuervoalfageme\/wp-json\/wp\/v2\/media?parent=2931"}],"wp:term":[{"taxonomy":"category","embeddable":true,"href":"https:\/\/blogs.elcomercio.es\/cuervoalfageme\/wp-json\/wp\/v2\/categories?post=2931"},{"taxonomy":"post_tag","embeddable":true,"href":"https:\/\/blogs.elcomercio.es\/cuervoalfageme\/wp-json\/wp\/v2\/tags?post=2931"}],"curies":[{"name":"wp","href":"https:\/\/api.w.org\/{rel}","templated":true}]}}