{"id":2480,"date":"2024-04-14T20:11:01","date_gmt":"2024-04-14T18:11:01","guid":{"rendered":"https:\/\/blogs.elcomercio.es\/dame-buenas-noticias\/?p=2480"},"modified":"2024-04-14T20:11:12","modified_gmt":"2024-04-14T18:11:12","slug":"huida-de-saint-gobain","status":"publish","type":"post","link":"https:\/\/blogs.elcomercio.es\/dame-buenas-noticias\/2024\/04\/14\/huida-de-saint-gobain\/","title":{"rendered":"Huida de Saint-Gobain"},"content":{"rendered":"<p><strong>La direcci\u00f3n de Par\u00eds debe explicar el cierre de Sekurit Avil\u00e9s, una de sus se\u00f1as de identidad en Europa desde hace 76 a\u00f1os<\/strong><\/p>\n<p>\u00abHemos explicado (al comit\u00e9) que, desgraciadamente, se consolidan los problemas estructurales de los \u00faltimos a\u00f1os, que la actividad de fabricaci\u00f3n de parabrisas en Avil\u00e9s ha vuelto a ser deficitaria en 2023, y que las perspectivas comerciales para 2024 no nos permiten seguir generando una actividad sostenida a partir de finales de mayo. As\u00ed, tras haber evaluado todas las opciones disponibles y a pesar de los numerosos esfuerzos que se han llevado a cabo durante los \u00faltimos a\u00f1os para mantener abierta la actividad, entendemos que es la \u00fanica alternativa posible (el cierre definitivo), al no vislumbrar ninguna otra de futuro que garantice la viabilidad de fabricaci\u00f3n de parabrisas en el centro\u00bb. Firmado: J. A. Piqueras. (Jos\u00e9 Antonio Piqueras es director general de Saint-Gobain Sekurit Espa\u00f1a, Portugal y Marruecos). Y un \u00faltimo mensaje, en versi\u00f3n \u00ablibre\u00bb: \u00abSed buenos y vamos a negociar r\u00e1pido y sin conflictos, y lo haremos con sensibilidad (habr\u00e1 dinero, tranquilos)\u00bb.<\/p>\n<p>De esta forma, la multinacional francesa Saint-Gobain deja a un lado su &#8216;savoir faire&#8217;, su europe\u00edsmo como empresa que presume de sus tres siglos de existencia, y decide cerrar sin miramientos y con alguna justificaci\u00f3n que no se sostiene \u2013al menos la que expresa su director general en su misiva\u2013 su se\u00f1a de identidad en Espa\u00f1a: la planta de Sekurit de Avil\u00e9s. Su buque insignia en este pa\u00eds desde hace 72 a\u00f1os (76 si se cuenta la colocaci\u00f3n de la primera piedra) tras trasladar aqu\u00ed su primer emplazamiento de Arija (1905-1953).<\/p>\n<p><a href=\"https:\/\/static-blogs.elcomercio.es\/wp-content\/uploads\/sites\/45\/2024\/04\/Sede-Saint-Gobain-Paris-1.jpg\"><img loading=\"lazy\" class=\"alignnone size-full wp-image-2481\" src=\"https:\/\/static-blogs.elcomercio.es\/wp-content\/uploads\/sites\/45\/2024\/04\/Sede-Saint-Gobain-Paris-1.jpg\" alt=\"\" width=\"5000\" height=\"3333\" srcset=\"https:\/\/static-blogs.elcomercio.es\/wp-content\/uploads\/sites\/45\/2024\/04\/Sede-Saint-Gobain-Paris-1.jpg 5000w, https:\/\/static-blogs.elcomercio.es\/wp-content\/uploads\/sites\/45\/2024\/04\/Sede-Saint-Gobain-Paris-1-300x200.jpg 300w, https:\/\/static-blogs.elcomercio.es\/wp-content\/uploads\/sites\/45\/2024\/04\/Sede-Saint-Gobain-Paris-1-768x512.jpg 768w, https:\/\/static-blogs.elcomercio.es\/wp-content\/uploads\/sites\/45\/2024\/04\/Sede-Saint-Gobain-Paris-1-1024x683.jpg 1024w\" sizes=\"(max-width: 5000px) 100vw, 5000px\" \/><\/a><\/p>\n<h5><span class=\"v-fc__text\">Sede central de la multinacional francesa Saint-Gobain en Par\u00eds.<\/span><strong>\u00a0<span class=\"v-fc__ath\">S. G.<\/span><\/strong><\/h5>\n<p>Avil\u00e9s figura para los libros de historia como la planta de vidrio m\u00e1s relevante de Europa en aspectos como el de la calidad y la eficiencia a la hora de hablar de su aportaci\u00f3n al sector del autom\u00f3vil, con una divisi\u00f3n que sac\u00f3 adelante los modelos m\u00e1s complejos tecnol\u00f3gicamente hablando sin ning\u00fan tipo de problema, ayudada por el extraordinario trabajo de investigaci\u00f3n e innovaci\u00f3n realizado en el CIDA (Centro de Investigaci\u00f3n de Avil\u00e9s), con t\u00e9cnicos e investigadores de alt\u00edsimo nivel. Nadie entendi\u00f3 el cierre del CIDA. Es posible que fuera el primer s\u00edntoma de un declive provocado \u00fanica y exclusivamente por decisiones empresariales hasta el d\u00eda de hoy.<\/p>\n<p>En todo caso, Sekurit Avil\u00e9s sigue manteniendo intactos la calidad que le da el oficio de sus trabajadores, los automatismos, los adelantos tecnol\u00f3gicos, el buen hacer de las auxiliares y la organizaci\u00f3n log\u00edstica, adem\u00e1s de un buen ambiente laboral, con una flexibilidad sin tacha por parte de la plantilla frente a una direcci\u00f3n que hasta se ha negado en los \u00faltimos tiempos a cumplir acuerdos firmados en convenio. Y todo eso es lo que se tira ahora por la borda. El cierre anunciado de forma abrupta va m\u00e1s all\u00e1 de una cuesti\u00f3n de resultados, y eso es lo que deber\u00eda explicar al detalle Saint-Gobain, empezando por su director general, Jos\u00e9 Antonio Piqueras, que en 2019 ya escribi\u00f3 en su cuenta de Facebook esta lindeza: \u00abViajando de Casablanca a Kenitra. Lo que es la vida, el futuro industrial de Espa\u00f1a est\u00e1 aqu\u00ed. M\u00e1s de uno deber\u00eda reflexionar\u00bb. Asombroso: el futuro industrial de Espa\u00f1a est\u00e1 en Marruecos. Muy en la l\u00ednea de quien se defin\u00eda a si mismo en la misma red social como \u00abespa\u00f1ol de derechas. Es decir, culto\u00bb.<\/p>\n<h3 style=\"font-weight: inherit\"><strong>Evoluci\u00f3n<\/strong><\/h3>\n<p>La capacidad de Sekurit Avil\u00e9s como una planta especializada al m\u00e1s alto nivel en parabrisas y techos solares queda avalada por los n\u00fameros. En el entorno del a\u00f1o 2000 salieron de sus instalaciones tres millones de parabrisas\/a\u00f1o, manteni\u00e9ndose durante mucho tiempo cerca de esas cifras. Y a partir de ah\u00ed, el declive. Estas son algunas claves para entenderlo.<\/p>\n<p><strong>Desviaciones<\/strong>. Poco a poco la producci\u00f3n de Sekurit Avil\u00e9s, especializada en los proyectos m\u00e1s complejos, fue disminuyendo en favor de otras plantas como la de Polonia. Algo que se fue incrementando, hasta el punto de bajar del mill\u00f3n de parabrisas al a\u00f1o, lo que hizo saltar todas las alarmas.<\/p>\n<p><strong>Marruecos<\/strong>. Saint-Gobain decidi\u00f3 &#8216;clonar&#8217; la planta de Sekurit de Avil\u00e9s en Marruecos, con una f\u00e1brica en Kenitra m\u00e1s moderna l\u00f3gicamente que fue montada por t\u00e9cnicos y hasta trabajadores de Avil\u00e9s. Se puso en marcha en 2012 (alguien se conforma con contar esta historia hablando solo de los dos \u00faltimos a\u00f1os). Los problemas de Marruecos, sobre todo de calidad, se solventaron desde Avil\u00e9s. Piqueras y los trabajadores saben de qu\u00e9 se est\u00e1 hablando.<\/p>\n<p><strong>Cierre<\/strong>. El cierre de la L\u00ednea 3 \u2013ahora solo quedan dos en funcionamiento\u2013 sum\u00f3 otro indicio sobre la falta de apuesta por la diversificaci\u00f3n y el futuro de la planta avilesina. En su d\u00eda se baraj\u00f3 la posibilidad de hacer una peque\u00f1a reforma, con una m\u00ednima inversi\u00f3n, que hubiese atendido al llamado Mercado 3, el de repuestos, con una capacidad para fabricar 1,5 millones de unidades. No se hizo y esa l\u00ednea se desmantel\u00f3. Otra oportunidad perdida para la diversificaci\u00f3n.<\/p>\n<p><strong>Recambios<\/strong>. \u00abNuestro futuro en Sekurit Espa\u00f1a pasa por especializarnos en la fabricaci\u00f3n de recambios de alto valor a\u00f1adido y conquistando dicho mercado desde la f\u00e1brica de Avil\u00e9s\u00bb. (Jos\u00e9 Antonio Piqueras, en declaraciones en exclusiva a LA VOZ DE AVIL\u00c9S-EL COMERCIO el 26 de junio de 2022). Hab\u00edan dicho lo mismo para la planta de Portugal y cerr\u00f3 en dos a\u00f1os. Se reproduce el modelo. Saint-Gobain desvela ahora que ya hab\u00eda trasladado buena parte de la producci\u00f3n de repuestos de Avil\u00e9s a Ruman\u00eda \u00a1\u00a1\u00a1en noviembre de 2023!!! Sin comentarios. \u00bfCu\u00e1ndo faltaron a la verdad, en junio de 2022 o esta misma semana?<\/p>\n<p><strong>Arb\u00f3s<\/strong>. La planta de Tarragona se ha especializado ahora en lunetas laterales y traseras. Est\u00e1n al cien por cien de producci\u00f3n. Parece que aqu\u00ed no influye la crisis del autom\u00f3vil. Una pregunta: si se est\u00e1n produciendo lunetas para coches, \u00bfqui\u00e9n se encarga de fabricar los parabrisas? \u00bfD\u00f3nde? \u00bfNos encontraremos en poco tiempo con el anuncio de la apertura de una l\u00ednea de parabrisas en Arb\u00f3s?<\/p>\n<p><strong>Resultados<\/strong>. El emplazamiento de Sekurit Avil\u00e9s acumula p\u00e9rdidas en los tres \u00faltimos a\u00f1os (de 3 y 9 millones, es lo conocido) en un tiempo de crisis mundial originada por la covid y pr\u00e1cticamente el cierre del sector del autom\u00f3vil. En 2022, Saint-Gobain alcanz\u00f3 un volumen de ventas de 51.197 millones de euros, con un resultado operativo de 5.337 millones (+18%), mientras que en las ventas en el Sur de Europa, en donde figura Espa\u00f1a, obtuvo un crecimiento del 12,6%. En 2023 se logra por tercer a\u00f1o consecutivo un r\u00e9cord en el margen operativo (+11%), mientras los accionistas han recibido en los tres \u00faltimos a\u00f1os 4.000 millones de euros. No parece que Avil\u00e9s sea un problema econ\u00f3mico.<\/p>\n<p><strong>Administraciones<\/strong>. \u00bfVa a desvelar Saint-Gobain si en alg\u00fan momento pidi\u00f3 ayudas a las administraciones central y regional abiertas a todas las empresas con motivo de la crisis de la covid? \u00bfSaint-Gobain se ha interesado por el PERTE del vidrio y por los fondos Next Generation que ha impulsado el Gobierno de Madrid y la UE para proyectos de inversi\u00f3n y de futuro de las empresas?<\/p>\n<p><strong>Construcci\u00f3n<\/strong>. La otra divisi\u00f3n de la f\u00e1brica de Avil\u00e9s es la de Vidrio Construcci\u00f3n, en este momento al cien por cien de su capacidad. Est\u00e1 pendiente de la renovaci\u00f3n de su horno float. Saint-Gobain ha anunciado una inversi\u00f3n de cinco millones de euros, lo que no deja de ser un \u00abparche\u00bb. Todo el mundo sabe que si se quiere apostar por el futuro de esta planta debe anunciarse la construcci\u00f3n de un horno nuevo. 30 millones m\u00ednimo. \u00bfEstamos ante un cierre definitivo como el de Sekurit planificado ya para un plazo no mayor de cinco a\u00f1os?<\/p>\n<p>Saint-Gobain es una empresa ejemplar, comprometida con la construcci\u00f3n europea. Por eso es dif\u00edcil asimilar que haya tomado la decisi\u00f3n de cerrar uno de sus referentes hist\u00f3ricos. No son 280 empleos. Es destruir su propia historia en una ciudad de la que forma parte indisoluble ya desde hace 76 a\u00f1os. Par\u00eds debe a esta ciudad una explicaci\u00f3n convincente sobre su huida.<\/p>\n<p>&nbsp;<\/p>\n<p><em>Publicado en La Voz de Avil\u00e9s-El Comercio el 14 de abril de 2024<\/em><\/p>\n<p>&nbsp;<\/p>\n<!-- AddThis Advanced Settings generic via filter on the_content --><!-- AddThis Share Buttons generic via filter on the_content -->","protected":false},"excerpt":{"rendered":"<p>La direcci\u00f3n de Par\u00eds debe explicar el cierre de Sekurit Avil\u00e9s, una de sus se\u00f1as de identidad en Europa desde hace 76 a\u00f1os \u00abHemos explicado (al comit\u00e9) que, desgraciadamente, se consolidan los problemas estructurales de los \u00faltimos a\u00f1os, que la actividad de fabricaci\u00f3n de parabrisas en Avil\u00e9s ha vuelto a ser deficitaria en 2023, y [&hellip;]<!-- AddThis Advanced Settings generic via filter on get_the_excerpt --><!-- AddThis Share Buttons generic via filter on get_the_excerpt --><\/p>\n","protected":false},"author":45,"featured_media":0,"comment_status":"open","ping_status":"closed","sticky":false,"template":"","format":"standard","meta":[],"categories":[1],"tags":[],"_links":{"self":[{"href":"https:\/\/blogs.elcomercio.es\/dame-buenas-noticias\/wp-json\/wp\/v2\/posts\/2480"}],"collection":[{"href":"https:\/\/blogs.elcomercio.es\/dame-buenas-noticias\/wp-json\/wp\/v2\/posts"}],"about":[{"href":"https:\/\/blogs.elcomercio.es\/dame-buenas-noticias\/wp-json\/wp\/v2\/types\/post"}],"author":[{"embeddable":true,"href":"https:\/\/blogs.elcomercio.es\/dame-buenas-noticias\/wp-json\/wp\/v2\/users\/45"}],"replies":[{"embeddable":true,"href":"https:\/\/blogs.elcomercio.es\/dame-buenas-noticias\/wp-json\/wp\/v2\/comments?post=2480"}],"version-history":[{"count":1,"href":"https:\/\/blogs.elcomercio.es\/dame-buenas-noticias\/wp-json\/wp\/v2\/posts\/2480\/revisions"}],"predecessor-version":[{"id":2482,"href":"https:\/\/blogs.elcomercio.es\/dame-buenas-noticias\/wp-json\/wp\/v2\/posts\/2480\/revisions\/2482"}],"wp:attachment":[{"href":"https:\/\/blogs.elcomercio.es\/dame-buenas-noticias\/wp-json\/wp\/v2\/media?parent=2480"}],"wp:term":[{"taxonomy":"category","embeddable":true,"href":"https:\/\/blogs.elcomercio.es\/dame-buenas-noticias\/wp-json\/wp\/v2\/categories?post=2480"},{"taxonomy":"post_tag","embeddable":true,"href":"https:\/\/blogs.elcomercio.es\/dame-buenas-noticias\/wp-json\/wp\/v2\/tags?post=2480"}],"curies":[{"name":"wp","href":"https:\/\/api.w.org\/{rel}","templated":true}]}}