{"id":2501,"date":"2024-05-12T13:32:38","date_gmt":"2024-05-12T11:32:38","guid":{"rendered":"https:\/\/blogs.elcomercio.es\/dame-buenas-noticias\/?p=2501"},"modified":"2024-05-13T13:41:59","modified_gmt":"2024-05-13T11:41:59","slug":"la-juventud-motor-de-cambio-en-el-mundo-rural","status":"publish","type":"post","link":"https:\/\/blogs.elcomercio.es\/dame-buenas-noticias\/2024\/05\/12\/la-juventud-motor-de-cambio-en-el-mundo-rural\/","title":{"rendered":"La juventud, motor de cambio en el mundo rural"},"content":{"rendered":"<p><a href=\"https:\/\/static-blogs.elcomercio.es\/wp-content\/uploads\/sites\/45\/2024\/05\/Vegadeo-j\u00f3venes-1.jpg\"><img loading=\"lazy\" class=\"alignnone size-full wp-image-2502\" src=\"https:\/\/static-blogs.elcomercio.es\/wp-content\/uploads\/sites\/45\/2024\/05\/Vegadeo-j\u00f3venes-1.jpg\" alt=\"\" width=\"1600\" height=\"1067\" srcset=\"https:\/\/static-blogs.elcomercio.es\/wp-content\/uploads\/sites\/45\/2024\/05\/Vegadeo-j\u00f3venes-1.jpg 1600w, https:\/\/static-blogs.elcomercio.es\/wp-content\/uploads\/sites\/45\/2024\/05\/Vegadeo-j\u00f3venes-1-300x200.jpg 300w, https:\/\/static-blogs.elcomercio.es\/wp-content\/uploads\/sites\/45\/2024\/05\/Vegadeo-j\u00f3venes-1-768x512.jpg 768w, https:\/\/static-blogs.elcomercio.es\/wp-content\/uploads\/sites\/45\/2024\/05\/Vegadeo-j\u00f3venes-1-1024x683.jpg 1024w\" sizes=\"(max-width: 1600px) 100vw, 1600px\" \/><\/a><\/p>\n<h5><span class=\"v-fc__t\">Foto de familia de los j\u00f3venes de los concejos del Occidente que presentaron sus propuestas y proyectos.<\/span>\u00a0<strong><span class=\"v-fc__p\">ALGAMA<\/span><\/strong><\/h5>\n<p>&nbsp;<\/p>\n<p><strong>Sextaferia Occidente. La Alianza de Fundaciones lleva a Vegadeo una profunda reflexi\u00f3n sobre salud, empleo y participaci\u00f3n, con el foco en los j\u00f3venes. AsturiasInnova+ particip\u00f3 de forma activa en las jornadas<\/strong><\/p>\n<p>&nbsp;<\/p>\n<p>La juventud se convirti\u00f3 en la gran protagonista de la Sextaferia Occidente que de nuevo organiz\u00f3 esta semana la Alianza de Fundaciones para el Desarrollo de los Territorios, que preside Teresa Estrada, en esta ocasi\u00f3n en Vegadeo, con un enriquecedor debate y reflexiones sobre las personas en el n\u00facleo del mundo rural, atendiendo a tres aspectos claves: salud, empleo y participaci\u00f3n. AsturiasInnova+ colabor\u00f3 de forma activa coordinando la jornada inaugural del mi\u00e9rcoles y las dos sesiones de la ma\u00f1ana del jueves.<\/p>\n<p>Tres d\u00edas para la innovaci\u00f3n social, bajo la impecable direcci\u00f3n t\u00e9cnica de Algama, que fueron abiertos por Marcos Ni\u00f1o Gayoso, director general de Reto Demogr\u00e1fico del Principado de Asturias, quien se refiri\u00f3 a los cambios que se han originado en el \u00e1mbito rural y que inciden en el empleo, citando entre otros los de las infraestructuras hoteleras o los de la salud, con la atenci\u00f3n a las personas \u2013el envejecimiento como oportunidad\u2013, potenciar que los docentes hagan sus pr\u00e1cticas en el mundo rural o el enfoque de la formaci\u00f3n profesional hacia el turismo activo. Paz Orviz, gerente de Cogersa, hizo una exposici\u00f3n sobre uno de los servicios p\u00fablicos ambientales m\u00e1s importantes, el que tiene que ver con la recogida y gesti\u00f3n de los residuos, acerc\u00e1ndolo al mundo rural en donde las dificultades &#8216;f\u00edsicas&#8217; son distintas a las de los n\u00facleos urbanos. Y finalmente, en esa primera jornada, C\u00e9sar \u00c1lvarez, el siempre animoso alcalde de Vegadeo, como anfitri\u00f3n de las jornadas, volvi\u00f3 a incidir en alguno de los problemas que son comunes en el mundo rural: la falta de vivienda p\u00fablica, las dificultades de los desarrollos de los planes generales o la atenci\u00f3n a los inmigrantes, un aspecto este clave en Vegadeo, en donde han tenido un crecimiento de poblaci\u00f3n de cien personas, con una mayor\u00eda de hondure\u00f1os.<\/p>\n<p>La segunda jornada, la de las \u00absoluciones\u00bb, empez\u00f3 con un an\u00e1lisis del empleo y nuevas oportunidades en el mundo rural, con una primera sesi\u00f3n en la que participaron Bego\u00f1a L\u00f3pez, directora del Servicio P\u00fablico de Empleo, Javier Cueli, director general de Planificaci\u00f3n de Formaci\u00f3n Profesional, y Azucena Rivas, de la Asociaci\u00f3n de Mujeres Campesinas. Y entre el p\u00fablico, un grupo de j\u00f3venes, casi todos estudiantes de formaci\u00f3n profesional, que demostraban as\u00ed su inter\u00e9s por conocer de primera mano los planes y programas que m\u00e1s pudieran interesarles en una zona, como la del Occidente, en donde las oportunidades de empleo futuro van desde el sector primario a la industria, la alimentaci\u00f3n o la atenci\u00f3n sanitaria.<\/p>\n<p>Los servicios sanitarios y cuidados de larga duraci\u00f3n ocuparon la segunda sesi\u00f3n, con Nerea Monroy, gerente del ERA, que explic\u00f3 los nuevos modelos de atenci\u00f3n que vienen, Juanjo Alonso, de BHD Consulting \u2013espectacular la presentaci\u00f3n de su plataforma de atenci\u00f3n a las personas basada en la inteligencia artificial\u2013 y de Esteban G\u00f3mez, presidente del Colegio de Enfermer\u00eda, que hizo una exhibici\u00f3n de su conocimiento sobre el sistema sanitario y el de cuidado a los mayores. La jornada se cerr\u00f3 por la tarde con una sesi\u00f3n sobre la colaboraci\u00f3n municipal como instrumento de desarrollo territorial, con una muy destacada participaci\u00f3n del alcalde de Castropol, Francisco Javier Vinjoy, y la catedr\u00e1tica Mar\u00eda Rosario Alonso, directora de la c\u00e1tedra Concepci\u00f3n Arenal de la Agenda 2030 de la Universidad de Oviedo, m\u00e1s el t\u00e9cnico de la Fundaci\u00f3n Asturiana de la Energ\u00eda Diego Lago.<\/p>\n<p>Y de nuevo los j\u00f3venes fueron los grandes protagonistas del cierre de esta Sextaferia. Pablo Priesca explic\u00f3 el proyecto de RuralTech en Pe\u00f3n, Cristina Moreno detall\u00f3 lo que se ha logrado con La Ben\u00e9fica de Pilo\u00f1a, Noelia Rodr\u00edguez lo hizo sobre el proyecto Rombo Joven, del Centro de Empleo, Emprendimiento y Econom\u00eda Social para la juventud de la Comarca Oscos-Eo, y Jorge P\u00e9rez expuso los datos de Espacio Tormaleo, de Ibias-Dega\u00f1a.<\/p>\n<p>Tras las intervenciones de Eva Pando, Caja Rural, y de Tania Pastur y Marta Rodr\u00edguez, de la Asociaci\u00f3n Cultural Le\u00f1a Verde de Vegadeo, lleg\u00f3 el turno para los j\u00f3venes de Coa\u00f1a, El Franco, Taramundi, Vald\u00e9s, San Tirso de Abres y Castropol, en una iniciativa de propuestas y proyectos alentada desde la Fundaci\u00f3n Cruz de los \u00c1ngeles, con Ruth Vallina como coordinadora. Fue el cierre espectacular de unas jornadas en las que los j\u00f3venes fueron los grandes protagonistas. Pura innovaci\u00f3n social.<\/p>\n<p>&nbsp;<\/p>\n<p><em>Publicado el 12 de mayo\u00a0 en el espacio de AsturiasInnova+ de\u00a0 El Comercio-La Voz de Avil\u00e9s<\/em><\/p>\n<p>&nbsp;<\/p>\n<!-- AddThis Advanced Settings generic via filter on the_content --><!-- AddThis Share Buttons generic via filter on the_content -->","protected":false},"excerpt":{"rendered":"<p>Foto de familia de los j\u00f3venes de los concejos del Occidente que presentaron sus propuestas y proyectos.\u00a0ALGAMA &nbsp; Sextaferia Occidente. La Alianza de Fundaciones lleva a Vegadeo una profunda reflexi\u00f3n sobre salud, empleo y participaci\u00f3n, con el foco en los j\u00f3venes. AsturiasInnova+ particip\u00f3 de forma activa en las jornadas &nbsp; La juventud se convirti\u00f3 en [&hellip;]<!-- AddThis Advanced Settings generic via filter on get_the_excerpt --><!-- AddThis Share Buttons generic via filter on get_the_excerpt --><\/p>\n","protected":false},"author":45,"featured_media":0,"comment_status":"open","ping_status":"closed","sticky":false,"template":"","format":"standard","meta":[],"categories":[1],"tags":[],"_links":{"self":[{"href":"https:\/\/blogs.elcomercio.es\/dame-buenas-noticias\/wp-json\/wp\/v2\/posts\/2501"}],"collection":[{"href":"https:\/\/blogs.elcomercio.es\/dame-buenas-noticias\/wp-json\/wp\/v2\/posts"}],"about":[{"href":"https:\/\/blogs.elcomercio.es\/dame-buenas-noticias\/wp-json\/wp\/v2\/types\/post"}],"author":[{"embeddable":true,"href":"https:\/\/blogs.elcomercio.es\/dame-buenas-noticias\/wp-json\/wp\/v2\/users\/45"}],"replies":[{"embeddable":true,"href":"https:\/\/blogs.elcomercio.es\/dame-buenas-noticias\/wp-json\/wp\/v2\/comments?post=2501"}],"version-history":[{"count":1,"href":"https:\/\/blogs.elcomercio.es\/dame-buenas-noticias\/wp-json\/wp\/v2\/posts\/2501\/revisions"}],"predecessor-version":[{"id":2503,"href":"https:\/\/blogs.elcomercio.es\/dame-buenas-noticias\/wp-json\/wp\/v2\/posts\/2501\/revisions\/2503"}],"wp:attachment":[{"href":"https:\/\/blogs.elcomercio.es\/dame-buenas-noticias\/wp-json\/wp\/v2\/media?parent=2501"}],"wp:term":[{"taxonomy":"category","embeddable":true,"href":"https:\/\/blogs.elcomercio.es\/dame-buenas-noticias\/wp-json\/wp\/v2\/categories?post=2501"},{"taxonomy":"post_tag","embeddable":true,"href":"https:\/\/blogs.elcomercio.es\/dame-buenas-noticias\/wp-json\/wp\/v2\/tags?post=2501"}],"curies":[{"name":"wp","href":"https:\/\/api.w.org\/{rel}","templated":true}]}}