{"id":2511,"date":"2024-05-19T17:33:48","date_gmt":"2024-05-19T15:33:48","guid":{"rendered":"https:\/\/blogs.elcomercio.es\/dame-buenas-noticias\/?p=2511"},"modified":"2024-05-20T17:51:22","modified_gmt":"2024-05-20T15:51:22","slug":"mensaje-a-paris","status":"publish","type":"post","link":"https:\/\/blogs.elcomercio.es\/dame-buenas-noticias\/2024\/05\/19\/mensaje-a-paris\/","title":{"rendered":"Mensaje a Par\u00eds"},"content":{"rendered":"<p><strong>El conflicto abierto en Sekurit Avil\u00e9s trasciende fronteras y el rechazo un\u00e1nime obtiene el apoyo en el Parlamento europeo<\/strong><\/p>\n<p>La manifestaci\u00f3n convocada por el comit\u00e9 de empresa de Sekurit, la divisi\u00f3n que Saint-Gobain quiere cerrar en Avil\u00e9s, cumpli\u00f3 con su principal objetivo: trasladar a Par\u00eds la imagen de una ciudad que sale a la calle para mostrar su rechazo a una medida que obedece exclusivamente a los intereses particulares del accionariado de una multinacional, obviando cuestiones para ella tan &#8216;irrelevantes&#8217; en este momento como su pertenencia a un territorio despu\u00e9s de setenta a\u00f1os, la cualificaci\u00f3n de su personal para haber conseguido ser uno de los centros de referencia mundiales (dicho por la propia Saint-Gobain) y el despreciar hasta su esfuerzo de a\u00f1os en inversiones para la modernizaci\u00f3n de instalaciones y posicionarse en el mercado como uno de los principales actores del mundo del autom\u00f3vil en Europa. La del jueves fue una aportaci\u00f3n m\u00e1s a la \u00fanica opci\u00f3n que queda ante la decisi\u00f3n de una multinacional: mostrar que su determinaci\u00f3n de irse solo consigue el rechazo total y absoluto de toda la sociedad, en este caso de Avil\u00e9s y de Asturias. Solo esa idea, la de retratar la falsedad de Saint-Gobain cuando presume \u2013como casi la totalidad de las multinacionales\u2013 de su responsabilidad social corporativa, es pr\u00e1cticamente la \u00fanica arma que queda para intentar dar marcha atr\u00e1s a una decisi\u00f3n que ya ha sido tomada lejos de aqu\u00ed, en Par\u00eds, sede del despacho en el que reside el poder de decisi\u00f3n de esta compa\u00f1\u00eda. Pretender algo diferente para poner en vereda a \u00e9sta y a todas las multinacionales es misi\u00f3n pr\u00e1cticamente imposible, solo al alcance de lo que se decida en Bruselas, ni siquiera en los gobiernos de cada pa\u00eds en solitario.<\/p>\n<p><a href=\"https:\/\/static-blogs.elcomercio.es\/wp-content\/uploads\/sites\/45\/2024\/05\/Manifestaci\u00f3n-para-blog.jpg\"><img loading=\"lazy\" class=\"alignnone size-full wp-image-2512\" src=\"https:\/\/static-blogs.elcomercio.es\/wp-content\/uploads\/sites\/45\/2024\/05\/Manifestaci\u00f3n-para-blog.jpg\" alt=\"\" width=\"1400\" height=\"865\" srcset=\"https:\/\/static-blogs.elcomercio.es\/wp-content\/uploads\/sites\/45\/2024\/05\/Manifestaci\u00f3n-para-blog.jpg 1400w, https:\/\/static-blogs.elcomercio.es\/wp-content\/uploads\/sites\/45\/2024\/05\/Manifestaci\u00f3n-para-blog-300x185.jpg 300w, https:\/\/static-blogs.elcomercio.es\/wp-content\/uploads\/sites\/45\/2024\/05\/Manifestaci\u00f3n-para-blog-768x475.jpg 768w, https:\/\/static-blogs.elcomercio.es\/wp-content\/uploads\/sites\/45\/2024\/05\/Manifestaci\u00f3n-para-blog-1024x633.jpg 1024w\" sizes=\"(max-width: 1400px) 100vw, 1400px\" \/><\/a><\/p>\n<h5><span class=\"v-fc__t\">La manifestaci\u00f3n contra el cierre de Sekurit del pasado jueves, a su paso por Francisco Orejas Sierra.<\/span>\u00a0<strong><span class=\"v-fc__p\">PALOMA UCHA<\/span><\/strong><\/h5>\n<p>En este ambiente pol\u00edtico que vivimos hoy a nivel mundial, y del que no es ajeno ni este pa\u00eds ni esta regi\u00f3n \u2013en donde cada vez est\u00e1 m\u00e1s en juego la salud de la propia democracia\u2013, merece la pena quedarse con el lado positivo, que tambi\u00e9n lo hay, cuando se puede observar qui\u00e9n esta por la labor de ayudar y qui\u00e9n por el aprovechamiento pol\u00edtico en un tiempo en el que parece que siempre estamos en campa\u00f1a electoral. Qui\u00e9n resuelve y qui\u00e9n estorba. Qui\u00e9n tiene algo que aportar y qui\u00e9n va a lo suyo. Siempre. Sirvan dos ejemplos en positivo.<\/p>\n<p>Luis \u00c1ngel Colunga, Comisionado especial para el PERTE de Descarbonizaci\u00f3n Industrial, desvel\u00f3 la \u00fanica realidad de Saint-Gobain: es la \u00fanica empresa del vidrio con presencia en Espa\u00f1a que no ha mostrado ning\u00fan inter\u00e9s por las ayudas puestas a su disposici\u00f3n por el Gobierno, v\u00eda fondos europeos. Y es la persona que, siempre en segundo plano, asesora y gu\u00eda a los responsables pol\u00edticos regionales y locales, y art\u00edfice de las entrevistas que tuvieron lugar el viernes en Madrid con el ministro de Industria y la secretaria de Estado de ese departamento.<\/p>\n<p>Por su parte, el eurodiputado socialista Jon\u00e1s Fern\u00e1ndez pas\u00f3 de las palabras a los hechos y en setenta y dos horas fue capaz de presentar una carta de denuncia sobre Saint-Gobain ante el comisario de Mercado Interior, Thyerry Breton, con el respaldo de otros cuarenta eurodiputados de Espa\u00f1a, Alemania, Francia, Pa\u00edses Bajos, Italia, Portugal, Austria, Dinamarca y Finlandia. Y otra carta similar de denuncia al CEO de la multinacional francesa, Benoit Bazin.<\/p>\n<p>Misi\u00f3n cumplida. La deslocalizaci\u00f3n de Saint-Gobain llega a Bruselas con la denuncia de nueves pa\u00edses, interviene el ministro de Industria de Espa\u00f1a, se traslada al Congreso, al Parlamento regional y al Ayuntamiento, se obtiene el respaldo de todos los alcaldes de la comarca y tres mil personas salen a la calle en Avil\u00e9s. Se gana el s\u00edmbolo de la imagen de desaprobaci\u00f3n que interesaba trasladar a Par\u00eds. Y a partir de ah\u00ed, salvo que la multinacional sopese muy en serio el coste que va a tener para su imagen su huida de Avil\u00e9s, va a ser dif\u00edcil que d\u00e9 su brazo a torcer. Lo peor no es que cierre Sekurit, sino que de este proceso no salga un compromiso claro de apostar por el emplazamiento de La Maruca, tanto en el futuro del Glass como en cualquier otra l\u00ednea de negocio que pudiera poner en marcha para paliar el destrozo que va a causar.<\/p>\n<p>Queda poco tiempo para el desenlace. Ser\u00e1 especialmente doloroso para los miembros de la plantilla de la compa\u00f1\u00eda, pero sobre todo habr\u00e1 que mirar para el centenar de trabajadores de las empresas auxiliares, que no van a tener detr\u00e1s el colch\u00f3n econ\u00f3mico del que s\u00ed van a disponer seguramente los de la multinacional.<\/p>\n<p><strong>Avil\u00e9s y la innovaci\u00f3n<\/strong><\/p>\n<p>EUROCADRES, interlocutor social europeo reconocido, del que forma parte UGT, y que agrupa a m\u00e1s de cinco millones de cuadros, profesionales y directivos de todos los sectores de la industria, de los servicios p\u00fablicos y privados y de las administraciones, celebr\u00f3 el jueves y el viernes en Avil\u00e9s una jornada dedicada a las \u00abCondiciones de trabajo de la investigaci\u00f3n\u00bb.<\/p>\n<p>Como director de AsturiasInnova+, el proyecto de divulgaci\u00f3n de la innovaci\u00f3n, la ciencia y la tecnolog\u00eda adscrito a EL COMERCIO-LA VOZ DE AVIL\u00c9S, se me invit\u00f3 a compartir una de las ponencias con Charles Martins de Abreu, responsable de I+D+i de ArcelorMittal en Espa\u00f1a, y con Irene D\u00edaz Rodr\u00edguez, catedr\u00e1tica de Ciencia de la Computaci\u00f3n e Inteligencia Artificial y Vicerrectora de Investigaci\u00f3n de la Universidad de Oviedo. Fue una buena oportunidad de hablar de las fortalezas de Asturias y sobre todo de Avil\u00e9s en el cada vez m\u00e1s importante mundo de la innovaci\u00f3n en nuestra regi\u00f3n y en nuestra ciudad, con un salto cualitativo extraordinario de la mano de la colaboraci\u00f3n p\u00fablico-privada \u2013el apoyo econ\u00f3mico de la Consejer\u00eda de Ciencia y la determinaci\u00f3n de las empresas por apostar por sus propios centros de I+D+i\u2013. Con todo, lo m\u00e1s importante de estas jornadas, m\u00e1s all\u00e1 de las conclusiones internas de la entidad organizadora, estuvo en la presencia de cuarenta responsables pertenecientes a Alemania, Francia, Pa\u00edses Bajos, Italia, Portugal, Espa\u00f1a, Austria, Dinamarca y Finlandia. Dos d\u00edas de promoci\u00f3n de Avil\u00e9s a nivel internacional, y adem\u00e1s hablando de I+D+i. Sin duda, un gran impulso para la ciudad, que en este caso hay que agradecerle a UGT.<\/p>\n<p><strong>Ausencias<\/strong><\/p>\n<p>En los \u00faltimos d\u00edas ha coincidido el fallecimiento de dos personas que pertenecen a ese universo de ciudadanos que con su profesionalidad, su trabajo y su carisma nos enriquecen a todos como sociedad y nos indican el camino del servicio a los dem\u00e1s.<\/p>\n<p>&#8216;Mundo&#8217; Gonz\u00e1lez Cuenco fue \u00abel monta\u00f1ero\u00bb de esta regi\u00f3n. Lo hizo todo por ese deporte y por su funci\u00f3n social desde el Grupo de Monta\u00f1a Ensidesa, el mayor club de Asturias, por su labor en m\u00faltiples facetas \u2013lo mismo sub\u00eda con Fran Lorente a la Majada de Espineres, Pilo\u00f1a, a ver caba\u00f1as que pudieran ser aprovechadas como refugios, que colaboraba en las instalaciones del camping de Lago de Sanabria\u2013, o escrib\u00eda libros sobre rutas monta\u00f1eras en las que plasmaba sus extraordinarias experiencias coronando cumbres cercanas y lejanas.<\/p>\n<p>En los mismos d\u00edas fallec\u00eda Manuel Gonz\u00e1lez Arnaldo, que desde su sastrer\u00eda de Piedras Blancas, dio en su d\u00eda una lecci\u00f3n de modernidad y de atenci\u00f3n al p\u00fablico como solo \u00e9l era capaz de desarrollar con cualquier persona que traspasara el umbral de su comercio. Fue Premio Ucayc a la Trayectoria Profesional en el a\u00f1o 2000.<\/p>\n<p>En suma, dos personas de las que hacen grande un territorio con su ejemplo, en este caso la comarca de Avil\u00e9s.<\/p>\n<p>&nbsp;<\/p>\n<p><em>Publicado en La Voz de Aviles-El Comercio el 19 de mayo de 2024<\/em><\/p>\n<!-- AddThis Advanced Settings generic via filter on the_content --><!-- AddThis Share Buttons generic via filter on the_content -->","protected":false},"excerpt":{"rendered":"<p>El conflicto abierto en Sekurit Avil\u00e9s trasciende fronteras y el rechazo un\u00e1nime obtiene el apoyo en el Parlamento europeo La manifestaci\u00f3n convocada por el comit\u00e9 de empresa de Sekurit, la divisi\u00f3n que Saint-Gobain quiere cerrar en Avil\u00e9s, cumpli\u00f3 con su principal objetivo: trasladar a Par\u00eds la imagen de una ciudad que sale a la calle [&hellip;]<!-- AddThis Advanced Settings generic via filter on get_the_excerpt --><!-- AddThis Share Buttons generic via filter on get_the_excerpt --><\/p>\n","protected":false},"author":45,"featured_media":0,"comment_status":"open","ping_status":"closed","sticky":false,"template":"","format":"standard","meta":[],"categories":[1],"tags":[],"_links":{"self":[{"href":"https:\/\/blogs.elcomercio.es\/dame-buenas-noticias\/wp-json\/wp\/v2\/posts\/2511"}],"collection":[{"href":"https:\/\/blogs.elcomercio.es\/dame-buenas-noticias\/wp-json\/wp\/v2\/posts"}],"about":[{"href":"https:\/\/blogs.elcomercio.es\/dame-buenas-noticias\/wp-json\/wp\/v2\/types\/post"}],"author":[{"embeddable":true,"href":"https:\/\/blogs.elcomercio.es\/dame-buenas-noticias\/wp-json\/wp\/v2\/users\/45"}],"replies":[{"embeddable":true,"href":"https:\/\/blogs.elcomercio.es\/dame-buenas-noticias\/wp-json\/wp\/v2\/comments?post=2511"}],"version-history":[{"count":3,"href":"https:\/\/blogs.elcomercio.es\/dame-buenas-noticias\/wp-json\/wp\/v2\/posts\/2511\/revisions"}],"predecessor-version":[{"id":2515,"href":"https:\/\/blogs.elcomercio.es\/dame-buenas-noticias\/wp-json\/wp\/v2\/posts\/2511\/revisions\/2515"}],"wp:attachment":[{"href":"https:\/\/blogs.elcomercio.es\/dame-buenas-noticias\/wp-json\/wp\/v2\/media?parent=2511"}],"wp:term":[{"taxonomy":"category","embeddable":true,"href":"https:\/\/blogs.elcomercio.es\/dame-buenas-noticias\/wp-json\/wp\/v2\/categories?post=2511"},{"taxonomy":"post_tag","embeddable":true,"href":"https:\/\/blogs.elcomercio.es\/dame-buenas-noticias\/wp-json\/wp\/v2\/tags?post=2511"}],"curies":[{"name":"wp","href":"https:\/\/api.w.org\/{rel}","templated":true}]}}