{"id":2796,"date":"2025-07-06T13:53:00","date_gmt":"2025-07-06T11:53:00","guid":{"rendered":"https:\/\/blogs.elcomercio.es\/dame-buenas-noticias\/?p=2796"},"modified":"2025-07-15T14:05:21","modified_gmt":"2025-07-15T12:05:21","slug":"datos-y-analisis","status":"publish","type":"post","link":"https:\/\/blogs.elcomercio.es\/dame-buenas-noticias\/2025\/07\/06\/datos-y-analisis\/","title":{"rendered":"Datos y an\u00e1lisis"},"content":{"rendered":"\n<p><strong>Saint-Gobain, Alcoa, el Plan de Industria de Euskadi y el proyecto fiscal de Trump invitan a la reflexi\u00f3n<\/strong><\/p>\n\n\n\n<p>Hay ocasiones en las que la opini\u00f3n fundamentada siempre en el rigor de los datos, como uno intenta seguir fielmente en esta p\u00e1gina precisamente para&nbsp;tratar de dar sentido a los argumentos, es mejor orillarla y dejar que cada uno saque sus propias conclusiones. Hoy es un buen d\u00eda para llevar a cabo ese ejercicio. Estos son los datos, usted ver\u00e1 lo que le sugieren. Vamos all\u00e1.<\/p>\n\n\n\n<p>Saint-Gobain acaba de presentar oficialmente la &#8216;Academia Saint-Gobain&#8217;, una iniciativa formativa dirigida a profesionales del \u00e1mbito de la construcci\u00f3n e industria y tiene como objetivo proporcionar una formaci\u00f3n t\u00e9cnica integral, estructurada y accesible desde una \u00fanica plataforma. La academia re\u00fane m\u00e1s de 50 cursos especializados que combinan formaci\u00f3n te\u00f3rica, pr\u00e1ctica y online. Como se sabe, la multinacional francesa cerr\u00f3 hace meses en Avil\u00e9s su planta de Sekurit y mantiene abierta la de Glass, para la que se reivindica un horno nuevo y a ser posible m\u00e1s inversiones en diversificaci\u00f3n de productos o negocios. La oferta de la nueva academia Saint-Gobain est\u00e1 disponible en 17 centros formativos distribuidos as\u00ed: Madrid, Barcelona, Zaragoza, Valencia, Sevilla, Coru\u00f1a, Murcia, Guadalajara, Vizcaya, Castell\u00f3n, Gran Canaria, Tenerife y Palma de Mallorca. Como se ve, Avil\u00e9s, Asturias, no aparece en el listado.<\/p>\n\n\n\n<p>La traum\u00e1tica marcha de Alcoa de Avil\u00e9s se explic\u00f3 en su d\u00eda, entre otras cosas, por el alto precio de la energ\u00eda el\u00e9ctrica en Espa\u00f1a y por la apuesta que la multinacional norteamericana hab\u00eda hecho con su entrada en la empresa Ma&#8217;aden, en Arabia Saud\u00ed, creada en 2009 con la Saudi Arabian Mining Company para explotar una mina de bauxita, una refiner\u00eda de al\u00famina y una fundici\u00f3n de aluminio. La noticia oficial de este martes pasado es que Alcoa acaba de vender su participaci\u00f3n del 25,1% de esa compa\u00f1\u00eda por el que recibe 1.146 millones de euros. En sus explicaciones, Alcoa solo habla del valor que se le da al accionista con esa operaci\u00f3n.<\/p>\n\n\n\n<p>En Mungia, en el simb\u00f3lico laboratorio el\u00e9ctrico del Grupo Arteche, empresa familiar creada en esa poblaci\u00f3n hace 77 a\u00f1os y hoy l\u00edder mundial en el sector el\u00e9ctrico, se present\u00f3 recientemente el Plan Industria Euskadi 2030. En un acto relevante presidido por el lehendakari, el plan fue presentado por el consejero de Industria, el de Hacienda y Finanzas y el de Ciencia, Universidades e Innovaci\u00f3n.<\/p>\n\n\n\n<p>Estos son los datos relevantes. Movilizaci\u00f3n de 15.900 millones de euros en esta legislatura (3.900 de inversi\u00f3n p\u00fablica, 12.000 privada). Alineado con los grandes ejes europeos de innovaci\u00f3n, descarbonizaci\u00f3n, autonom\u00eda estrat\u00e9gica y desburocratizaci\u00f3n (un 30% de rebaja en los plazos de aprobaci\u00f3n de nuevas inversiones), el documento cont\u00f3 con el visto bueno del vicepresidente ejecutivo de la Comisi\u00f3n Europea, St\u00e9phane S\u00e9journ\u00e9. El plan se inicia con veinte proyectos transformadores ya en marcha, diez bajo liderazgo p\u00fablico y los otros diez bajo el privado.<\/p>\n\n\n\n<p>Se priorizar\u00e1 la inversi\u00f3n en sectores que ya act\u00faan como tractores de la industria: componentes de automoci\u00f3n, energ\u00eda, fabricaci\u00f3n avanzada, metalurgia, movilidad sostenible; tambi\u00e9n en sectores tractores potenciales de futuro: aeroespacial, biosanitario, soluciones digitales avanzadas, redes inteligentes y almacenamiento, combustibles renovables; y adem\u00e1s, inversi\u00f3n en I+D+i, digitalizaci\u00f3n y nuevas infraestructuras energ\u00e9ticas, adopci\u00f3n de la inteligencia artificial.<\/p>\n\n\n\n<p>Como ya ha quedado demostrado, casi a diario, la influencia que para la econom\u00eda de los pa\u00edses de la UE, y con ella la de nuestros propios territorios tienen las decisiones tomadas por la Administraci\u00f3n Trump \u2013sin obviar el seguidismo de algunos partidos en Espa\u00f1a de esas pol\u00edticas\u2013, habr\u00e1 que apuntar unas m\u00ednimas pinceladas de la nueva ley presupuestaria que pas\u00f3 el filtro del Congreso. El resumen esta sacado del Washington Post.<\/p>\n\n\n\n<p>Para compensar el costo de 3,4 billones, la legislaci\u00f3n recorta alrededor de 1 bill\u00f3n de Medicaid, el programa gubernamental de seguro de salud para los pobres, junto con recortes adicionales a Medicare y la Ley de Cuidado de Salud a Bajo Precio. Los cambios republicanos a Medicaid, la ACA y otros programas provocar\u00e1n que al menos 17 millones de personas pierdan el seguro de salud. Tambi\u00e9n hace recortes dr\u00e1sticos al Programa de Asistencia Nutricional Suplementaria contra el hambre, anteriormente conocido como cupones de alimentos. El Congreso asign\u00f3 45.000 millones de d\u00f3lares para encerrar a los inmigrantes durante los pr\u00f3ximos cuatro a\u00f1os, m\u00e1s de lo que el gobierno gast\u00f3 en detenciones durante las administraciones de Obama, Biden y la primera de Trump combinadas. El proyecto de ley tambi\u00e9n incluye 46.500 millones de d\u00f3lares para construir el muro a lo largo de la frontera entre Estados Unidos y M\u00e9xico. El martes, Trump inaugur\u00f3 un nuevo centro de detenci\u00f3n de migrantes rodeado de un pantano en los Everglades, al que bautiz\u00f3 como \u00abAlcatraz de los Caimanes\u00bb. Cierre de la Agencia para el Desarrollo Internacional (USAID). La revista m\u00e9dica brit\u00e1nica Lancet public\u00f3 esta semana un estudio que estima que el cierre de USAID podr\u00eda provocar m\u00e1s de 14 millones de muertes adicionales a nivel mundial durante los pr\u00f3ximos cinco a\u00f1os. Esto podr\u00eda ser irrelevante para la administraci\u00f3n Trump, que considera a USAID una fuente de despilfarro y pol\u00edticas de izquierda. Y finalmente una serie de medidas fiscales que benefician sobre todo a las rentas m\u00e1s altas.<\/p>\n\n\n\n<p>Datos para la reflexi\u00f3n.<\/p>\n\n\n\n<p><\/p>\n\n\n\n<p>(En la imagen, la presentaci\u00f3n del Plan de Industria Euskadi 2030 celebrado en Mungia.<strong> EUS<\/strong>.)<\/p>\n\n\n\n<p><\/p>\n\n\n\n<p><em>Publicado en La Voz de Avil\u00e9s-El Comercio el 6 de julio de 2025<\/em><\/p>\n<!-- AddThis Advanced Settings generic via filter on the_content --><!-- AddThis Share Buttons generic via filter on the_content -->","protected":false},"excerpt":{"rendered":"<p>Saint-Gobain, Alcoa, el Plan de Industria de Euskadi y el proyecto fiscal de Trump invitan a la reflexi\u00f3n Hay ocasiones en las que la opini\u00f3n fundamentada siempre en el rigor de los datos, como uno intenta seguir fielmente en esta p\u00e1gina precisamente para&nbsp;tratar de dar sentido a los argumentos, es mejor orillarla y dejar que [&hellip;]<!-- AddThis Advanced Settings generic via filter on get_the_excerpt --><!-- AddThis Share Buttons generic via filter on get_the_excerpt --><\/p>\n","protected":false},"author":45,"featured_media":2798,"comment_status":"open","ping_status":"closed","sticky":false,"template":"","format":"standard","meta":[],"categories":[2],"tags":[],"_links":{"self":[{"href":"https:\/\/blogs.elcomercio.es\/dame-buenas-noticias\/wp-json\/wp\/v2\/posts\/2796"}],"collection":[{"href":"https:\/\/blogs.elcomercio.es\/dame-buenas-noticias\/wp-json\/wp\/v2\/posts"}],"about":[{"href":"https:\/\/blogs.elcomercio.es\/dame-buenas-noticias\/wp-json\/wp\/v2\/types\/post"}],"author":[{"embeddable":true,"href":"https:\/\/blogs.elcomercio.es\/dame-buenas-noticias\/wp-json\/wp\/v2\/users\/45"}],"replies":[{"embeddable":true,"href":"https:\/\/blogs.elcomercio.es\/dame-buenas-noticias\/wp-json\/wp\/v2\/comments?post=2796"}],"version-history":[{"count":4,"href":"https:\/\/blogs.elcomercio.es\/dame-buenas-noticias\/wp-json\/wp\/v2\/posts\/2796\/revisions"}],"predecessor-version":[{"id":2801,"href":"https:\/\/blogs.elcomercio.es\/dame-buenas-noticias\/wp-json\/wp\/v2\/posts\/2796\/revisions\/2801"}],"wp:featuredmedia":[{"embeddable":true,"href":"https:\/\/blogs.elcomercio.es\/dame-buenas-noticias\/wp-json\/wp\/v2\/media\/2798"}],"wp:attachment":[{"href":"https:\/\/blogs.elcomercio.es\/dame-buenas-noticias\/wp-json\/wp\/v2\/media?parent=2796"}],"wp:term":[{"taxonomy":"category","embeddable":true,"href":"https:\/\/blogs.elcomercio.es\/dame-buenas-noticias\/wp-json\/wp\/v2\/categories?post=2796"},{"taxonomy":"post_tag","embeddable":true,"href":"https:\/\/blogs.elcomercio.es\/dame-buenas-noticias\/wp-json\/wp\/v2\/tags?post=2796"}],"curies":[{"name":"wp","href":"https:\/\/api.w.org\/{rel}","templated":true}]}}