{"id":2802,"date":"2025-07-13T14:06:00","date_gmt":"2025-07-13T12:06:00","guid":{"rendered":"https:\/\/blogs.elcomercio.es\/dame-buenas-noticias\/?p=2802"},"modified":"2025-07-15T14:36:49","modified_gmt":"2025-07-15T12:36:49","slug":"ideas-claras","status":"publish","type":"post","link":"https:\/\/blogs.elcomercio.es\/dame-buenas-noticias\/2025\/07\/13\/ideas-claras\/","title":{"rendered":"Ideas claras"},"content":{"rendered":"\n<p><strong>Un encuentro empresarial en La Curtidora sirve para analizar los veintid\u00f3s a\u00f1os de un modelo de \u00e9xito como CTIC<\/strong><\/p>\n\n\n\n<p>Las oportunidades no pasan, las creas. Me parece un arranque perfecto para los datos de reflexi\u00f3n que esta p\u00e1gina se plantea cada siete d\u00edas, sobre\u00a0todo cuando se quiere poner de manifiesto el \u00e9xito de algunos proyectos y algunos planteamientos. CTIC, el Centro Tecnol\u00f3gico de la Informaci\u00f3n y la Comunicaci\u00f3n, protagoniz\u00f3 hace unos d\u00edas una jornada en La Curtidora para liderar un encuentro con cinco empresas en las que el talento y la innovaci\u00f3n son el denominador com\u00fan. AsturiasInnova+, el proyecto de divulgaci\u00f3n de la innovaci\u00f3n, la ciencia y la tecnolog\u00eda adscrito a EL COMERCIO-LA VOZ DE AVIL\u00c9S, que va ya por su sexto a\u00f1o de actividad, se encarg\u00f3 de moderar el coloquio en el que participaron de forma activa Pablo Coca, director general de CTIC, y Eva Casta\u00f1o, directora de Planificaci\u00f3n y Desarrollo Corporativo.<\/p>\n\n\n\n<p>La informaci\u00f3n de esta jornada fue ofrecida en las p\u00e1ginas de este peri\u00f3dico el pasado martes (p\u00e1ginas 30 y 31) y por lo tanto no es necesario volver sobre ello. CTIC, con sede oficial en Gij\u00f3n y con uno de sus centros de asesoramiento en La Curtidora, es un ejemplo de las cosas que se han hecho bien en el Principado desde el primer d\u00eda, hace ya veintid\u00f3s a\u00f1os. Fue el 5 de diciembre de 2003 cuando arranc\u00f3 oficialmente CTIC y el Cl\u00faster TIC. En la cita de La Curtidora coment\u00e9, a modo de an\u00e9cdota, que el gran art\u00edfice de esta historia de \u00e9xito tiene un nombre propio: Pablo Priesca Balb\u00edn, director general de CTIC desde su fundaci\u00f3n hasta 2023, a\u00f1o de su jubilaci\u00f3n. Y que en su d\u00eda le fue &#8216;robado&#8217; a Avil\u00e9s para llevarlo a Gij\u00f3n. Pablo Priesca ejerc\u00eda como director del Centro de Formaci\u00f3n de Nuevas Tecnolog\u00edas de Avil\u00e9s, perteneciente a los Fondos de Promoci\u00f3n de Empleo, ocupando un min\u00fasculo despacho en la calle de Jovellanos, en donde pronto hab\u00eda llamado la atenci\u00f3n su visi\u00f3n sobre el nuevo mundo tecnol\u00f3gico que asomaba a la puerta. Una llamada del entonces viceconsejero del Gobierno regional Luis Iturrioz, con el visto bueno del presidente Vicente \u00c1lvarez Areces, cambiaron su vida y dieron origen a la creaci\u00f3n de uno de los centros tecnol\u00f3gicos m\u00e1s importantes de este pa\u00eds, con una labor impresionante fuera de nuestras fronteras, sobre todo en Latinoam\u00e9rica. Conseguir que el W3C (World Wide Web Consortium), el organismo internacional que creaba los est\u00e1ndares tecnol\u00f3gicos para la web, decidiera que Asturias fuera la sede en Espa\u00f1a sigue constituyendo hoy un \u00e9xito de relieve mundial.<\/p>\n\n\n\n<p>Pablo Priesca, como hace siempre la gente inteligente, estudi\u00f3, visit\u00f3 centros de referencia dentro y fuera de Espa\u00f1a, dialog\u00f3 con las empresas fundadoras de la Fundaci\u00f3n CTIC, situ\u00f3 como presidente a un hombre clave, como Roberto Paraja, puso al frente a una persona con solvencia para dirigir la direcci\u00f3n administrativa y financiera y encontr\u00f3 a Marta Tamargo, hoy subdirectora general. Y a partir de ah\u00ed, naveg\u00f3 durante veinte a\u00f1os, sorteando dificultades y algunas incomprensiones, sobre todo del lado pol\u00edtico, dejando al final un centro tecnol\u00f3gico que colabora en el asesoramiento de m\u00e1s de mil empresas, suma entre sus \u00faltimos hitos todo lo relacionado con CTIC RuralTech, en el Valle de Pe\u00f3n, buscando soluciones a los problemas del medio rural a trav\u00e9s de la innovaci\u00f3n tecnol\u00f3gica \u2013Premio AsturiasInnova+ a la Innovaci\u00f3n Social el a\u00f1o pasado\u2013 y se ha metido ya de lleno en computaci\u00f3n cu\u00e1ntica e Inteligencia Artificial.<\/p>\n\n\n\n<p>A todo lo anterior, que es la base de los logros alcanzados, hay que a\u00f1adir una filosof\u00eda que se mantiene a d\u00eda de hoy y que resum\u00eda muy bien el propio Pablo Priesca a la hora del balance de gesti\u00f3n: \u00ab\u00c9ramos un centro que, adem\u00e1s de desarrollar tecnolog\u00eda, ten\u00eda capacidad de pensamiento estrat\u00e9gico para el desarrollo territorial. Se\u00f1a de identidad que nunca perdimos\u00bb. En esos veintid\u00f3s a\u00f1os de existencia, el equipo de CTIC ha demostrado no s\u00f3lo la excelencia en su desempe\u00f1o t\u00e9cnico, sino que sigue contribuyendo con una visi\u00f3n hol\u00edstica del Principado que a veces tanto se echa en falta en esta regi\u00f3n.<\/p>\n\n\n\n<h3>Visita embajador de China<\/h3>\n\n\n\n<p>Apunto lo que leo en los medios, empezando por \u00e9ste, que ha tenido una especial relevancia en los actos programados con motivo de la presencia en Asturias del embajador de China en Espa\u00f1a, Yao Jing, acompa\u00f1ado de una delegaci\u00f3n empresarial de su pa\u00eds. No tengo por lo tanto m\u00e1s que una aproximaci\u00f3n a lo que fue esta importante cita. La participaci\u00f3n en la visita de buena parte del Ejecutivo regional y sus distintas oficinas econ\u00f3micas y de atracci\u00f3n de inversiones, Sekuens, las C\u00e1maras de Comercio y los ayuntamientos de Gij\u00f3n y Langreo, me llevan a hacer una peque\u00f1a reflexi\u00f3n en voz alta, en vista de que nadie la ha alzado hasta ahora, ni en voz alta ni en baja.<\/p>\n\n\n\n<p>El embajador habl\u00f3 de la importancia de generar inversiones o acercamientos en materias como la industria verde, energ\u00edas, tecnolog\u00edas y log\u00edstica, turismo (Oviedo y Gij\u00f3n expresamente), Universidad&#8230;<\/p>\n\n\n\n<p>\u00bfY Avil\u00e9s? A mi modo de ver, cualquier visi\u00f3n global de Asturias que no contemple la realidad actual de Avil\u00e9s es ofrecer un enfoque distorsionado. En vista de los intereses se\u00f1alados por la delegaci\u00f3n china, se hace dif\u00edcil creer que se hayan ido de Asturias sin conocer que en Avil\u00e9s se asientan l\u00edderes mundiales en sectores de las energ\u00edas renovables como Windar, Idesa, Asturfeito y otras como Aleastur, Alus\u00edn, Gonvarri o Fertiberia; que el puerto de Avil\u00e9s es un referente internacional en el movimiento de grandes estructuras precisamente para las energ\u00edas renovables; que aqu\u00ed hay plantas de producci\u00f3n de multinacionales como ArcelorMittal, Asturiana de Zinc o Saint-Gobain; que en Bater\u00edas de Cok se tramita un parque empresarial verde \u00fanico en Asturias; que existe un Parque Tecnol\u00f3gico Isla de la Innovaci\u00f3n, con un centro de I+D+i de ArcelorMittal que es uno de los m\u00e1s destacados del mundo; que est\u00e1 Idonial, involucrado en decenas de proyectos nacionales e internacionales; que los centros de I+D+i de empresas privadas se elevan ya a diez; que el turismo existe en una ciudad y una comarca que est\u00e1 siendo la revelaci\u00f3n, aunque nunca figure en esos an\u00e1lisis que hacen las patronales asturianas, en donde directamente Avil\u00e9s no existe; que aqu\u00ed est\u00e1 el Centro Internacional \u00d3scar Niemeyer, \u00fanica obra del genial arquitecto brasile\u00f1o en Espa\u00f1a; que a lo mejor no por casualidad se han iniciado ya las obras del primer hotel de Cinco Estrellas Gran Lujo que va a existir en Asturias (y ya vaticino que su cocina obtendr\u00e1 m\u00e1s pronto que tarde una estrella Michel\u00edn de la mano del Pandora y de Alejandro Villa, apadrinado en su d\u00eda por LA VOZ DE AVIL\u00c9S, y galardonado esta misma semana con una de las Calderetas de don Calixto que entrega Yantar, el suplemento gastron\u00f3mico de este peri\u00f3dico); un hotel que se unir\u00e1 al otro cinco estrellas ya existente desde hace a\u00f1os&#8230;<\/p>\n\n\n\n<p>Mucho Avil\u00e9s para haber sido eliminado de esa agenda.<\/p>\n\n\n\n<h3>Universidad Nebrija<\/h3>\n\n\n\n<p>La Universidad Nebrija se estren\u00f3 en Avil\u00e9s con el primer curso de verano, sobre Coleccionismo y Arte Contempor\u00e1neo, que cont\u00f3 con la matriculaci\u00f3n de 63 personas. La opini\u00f3n de los participantes llegados de varios puntos del pa\u00eds no pudo ser mejor para alabar el nivel del curso y su organizaci\u00f3n en una ciudad que pudieron recorrer y disfrutar. La idea de los organizadores era la de hacer el curso en el Centro de Servicios Universitarios de la Universidad de Oviedo \u2013centro de La Ferrer\u00eda en el que el Ayuntamiento de Avil\u00e9s corre con todos los gastos\u2013. No pudo ser: estaba ocupado. De ah\u00ed su traslado al Palacio de Camposagrado.<\/p>\n\n\n\n<p>Sin duda, un buen arranque de la Nebrija en Avil\u00e9s ante la expectativa de ofrecer el grado de Enfermer\u00eda en la ciudad que es el primer y gran objetivo.<\/p>\n\n\n\n<p><\/p>\n\n\n\n<p>(En la imagen, de izquierda a derecha, Romualdo Castro (SATEC), Laura Garc\u00eda (Room2030), Lorena Turrado (Sialtr\u00f3nica); Manu Campa (Ayuntamiento Avil\u00e9s), Pablo Coca (CTIC), Jos\u00e9 Mar\u00eda Urbano (AsturiasInnova+), Yerai Fern\u00e1ndez (Windar), Daniel \u00c1lvarez (Girol Consulting), Eva Casta\u00f1o (CTIC), en La Curtidora.\u00a0<strong>PABLO NOSTI<\/strong>).<\/p>\n\n\n\n<p><em>Publicado en La Voz de Avil\u00e9s-El Comercio el 13 de julio de 2025<\/em><\/p>\n<!-- AddThis Advanced Settings generic via filter on the_content --><!-- AddThis Share Buttons generic via filter on the_content -->","protected":false},"excerpt":{"rendered":"<p>Un encuentro empresarial en La Curtidora sirve para analizar los veintid\u00f3s a\u00f1os de un modelo de \u00e9xito como CTIC Las oportunidades no pasan, las creas. Me parece un arranque perfecto para los datos de reflexi\u00f3n que esta p\u00e1gina se plantea cada siete d\u00edas, sobre\u00a0todo cuando se quiere poner de manifiesto el \u00e9xito de algunos proyectos [&hellip;]<!-- AddThis Advanced Settings generic via filter on get_the_excerpt --><!-- AddThis Share Buttons generic via filter on get_the_excerpt --><\/p>\n","protected":false},"author":45,"featured_media":2803,"comment_status":"open","ping_status":"closed","sticky":false,"template":"","format":"standard","meta":[],"categories":[2],"tags":[],"_links":{"self":[{"href":"https:\/\/blogs.elcomercio.es\/dame-buenas-noticias\/wp-json\/wp\/v2\/posts\/2802"}],"collection":[{"href":"https:\/\/blogs.elcomercio.es\/dame-buenas-noticias\/wp-json\/wp\/v2\/posts"}],"about":[{"href":"https:\/\/blogs.elcomercio.es\/dame-buenas-noticias\/wp-json\/wp\/v2\/types\/post"}],"author":[{"embeddable":true,"href":"https:\/\/blogs.elcomercio.es\/dame-buenas-noticias\/wp-json\/wp\/v2\/users\/45"}],"replies":[{"embeddable":true,"href":"https:\/\/blogs.elcomercio.es\/dame-buenas-noticias\/wp-json\/wp\/v2\/comments?post=2802"}],"version-history":[{"count":1,"href":"https:\/\/blogs.elcomercio.es\/dame-buenas-noticias\/wp-json\/wp\/v2\/posts\/2802\/revisions"}],"predecessor-version":[{"id":2804,"href":"https:\/\/blogs.elcomercio.es\/dame-buenas-noticias\/wp-json\/wp\/v2\/posts\/2802\/revisions\/2804"}],"wp:featuredmedia":[{"embeddable":true,"href":"https:\/\/blogs.elcomercio.es\/dame-buenas-noticias\/wp-json\/wp\/v2\/media\/2803"}],"wp:attachment":[{"href":"https:\/\/blogs.elcomercio.es\/dame-buenas-noticias\/wp-json\/wp\/v2\/media?parent=2802"}],"wp:term":[{"taxonomy":"category","embeddable":true,"href":"https:\/\/blogs.elcomercio.es\/dame-buenas-noticias\/wp-json\/wp\/v2\/categories?post=2802"},{"taxonomy":"post_tag","embeddable":true,"href":"https:\/\/blogs.elcomercio.es\/dame-buenas-noticias\/wp-json\/wp\/v2\/tags?post=2802"}],"curies":[{"name":"wp","href":"https:\/\/api.w.org\/{rel}","templated":true}]}}