{"id":2825,"date":"2025-08-03T16:05:00","date_gmt":"2025-08-03T14:05:00","guid":{"rendered":"https:\/\/blogs.elcomercio.es\/dame-buenas-noticias\/?p=2825"},"modified":"2025-08-06T16:07:40","modified_gmt":"2025-08-06T14:07:40","slug":"uno-calla-a-todos","status":"publish","type":"post","link":"https:\/\/blogs.elcomercio.es\/dame-buenas-noticias\/2025\/08\/03\/uno-calla-a-todos\/","title":{"rendered":"Uno calla a todos"},"content":{"rendered":"\n<p><strong>La suspensi\u00f3n de un concierto en El Quirinal por la denuncia de un vecino colisiona con el inter\u00e9s general<\/strong><\/p>\n\n\n\n<p>Lo que sigue a continuaci\u00f3n en este art\u00edculo se podr\u00eda decir que es un ejercicio de contenci\u00f3n, con el freno de mano echado. Aunque no&nbsp;sea f\u00e1cil en ocasiones como \u00e9sta. &#8216;Sabores de plaza en plaza&#8217; es una iniciativa de la concejal\u00eda de Comercio y Turismo del Ayuntamiento de Avil\u00e9s, de la que es responsable Raquel Ruiz. En esta novena edici\u00f3n se quiso hacer un giro importante, de forma que las casetas que se repart\u00edan por el casco hist\u00f3rico, en las que el sector hostelero ofrec\u00eda su oferta de bebida y tapas originales a precios econ\u00f3micos, se trasladaba este a\u00f1o a los barrios para ayudar a los negocios establecidos all\u00ed y al vecindario en general con un nuevo est\u00edmulo. En este caso, siete ubicaciones distintas: Villalegre, Versalles, Llaranes, La Carriona-Miranda, El Quirinal, Carbayedo y La Luz. Y como a\u00f1adido, conciertos de m\u00fasica de grupos locales \u2013otra promoci\u00f3n no menor\u2013, poco invasivos, y con horarios nada ofensivos: dos pases, 20.00 y 22.00 horas.<\/p>\n\n\n\n<p>Hasta el viernes noche, un \u00e9xito total, que promet\u00eda repetirse ayer s\u00e1bado, como pueden atestiguar vecinos y profesionales de la hosteler\u00eda de esos barrios. El primer d\u00eda, el jueves, fue un \u00e9xito en los barrios que iniciaron la programaci\u00f3n: La Luz, La Carriona y Miranda, muchos vecinos encantados de la propuesta y bares que incluso agotaron existencias.<\/p>\n\n\n\n<p>Pero hubo una excepci\u00f3n. El programa previsto en el barrio de El Quirinal, en el entorno del parque Mar\u00eda Zambrano \u2013un espacio con ocho negocios hosteleros cercanos\u2013 tuvo que suspenderse por la denuncia de un vecino que en cuanto vio la tarima que se estaba instalando el d\u00eda antes, present\u00f3 por registro una denuncia ante el Ayuntamiento y este opt\u00f3 por la suspensi\u00f3n, en vista de que los tribunales empiezan a amparar este tipo de denuncias, con multas que al final pagamos todos. Dicen que el denunciante de El Quirinal es un viejo conocido, por lo que la monumental indignaci\u00f3n que se vivi\u00f3 el jueves se convirti\u00f3 desgraciadamente en una r\u00e1pida resignaci\u00f3n por parte de todos los que hab\u00edamos acudido a disfrutar de la iniciativa.<\/p>\n\n\n\n<p>Y ahora vayamos a lo concreto. \u00bfPuede el derecho individual de una persona anular el derecho colectivo de muchas a disfrutar de la m\u00fasica, del encuentro, de la vida comunitaria? \u00bfHasta qu\u00e9 punto la voz de unos pocos puede condicionar la experiencia de muchos?<\/p>\n\n\n\n<p>En una ciudad de 75.000 habitantes, las costumbres y tradiciones, las fiestas populares, los conciertos, los mercados&#8230; no son meros eventos, son el latido cultural que mantiene viva a la comunidad. Cancelar un concierto es una p\u00e9rdida puntual, pero repetirlo o cambiar el escenario habitual de las fiestas porque unos pocos protestan podr\u00eda tener efectos duraderos: despersonalizar la ciudad, enfriar su car\u00e1cter.<\/p>\n\n\n\n<p>Es leg\u00edtimo que haya quejas: el descanso, la tranquilidad y el respeto son derechos reales. Pero tambi\u00e9n lo es la identidad colectiva, que se expresa \u2014y se refuerza\u2014 a trav\u00e9s de sus fiestas, sus espacios compartidos, sus actividades, todo ese conglomerado que va en beneficio de todos, y nada digamos del sector servicios, comercio y hosteler\u00eda. Y por supuesto, en la imagen y la promoci\u00f3n de la ciudad despu\u00e9s de que se nos llene la boca de proclamar que Avil\u00e9s es la gran desconocida, pero tambi\u00e9n la gran joya del Cant\u00e1brico que cada d\u00eda descubre m\u00e1s gente, de dentro y fuera de Asturias, pese a que publicitariamente siempre est\u00e1 en desventaja, incluso ya se encargan algunos internamente y en la comarca de ningunearla o simplemente denigrarla o silenciarla, como si no existiera, lo que evidencia sin duda alg\u00fan tipo de complejo.<\/p>\n\n\n\n<p>Entiendo que el Ayuntamiento, que esta misma semana ha sido condenado a indemnizar a un vecino con ocho mil euros por el ruido a deshora de una &#8216;madrugadora&#8217; barredora mec\u00e1nica, prefiera curarse en salud y renunciar ante las quejas vecinales. Ya lo ha hecho en Las Meanas, en donde una asociaci\u00f3n antirruidos (cuarenta, cincuenta, cien, doscientos miembros, o m\u00e1s&#8230;) ha conseguido que el mejor espacio festivo de la ciudad \u2013por aclamaci\u00f3n aplastante desde hace al menos sesenta a\u00f1os, que es a donde a uno le llega la memoria\u2013 se vea limitado a eventos puntuales. Tienen todo el derecho a la denuncia. Hasta el Tribunal Supremo ha confirmado recientemente que la inacci\u00f3n de los ayuntamientos ante denuncias por ruido puede constituir una vulneraci\u00f3n de derechos fundamentales, como el de la intimidad domiciliaria.<\/p>\n\n\n\n<p>Me queda una duda. Ruidos, sonidos excesivos, \u00abinvasi\u00f3n\u00bb indeseada en los portales, horarios m\u00e1s all\u00e1 de lo prudencial&#8230; Todo eso, \u00bfno se podr\u00eda haber solventado con herramientas que hubiesen evitado la confrontaci\u00f3n entre Ayuntamiento y vecinos, exponiendo soluciones y llegando a acuerdos? Ahora bien, si el acuerdo final es la suspensi\u00f3n de actividades, de forma parcial o total, \u00bfqui\u00e9n defiende los intereses de la colectividad, en este caso de una ciudad de 75.000 habitantes? \u00bfPuede una interpretaci\u00f3n estricta del derecho individual acabar debilitando el tejido social, cultural y de identidad de una ciudad entera?<\/p>\n\n\n\n<p>Finalmente, en este ejercicio de reflexi\u00f3n apuntado al principio, me pregunto d\u00f3nde est\u00e1 el sector de la hosteler\u00eda perjudicado por cuestiones como \u00e9sta. \u00bfVan a seguir, como suele ser la norma general, quej\u00e1ndose por todo, para luego aportar muy poco a esta ciudad, incluso aquellos negocios que se han visto favorecidos por obras p\u00fablicas millonarias que luego \u00abcompensan\u00bb a la sociedad cerrando s\u00e1bados por la tarde y domingos \u2013hasta en el d\u00eda grande de las fiestas de su barrio\u2013, dando una imagen lamentable?<\/p>\n\n\n\n<p>S\u00ed, freno de mano.<\/p>\n\n\n\n<p>(En la imagen, inicio del concierto del jueves en el barrio de La Luz, frente a la biblioteca.\u00a0<strong>E. C.<\/strong>).<\/p>\n\n\n\n<p><em>Publicado en La Voz de Avil\u00e9s-El Comercio el 3 de agosto de 2025<\/em><\/p>\n<!-- AddThis Advanced Settings generic via filter on the_content --><!-- AddThis Share Buttons generic via filter on the_content -->","protected":false},"excerpt":{"rendered":"<p>La suspensi\u00f3n de un concierto en El Quirinal por la denuncia de un vecino colisiona con el inter\u00e9s general Lo que sigue a continuaci\u00f3n en este art\u00edculo se podr\u00eda decir que es un ejercicio de contenci\u00f3n, con el freno de mano echado. Aunque no&nbsp;sea f\u00e1cil en ocasiones como \u00e9sta. &#8216;Sabores de plaza en plaza&#8217; es [&hellip;]<!-- AddThis Advanced Settings generic via filter on get_the_excerpt --><!-- AddThis Share Buttons generic via filter on get_the_excerpt --><\/p>\n","protected":false},"author":45,"featured_media":2828,"comment_status":"open","ping_status":"closed","sticky":false,"template":"","format":"standard","meta":[],"categories":[2],"tags":[],"_links":{"self":[{"href":"https:\/\/blogs.elcomercio.es\/dame-buenas-noticias\/wp-json\/wp\/v2\/posts\/2825"}],"collection":[{"href":"https:\/\/blogs.elcomercio.es\/dame-buenas-noticias\/wp-json\/wp\/v2\/posts"}],"about":[{"href":"https:\/\/blogs.elcomercio.es\/dame-buenas-noticias\/wp-json\/wp\/v2\/types\/post"}],"author":[{"embeddable":true,"href":"https:\/\/blogs.elcomercio.es\/dame-buenas-noticias\/wp-json\/wp\/v2\/users\/45"}],"replies":[{"embeddable":true,"href":"https:\/\/blogs.elcomercio.es\/dame-buenas-noticias\/wp-json\/wp\/v2\/comments?post=2825"}],"version-history":[{"count":2,"href":"https:\/\/blogs.elcomercio.es\/dame-buenas-noticias\/wp-json\/wp\/v2\/posts\/2825\/revisions"}],"predecessor-version":[{"id":2829,"href":"https:\/\/blogs.elcomercio.es\/dame-buenas-noticias\/wp-json\/wp\/v2\/posts\/2825\/revisions\/2829"}],"wp:featuredmedia":[{"embeddable":true,"href":"https:\/\/blogs.elcomercio.es\/dame-buenas-noticias\/wp-json\/wp\/v2\/media\/2828"}],"wp:attachment":[{"href":"https:\/\/blogs.elcomercio.es\/dame-buenas-noticias\/wp-json\/wp\/v2\/media?parent=2825"}],"wp:term":[{"taxonomy":"category","embeddable":true,"href":"https:\/\/blogs.elcomercio.es\/dame-buenas-noticias\/wp-json\/wp\/v2\/categories?post=2825"},{"taxonomy":"post_tag","embeddable":true,"href":"https:\/\/blogs.elcomercio.es\/dame-buenas-noticias\/wp-json\/wp\/v2\/tags?post=2825"}],"curies":[{"name":"wp","href":"https:\/\/api.w.org\/{rel}","templated":true}]}}