{"id":2831,"date":"2025-08-10T19:32:00","date_gmt":"2025-08-10T17:32:00","guid":{"rendered":"https:\/\/blogs.elcomercio.es\/dame-buenas-noticias\/?p=2831"},"modified":"2025-08-18T19:34:25","modified_gmt":"2025-08-18T17:34:25","slug":"el-valor-de-resistir","status":"publish","type":"post","link":"https:\/\/blogs.elcomercio.es\/dame-buenas-noticias\/2025\/08\/10\/el-valor-de-resistir\/","title":{"rendered":"El valor de resistir"},"content":{"rendered":"\n<p><strong>Los primeros pasos sobre el horno el\u00e9ctrico de ArcelorMittal en Avil\u00e9s van en la buena direcci\u00f3n para asegurar el futuro<\/strong><\/p>\n\n\n\n<p>Mientras se tambalean los cimientos del sistema geopol\u00edtico y econ\u00f3mico que reg\u00eda hasta ahora el orden mundial tras la llegada a la Casa Blanca de&nbsp;esa anomal\u00eda llamada Trump, no hay d\u00eda ni hora en la que no se intenten miles de an\u00e1lisis y proyecciones de futuro sobre la econom\u00eda y el mundo en general. La vuelta al proteccionismo m\u00e1s salvaje, la politizaci\u00f3n de las instituciones y la negaci\u00f3n de los efectos del cambio clim\u00e1ticos para el planeta, con lo que eso conlleva, nos sit\u00faa a todos ante un futuro en el que se hace casi imposible vaticinar por d\u00f3nde van a ir las cosas tan a corto plazo que las predicciones de hoy pueden saltar por los aires en el desayuno de ma\u00f1ana. Y por si fuera poco, se\u00f1alemos la constataci\u00f3n de la &#8216;rendici\u00f3n&#8217; de la Uni\u00f3n Europea frente al proteccionismo estadounidense, que podr\u00eda debilitar no solo su tejido econ\u00f3mico, sino tambi\u00e9n su identidad como bloque pol\u00edtico en cuanto cada pa\u00eds aplique ese \u00abs\u00e1lvese quien pueda\u00bb que acabe por llevarnos a una fragmentaci\u00f3n no solo pol\u00edtica, sino tambi\u00e9n econ\u00f3mica, social y cultural.<\/p>\n\n\n\n<p>En este mundo at\u00f3nito \u2013para qu\u00e9 hablar del genocidio en Gaza a ojos de todo el mundo sin que pase nada\u2013 se puede dar la paradoja de que mientras todos los pa\u00edses est\u00e1n temblando por los aranceles y otras medidas, las bolsas americanas y europeas baten r\u00e9cords, lo mismo que los beneficios empresariales y financieros. Algo que solo se explica por ese sedante colectivo que supone que de momento se mantenga el empleo, los precios sigan m\u00e1s o menos estables y no haya &#8216;da\u00f1os mayores&#8217; para las econom\u00edas dom\u00e9sticas m\u00e1s all\u00e1 de las conocidas.<\/p>\n\n\n\n<p>Con este panorama, llegaba esta semana la buena noticia para Asturias y para Avil\u00e9s de que ArcelorMittal ha presentado la solicitud para la modificaci\u00f3n de la autorizaci\u00f3n ambiental de la acer\u00eda LD III, con la vista puesta en un horno el\u00e9ctrico que incluso duplique la capacidad del que se construye ya en este momento en Gij\u00f3n. De esta forma, se conseguir\u00eda el gran objetivo de mantener la producci\u00f3n actual en Asturias, incluso super\u00e1ndola. En claro: asegurar el negocio.<\/p>\n\n\n\n<p>La presentaci\u00f3n de esa solicitud no supone, ni mucho menos, que la direcci\u00f3n de ArcelorMittal, sus propietarios, hayan aprobado ya el proyecto de ese nuevo horno el\u00e9ctrico en Avil\u00e9s. En su sede de Luxemburgo se sigue pensando que no se dan las condiciones en la Uni\u00f3n Europea para apostar por nuevas inversiones en vista de los problemas ya conocidos, siendo su apuesta la de poner los ojos en otros pa\u00edses econ\u00f3micamente m\u00e1s favorables, sobre todo en Am\u00e9rica Latina y Asia.<\/p>\n\n\n\n<p>A partir de esa idea general, algo s\u00ed est\u00e1 cambiando pese a la incertidumbre actual, lo que puede ir matizando poco a poco lo que en este momento parecen fuertes convicciones sobre la debilidad del negocio del acero europeo. Esa solicitud ambiental para un hipot\u00e9tico y futuro horno el\u00e9ctrico en Avil\u00e9s se sostiene en algunos detalles que merece la pena apuntar.<\/p>\n\n\n\n<p>El primero, que la direcci\u00f3n de ArcelorMittal en Espa\u00f1a est\u00e1 empujando fuerte para que ese proyecto del horno se lleve a cabo, algo en lo que coincide la representaci\u00f3n sindical aqu\u00ed y en Luxemburgo. En el caso de Asturias se sabe que existe en este momento un alineamiento total del Ministerio de Industria y Gobierno del Principado \u2013con el l\u00f3gico apoyo del Ayuntamiento de Avil\u00e9s\u2013 para acompa\u00f1ar a la direcci\u00f3n espa\u00f1ola de la multinacional en ese planteamiento. Primer logro: que la direcci\u00f3n de los Mittal hayan dado el visto bueno, posiblemente a rega\u00f1adientes, para que se haya presentado esa solicitud medioambiental y adem\u00e1s venga ya acompa\u00f1ada del proyecto futuro.<\/p>\n\n\n\n<p>Segundo, con unos aranceles disparados en el caso del acero y el aluminio (del 50 por ciento), habr\u00e1 que esperar las consecuencias del &#8216;no acuerdo&#8217; de pa\u00edses muy importantes para ArcelorMittal como son India y Brasil, condenados tambi\u00e9n por las decisiones de Trump y con pocas v\u00edas de soluci\u00f3n. Brasil le ha hecho frente abiertamente, India se lo piensa, aunque nadie deber\u00eda obviar que estamos hablando del pa\u00eds m\u00e1s poblado del mundo, con lo que eso puede suponer y como ya nos demostr\u00f3 en su d\u00eda China con su imparable desarrollo.<\/p>\n\n\n\n<p>Tercero. El planteamiento del proyecto de acero verde presentado en su d\u00eda por ArcelorMittal para Espa\u00f1a, en el que cobraba una especial relevancia la Acer\u00eda Compacta de Bizkaia (ACB), a la que se le otorgaba una producci\u00f3n de un mill\u00f3n de toneladas, con un techo de hasta 1,6 millones, y que perjudicaba al emplazamiento de Asturias, no parece que se pueda sostener. La capacidad real actual y futura de esa ACB parece estar lejos de poder cumplir ese objetivo por razones t\u00e9cnicas, de ah\u00ed que el horno el\u00e9ctrico de Avil\u00e9s empiece a cobrar m\u00e1s sentido.<\/p>\n\n\n\n<p>Cuarto. Los n\u00fameros de ArcelorMittal en Asturias son muy buenos, lo que juega a favor de los argumentos de la direcci\u00f3n y de las administraciones para que se apruebe el horno de Avil\u00e9s. Y algo deben saber de esto en Luxemburgo cuando el \u00fanico horno el\u00e9ctrico de los proyectados en Europa que est\u00e1 en construcci\u00f3n es el de Gij\u00f3n.<\/p>\n\n\n\n<p>Quinto. Proyectos como \u00e9ste cuentan con el apoyo de la UE. Y en alg\u00fan momento Europa tendr\u00e1 que plantarse para defender de una vez su soberan\u00eda pol\u00edtica e industrial.<\/p>\n\n\n\n<p>En tiempos de incertidumbre como los actuales no queda otra que conservar lo que tenemos, de lo que depende una gran actividad industrial y empleo, y a la vez seguir dando pasos y estar preparados para cuando el panorama empiece a cambiar. Lo del horno el\u00e9ctrico de Avil\u00e9s puede ser un ejemplo. Y de eso va la resistencia.<\/p>\n\n\n\n<p>(En la fotograf\u00eda, imagen de la acer\u00eda LD III de Avil\u00e9s en plena producci\u00f3n.\u00a0E. C.)<\/p>\n\n\n\n<p><em>Publicado en La Voz de Avil\u00e9s-El Comercio el 10 de agosto de 2025<\/em><\/p>\n<!-- AddThis Advanced Settings generic via filter on the_content --><!-- AddThis Share Buttons generic via filter on the_content -->","protected":false},"excerpt":{"rendered":"<p>Los primeros pasos sobre el horno el\u00e9ctrico de ArcelorMittal en Avil\u00e9s van en la buena direcci\u00f3n para asegurar el futuro Mientras se tambalean los cimientos del sistema geopol\u00edtico y econ\u00f3mico que reg\u00eda hasta ahora el orden mundial tras la llegada a la Casa Blanca de&nbsp;esa anomal\u00eda llamada Trump, no hay d\u00eda ni hora en la [&hellip;]<!-- AddThis Advanced Settings generic via filter on get_the_excerpt --><!-- AddThis Share Buttons generic via filter on get_the_excerpt --><\/p>\n","protected":false},"author":45,"featured_media":2833,"comment_status":"open","ping_status":"closed","sticky":false,"template":"","format":"standard","meta":[],"categories":[2],"tags":[],"_links":{"self":[{"href":"https:\/\/blogs.elcomercio.es\/dame-buenas-noticias\/wp-json\/wp\/v2\/posts\/2831"}],"collection":[{"href":"https:\/\/blogs.elcomercio.es\/dame-buenas-noticias\/wp-json\/wp\/v2\/posts"}],"about":[{"href":"https:\/\/blogs.elcomercio.es\/dame-buenas-noticias\/wp-json\/wp\/v2\/types\/post"}],"author":[{"embeddable":true,"href":"https:\/\/blogs.elcomercio.es\/dame-buenas-noticias\/wp-json\/wp\/v2\/users\/45"}],"replies":[{"embeddable":true,"href":"https:\/\/blogs.elcomercio.es\/dame-buenas-noticias\/wp-json\/wp\/v2\/comments?post=2831"}],"version-history":[{"count":1,"href":"https:\/\/blogs.elcomercio.es\/dame-buenas-noticias\/wp-json\/wp\/v2\/posts\/2831\/revisions"}],"predecessor-version":[{"id":2832,"href":"https:\/\/blogs.elcomercio.es\/dame-buenas-noticias\/wp-json\/wp\/v2\/posts\/2831\/revisions\/2832"}],"wp:featuredmedia":[{"embeddable":true,"href":"https:\/\/blogs.elcomercio.es\/dame-buenas-noticias\/wp-json\/wp\/v2\/media\/2833"}],"wp:attachment":[{"href":"https:\/\/blogs.elcomercio.es\/dame-buenas-noticias\/wp-json\/wp\/v2\/media?parent=2831"}],"wp:term":[{"taxonomy":"category","embeddable":true,"href":"https:\/\/blogs.elcomercio.es\/dame-buenas-noticias\/wp-json\/wp\/v2\/categories?post=2831"},{"taxonomy":"post_tag","embeddable":true,"href":"https:\/\/blogs.elcomercio.es\/dame-buenas-noticias\/wp-json\/wp\/v2\/tags?post=2831"}],"curies":[{"name":"wp","href":"https:\/\/api.w.org\/{rel}","templated":true}]}}