{"id":2834,"date":"2025-08-17T19:35:00","date_gmt":"2025-08-17T17:35:00","guid":{"rendered":"https:\/\/blogs.elcomercio.es\/dame-buenas-noticias\/?p=2834"},"modified":"2025-08-18T19:46:42","modified_gmt":"2025-08-18T17:46:42","slug":"derechos-humanos","status":"publish","type":"post","link":"https:\/\/blogs.elcomercio.es\/dame-buenas-noticias\/2025\/08\/17\/derechos-humanos\/","title":{"rendered":"Derechos humanos"},"content":{"rendered":"\n<p><strong>Avil\u00e9s pidi\u00f3 el final de la barbarie de Gaza en un momento en el que se quieren vestir los conflictos como ideol\u00f3gicos<\/strong><\/p>\n\n\n\n<p>Avil\u00e9s pidi\u00f3 el martes en la calle \u00abel final del conflicto entre Israel y Palestina\u00bb, en un acto en el que se trat\u00f3 de poner&nbsp;de manifiesto el horror que se est\u00e1 viviendo en Gaza, pero \u00absin herir algunas sensibilidades\u00bb, con el fin de que nadie tuviera la disculpa de recurrir al cl\u00e1sico &#8216;acto politizado&#8217; o fruto de determinadas ideolog\u00edas. Al final podremos recurrir a los circunloquios que queramos, pero los hechos no se van a borrar. Ante un atentado terrorista grav\u00edsimo protagonizado por Ham\u00e1s, matando a 1.400 personas, el Gobierno de Netanyahu ha originado ya m\u00e1s de sesenta mil muertos, entre ellos cientos de ni\u00f1os desnutridos, se ha asesinado a gente cuando estaba en las &#8216;colas del hambre&#8217;, se ha asesinado a periodistas y ha anunciado que no parar\u00e1 hasta que todos los palestinos est\u00e9n fuera de su territorio. Con &#8216;anomal\u00eda&#8217; Trump relami\u00e9ndose para montar all\u00ed un Mar-a-Lago 2. Y con la pasividad e impotencia mundial.<\/p>\n\n\n\n<p>Puedes hablar de econom\u00eda, de empresas, de proyectos, de fiestas, de cultura, de deporte, de cualquier cosa que m\u00e1s o menos va marcando los d\u00edas de un mes de agosto habitualmente m\u00e1s sosegado, m\u00e1s tranquilo, vacacional. Pero al final uno no puede inhibirse ante situaciones realmente importantes, en algunos casos muy graves, que nos afectan a todos. Los incendios que est\u00e1n asolando cientos de miles de hect\u00e1reas en nuestra propia regi\u00f3n y en otras que nos tocan tan cerca como Le\u00f3n, Zamora u Orense, con personas fallecidas o evacuadas, pueblos desalojados y enormes p\u00e9rdidas, nos tienen sobrecogidos a todos, pese al en\u00e9simo espect\u00e1culo pol\u00edtico al que ya estamos acostumbrados en este pa\u00eds. Los incendios, cada vez m\u00e1s devastadores en el sur de Europa, y las altas temperaturas que baten r\u00e9cords hasta en Asturias (42 grados en Mieres, 40 en Oviedo y Cangas del Narcea) nos confirman que la emergencia clim\u00e1tica requiere actuaciones r\u00e1pidas y contundentes, aunque alguno siga negando la realidad y diga que el cambio clim\u00e1tico responde a cuestiones ideol\u00f3gicas, en un ejercicio de vagos (la ignorancia se supera estudiando) que pretenden esconder as\u00ed lo que no dejan de ser evidencias cient\u00edficas.<\/p>\n\n\n\n<p>La ideolog\u00eda tambi\u00e9n se col\u00f3 de rond\u00f3n en otro asunto que nos toc\u00f3 de cerca. La llegada desde Canarias a Gij\u00f3n de diez adolescentes sujetos a protecci\u00f3n internacional y acogidos por ACCEM, organizaci\u00f3n colaboradora del Ministerio de Inclusi\u00f3n, Seguridad Social y Migraciones, provoc\u00f3 la inmediata reacci\u00f3n de la portavoz municipal gijonesa y diputada regional de Vox, Sara \u00c1lvarez Rouco, que vomit\u00f3 esto en redes sociales: \u00abLos primeros MENAS precisamente en Gij\u00f3n y en pleno agosto: lamentable regalo veraniego\u00bb.<\/p>\n\n\n\n<p>Para esta se\u00f1ora, los adolescentes acogidos, perseguidos en sus pa\u00edses de origen, son como los paquetes de Amazon, que los entregan en casa y tienen derecho de devoluci\u00f3n gratuita. Ya lo dijo ella tambi\u00e9n en la misma red: para casa con sus padres o sino que los acojan en sus casas los socialcomunistas (sic). Unas declaraciones que son mucho m\u00e1s insultantes pronunciadas en Asturias, la regi\u00f3n que vio c\u00f3mo la mitad de su poblaci\u00f3n tuvo que emigrar desde mediados del siglo XIX y principios del XX fundamentalmente a Cuba y a Sudam\u00e9rica, Por no hablar de la emigraci\u00f3n-inmigraci\u00f3n interior, que jam\u00e1s plante\u00f3 un problema, al contrario, nos enriqueci\u00f3 a todos.<\/p>\n\n\n\n<p>Como \u00e9ramos pocos, como en este pa\u00eds los asuntos de la inmigraci\u00f3n y los de la integraci\u00f3n del diferente, sirven para esa disputa pol\u00edtica impresentable de la que hablaba al principio, tuvo que salir el arzobispo de Oviedo, Jes\u00fas Sanz Montes, a atizar el fuego. De repente el prelado se suma a la tensi\u00f3n social de los \u00faltimos acontecimientos y suelta ese &#8216;moritos&#8217; que, aparte de ser una falta de respeto, constituye una forma de deshumanizar que abre la puerta a justificar la exclusi\u00f3n y la violencia. En un momento de tensi\u00f3n como el que vivimos, lo que se espera de un l\u00edder religioso es que asuma su responsabilidad de tender puentes, no de levantar muros en la sociedad. La iglesia que algunos conocimos predica precisamente la fraternidad universal, el perd\u00f3n y la acogida para entender e integrar al diferente.<\/p>\n\n\n\n<p>Y aqu\u00ed surge, en los tres casos, el del genocidio de Israel en Gaza, el de la concejala de Gij\u00f3n y el del arzobispo de Oviedo, el latiguillo de la ideolog\u00eda, que es una nueva f\u00f3rmula para quitarse de encima los problemas. \u00bfDesde cu\u00e1ndo defender los derechos humanos es ideolog\u00eda, desde cu\u00e1ndo hay derechos humanos para unos y no para otros? Aqu\u00ed no hay banderas ni religi\u00f3n, son principios universales que buscan defender la dignidad de las personas frente a cualquier abuso de poder o de situaci\u00f3n dram\u00e1tica.<\/p>\n\n\n\n<p>Y Avil\u00e9s, el martes, dio una sencilla lecci\u00f3n de que ante la barbarie y la desigualdad no caben t\u00e9rminos medios, simplemente porque la neutralidad en estos casos se convierte en complicidad.<\/p>\n\n\n\n<h3>Dos apuntes<\/h3>\n\n\n\n<p>M\u00e1s datos sobre el posible horno el\u00e9ctrico de ArcelorMittal en Avil\u00e9s del que se habl\u00f3 el domingo pasado en esta p\u00e1gina. En la relaci\u00f3n de datos a favor no figuraba la subestaci\u00f3n el\u00e9ctrica de Cardoso (Carre\u00f1o), llamada a atender esas necesidades de electrificaci\u00f3n de la multinacional sider\u00fargica. Y sobre la situaci\u00f3n de la Acer\u00eda Compacta de Bizkaia, que podr\u00eda incidir sobre manera en el enclave de Avil\u00e9s, habr\u00e1 que ver la configuraci\u00f3n final de lo que se llam\u00f3 en su d\u00eda el proyecto verde de la compa\u00f1\u00eda. De momento en Euskadi hay optimismo respecto a la producci\u00f3n actual y la futura, desde las 800.000 toneladas a 1,6 millones de toneladas de bobina laminada. Toca esperar.<\/p>\n\n\n\n<p>(En la fotograf\u00eda, imagen del acto celebrado el martes en la plaza de \u00c1lvarez Acebal sobre Gaza.\u00a0<strong>JUAN CARLOS ROM\u00c1N.<\/strong>)<\/p>\n\n\n\n<p><em>Publicado en La Voz de Avil\u00e9s-El Comercio el 17 de agosto de 2025<\/em><\/p>\n<!-- AddThis Advanced Settings generic via filter on the_content --><!-- AddThis Share Buttons generic via filter on the_content -->","protected":false},"excerpt":{"rendered":"<p>Avil\u00e9s pidi\u00f3 el final de la barbarie de Gaza en un momento en el que se quieren vestir los conflictos como ideol\u00f3gicos Avil\u00e9s pidi\u00f3 el martes en la calle \u00abel final del conflicto entre Israel y Palestina\u00bb, en un acto en el que se trat\u00f3 de poner&nbsp;de manifiesto el horror que se est\u00e1 viviendo en [&hellip;]<!-- AddThis Advanced Settings generic via filter on get_the_excerpt --><!-- AddThis Share Buttons generic via filter on get_the_excerpt --><\/p>\n","protected":false},"author":45,"featured_media":2835,"comment_status":"open","ping_status":"closed","sticky":false,"template":"","format":"standard","meta":[],"categories":[2],"tags":[],"_links":{"self":[{"href":"https:\/\/blogs.elcomercio.es\/dame-buenas-noticias\/wp-json\/wp\/v2\/posts\/2834"}],"collection":[{"href":"https:\/\/blogs.elcomercio.es\/dame-buenas-noticias\/wp-json\/wp\/v2\/posts"}],"about":[{"href":"https:\/\/blogs.elcomercio.es\/dame-buenas-noticias\/wp-json\/wp\/v2\/types\/post"}],"author":[{"embeddable":true,"href":"https:\/\/blogs.elcomercio.es\/dame-buenas-noticias\/wp-json\/wp\/v2\/users\/45"}],"replies":[{"embeddable":true,"href":"https:\/\/blogs.elcomercio.es\/dame-buenas-noticias\/wp-json\/wp\/v2\/comments?post=2834"}],"version-history":[{"count":1,"href":"https:\/\/blogs.elcomercio.es\/dame-buenas-noticias\/wp-json\/wp\/v2\/posts\/2834\/revisions"}],"predecessor-version":[{"id":2836,"href":"https:\/\/blogs.elcomercio.es\/dame-buenas-noticias\/wp-json\/wp\/v2\/posts\/2834\/revisions\/2836"}],"wp:featuredmedia":[{"embeddable":true,"href":"https:\/\/blogs.elcomercio.es\/dame-buenas-noticias\/wp-json\/wp\/v2\/media\/2835"}],"wp:attachment":[{"href":"https:\/\/blogs.elcomercio.es\/dame-buenas-noticias\/wp-json\/wp\/v2\/media?parent=2834"}],"wp:term":[{"taxonomy":"category","embeddable":true,"href":"https:\/\/blogs.elcomercio.es\/dame-buenas-noticias\/wp-json\/wp\/v2\/categories?post=2834"},{"taxonomy":"post_tag","embeddable":true,"href":"https:\/\/blogs.elcomercio.es\/dame-buenas-noticias\/wp-json\/wp\/v2\/tags?post=2834"}],"curies":[{"name":"wp","href":"https:\/\/api.w.org\/{rel}","templated":true}]}}