{"id":2837,"date":"2025-08-24T18:48:00","date_gmt":"2025-08-24T16:48:00","guid":{"rendered":"https:\/\/blogs.elcomercio.es\/dame-buenas-noticias\/?p=2837"},"modified":"2025-08-24T18:54:47","modified_gmt":"2025-08-24T16:54:47","slug":"incendios-y-salud","status":"publish","type":"post","link":"https:\/\/blogs.elcomercio.es\/dame-buenas-noticias\/2025\/08\/24\/incendios-y-salud\/","title":{"rendered":"Incendios y salud"},"content":{"rendered":"\n<p><strong>M\u00e1s de 20 millones de toneladas de CO2 a causa del fuego nos recuerdan la hist\u00f3rica lucha medioambiental de Avil\u00e9s<\/strong><\/p>\n\n\n\n<p>Hac\u00eda veinticinco a\u00f1os que no se registraban en Espa\u00f1a tal cantidad de emisiones de CO2 a la atm\u00f3sfera como consecuencia de los incendios forestales: m\u00e1s&nbsp;de veinte millones de toneladas desde el mes de enero de este a\u00f1o. A punto ya de devastar cuatrocientas mil hect\u00e1reas de terreno \u2013dejando al margen el n\u00famero de fallecidos, desalojados y pueblos arrasados\u2013, los incendios de los \u00faltimos quince d\u00edas en nuestro pa\u00eds, con Asturias y el Noroeste como grandes damnificados, dejan otra secuela no menos importante, que tiene que ver con la salud de las personas.<\/p>\n\n\n\n<p>El volumen de emisiones de carbono acumulado desde el mes de enero hasta agosto se ha elevado a esos veinte millones de toneladas, cuando el a\u00f1o pasado, en las mismas fechas, hab\u00eda sido de 2,5 millones. En una regi\u00f3n como Asturias, y m\u00e1s en concreto en una ciudad y una comarca como Avil\u00e9s, se conoce bien el impacto que tienen esas emisiones de CO2 en forma de part\u00edculas en el aire, las famosas PM2.5 que popularizaron durante a\u00f1os con sus denuncias casi diarias el Colectivo Ecologista y responsables como Fructuoso Pontigo Concha, &#8216;Fruti&#8217;, que, todo hay que decirlo, llevaron en ocasiones los datos de Avil\u00e9s hasta la exageraci\u00f3n, algo reconocido por ellos mismos. Pero que fueron claves para crear una conciencia medioambiental en la sociedad que fue calando hasta el d\u00eda de hoy. <\/p>\n\n\n\n<p>Entre el 10 y el 19 de agosto, en las zonas afectadas por los incendios, sobre todo las del Noroeste, se contabilizaron 50 microgramos de esas part\u00edculas por metro c\u00fabico de aire, muy por encima de los par\u00e1metros marcados por la Organizaci\u00f3n Mundial de la Salud (OMS), que las fijan en 5 microgramos por metro c\u00fabico de aire.<\/p>\n\n\n\n<p>Los datos, tanto de las hect\u00e1reas devastadas por los incendios como de la concentraci\u00f3n de CO2, los acaba de hacer oficiales el servicio europeo de datos clim\u00e1ticos Copernicus, el programa de observaci\u00f3n de la tierra de la Uni\u00f3n Europea, que coordina y gestiona la Comisi\u00f3n Europea y en cuya ejecuci\u00f3n colaboran los estados miembros, la Agencia Espacial Europea (ESA), la Organizaci\u00f3n Europea para la Explotaci\u00f3n de Sat\u00e9lites Meteorol\u00f3gicos (Eumetsat), el Centro Europeo de Previsiones Meteorol\u00f3gicas a Medio Plazo, las agencias de la UE y la empresa Mercator Oc\u00e9an. (No, aqu\u00ed no hay bendodos, ni &#8216;expertos&#8217; en facebook y X, ni negacionistas voxianos).<\/p>\n\n\n\n<p>Sin obviar que una parte muy importante de esos incendios han sido provocados, en algunos casos por intereses econ\u00f3micos, National Geographic recuerda que la World Wildlife Fund (WWF) insiste en que aunque en las \u00faltimas d\u00e9cadas el n\u00famero de siniestros se ha reducido gracias a una mayor conciencia social sobre su impacto econ\u00f3mico y ecol\u00f3gico, su intensidad ha aumentado de forma alarmante. La comunidad cient\u00edfica ya habla de incendios de sexta generaci\u00f3n o megaincendios, caracterizados por su capacidad de propagarse, potenciada por factores como el cambio clim\u00e1tico.<\/p>\n\n\n\n<p>El desastre de los incendios, medido tambi\u00e9n en su influencia en la salud de las personas, viene ahora a irrumpir, que no a detener \u2013salvo en\u00e9simo invento de Trump y rendici\u00f3n de la UE\u2013, las pol\u00edticas de descarbonizaci\u00f3n que se est\u00e1n llevando a cabo en Asturias. En 2023, \u00faltimo a\u00f1o con datos totales, las ocho grandes industrias asturianas sujetas al R\u00e9gimen de Comercio de Derechos de Emisi\u00f3n emitieron 10 millones de toneladas equivalentes de CO2, lo que supuso una reducci\u00f3n del 57 % respecto a 2005. Avil\u00e9s vuelve a ser protagonista en este caso, ya que de esa cantidad, un 43 % correspondi\u00f3 a emisiones de procesos productivos intensivos en carbono, dif\u00edciles de descarbonizar, como son el acero, el vidrio, el coque o los fertilizantes. En el caso de ArcelorMittal, tomado siempre como referente en nuestra regi\u00f3n, hay que significar que en 2024 logr\u00f3 reducir sus emisiones de gases de efecto invernadero en un 10 por ciento, para hacerlo en un 35 por ciento con la inversi\u00f3n actual del horno el\u00e9ctrico de Gij\u00f3n Y si finalmente se consiguiera el DRI, las emisiones bajar\u00edan un 50 por ciento.<\/p>\n\n\n\n<p>Avil\u00e9s, que sigue siendo la gran ciudad-comarca industrial pese a las crisis y a los cierres, no ha sido nunca ajena a los problemas de salud generados por la contaminaci\u00f3n, en tiempos en los que hab\u00eda una menor sensibilidad medioambiental y en los que siempre se pon\u00eda en el fiel de la balanza la continuidad de las empresas y la creaci\u00f3n de empleo y riqueza.<\/p>\n\n\n\n<p>En todo caso, hoy, cuando se nos dan a conocer los alarmantes datos de los incendios y su relaci\u00f3n con la salud, es un buen d\u00eda para poner de manifiesto el enorme sacrificio que hizo esta ciudad durante a\u00f1os para soportar en solitario y con escasa solidaridad regional la contaminaci\u00f3n generada por una industria que en su d\u00eda fue el motor econ\u00f3mico del Principado de Asturias, l\u00e9ase Ensidesa. Y tambi\u00e9n Asturiana de Zinc, Endasa-Inespal, Cristaler\u00eda Espa\u00f1ola o Enfersa. Y la apuesta desde la primera Corporaci\u00f3n democr\u00e1tica de Avil\u00e9s presidida por Manuel Ponga Santamarta para plantear e iniciar los extraordinarios proyectos que supusieron la limpieza de la r\u00eda, el saneamiento integral de la ciudad y actuaciones como la del cintur\u00f3n medioambiental de Valliniello, la zona m\u00e1s castigada por la contaminaci\u00f3n industrial en aquel tiempo. Hablamos de 1986.<\/p>\n\n\n\n<p>La calidad del aire no figura hoy entre las preocupaciones de los avilesinos, debido en parte al cierre de algunas instalaciones que en su d\u00eda eran un foco de contaminaci\u00f3n. Pero no est\u00e1 de m\u00e1s hacer un recordatorio de la larga traves\u00eda que hizo esta ciudad para alumbrar la realidad de hoy, admirable por tantas cosas.<\/p>\n\n\n\n<p>(En la imagen. un avi\u00f3n sobrevuela una zona ardiendo en Dega\u00f1a.\u00a0<strong>EP<\/strong>)<\/p>\n\n\n\n<p><em>Publicado en La Voz de Avil\u00e9s-El Comercio el 24 de agosto de 2025<\/em><\/p>\n<!-- AddThis Advanced Settings generic via filter on the_content --><!-- AddThis Share Buttons generic via filter on the_content -->","protected":false},"excerpt":{"rendered":"<p>M\u00e1s de 20 millones de toneladas de CO2 a causa del fuego nos recuerdan la hist\u00f3rica lucha medioambiental de Avil\u00e9s Hac\u00eda veinticinco a\u00f1os que no se registraban en Espa\u00f1a tal cantidad de emisiones de CO2 a la atm\u00f3sfera como consecuencia de los incendios forestales: m\u00e1s&nbsp;de veinte millones de toneladas desde el mes de enero de [&hellip;]<!-- AddThis Advanced Settings generic via filter on get_the_excerpt --><!-- AddThis Share Buttons generic via filter on get_the_excerpt --><\/p>\n","protected":false},"author":45,"featured_media":2839,"comment_status":"open","ping_status":"closed","sticky":false,"template":"","format":"standard","meta":[],"categories":[2],"tags":[],"_links":{"self":[{"href":"https:\/\/blogs.elcomercio.es\/dame-buenas-noticias\/wp-json\/wp\/v2\/posts\/2837"}],"collection":[{"href":"https:\/\/blogs.elcomercio.es\/dame-buenas-noticias\/wp-json\/wp\/v2\/posts"}],"about":[{"href":"https:\/\/blogs.elcomercio.es\/dame-buenas-noticias\/wp-json\/wp\/v2\/types\/post"}],"author":[{"embeddable":true,"href":"https:\/\/blogs.elcomercio.es\/dame-buenas-noticias\/wp-json\/wp\/v2\/users\/45"}],"replies":[{"embeddable":true,"href":"https:\/\/blogs.elcomercio.es\/dame-buenas-noticias\/wp-json\/wp\/v2\/comments?post=2837"}],"version-history":[{"count":2,"href":"https:\/\/blogs.elcomercio.es\/dame-buenas-noticias\/wp-json\/wp\/v2\/posts\/2837\/revisions"}],"predecessor-version":[{"id":2840,"href":"https:\/\/blogs.elcomercio.es\/dame-buenas-noticias\/wp-json\/wp\/v2\/posts\/2837\/revisions\/2840"}],"wp:featuredmedia":[{"embeddable":true,"href":"https:\/\/blogs.elcomercio.es\/dame-buenas-noticias\/wp-json\/wp\/v2\/media\/2839"}],"wp:attachment":[{"href":"https:\/\/blogs.elcomercio.es\/dame-buenas-noticias\/wp-json\/wp\/v2\/media?parent=2837"}],"wp:term":[{"taxonomy":"category","embeddable":true,"href":"https:\/\/blogs.elcomercio.es\/dame-buenas-noticias\/wp-json\/wp\/v2\/categories?post=2837"},{"taxonomy":"post_tag","embeddable":true,"href":"https:\/\/blogs.elcomercio.es\/dame-buenas-noticias\/wp-json\/wp\/v2\/tags?post=2837"}],"curies":[{"name":"wp","href":"https:\/\/api.w.org\/{rel}","templated":true}]}}