{"id":2842,"date":"2025-08-31T18:28:00","date_gmt":"2025-08-31T16:28:00","guid":{"rendered":"https:\/\/blogs.elcomercio.es\/dame-buenas-noticias\/?p=2842"},"modified":"2025-09-03T18:32:54","modified_gmt":"2025-09-03T16:32:54","slug":"aviles-no-quiere-parar","status":"publish","type":"post","link":"https:\/\/blogs.elcomercio.es\/dame-buenas-noticias\/2025\/08\/31\/aviles-no-quiere-parar\/","title":{"rendered":"Avil\u00e9s no quiere parar"},"content":{"rendered":"\n<p><strong>Tras un verano lleno de vida en la calle, la ciudad apuesta por un modelo cultural y festivo que se prolongue todo el a\u00f1o<\/strong><\/p>\n\n\n\n<p>Avil\u00e9s ha vivido estos meses de julio y sobre todo agosto como hac\u00eda tiempo que no se recordaba, posiblemente como nunca: calles llenas, hoteles completos,&nbsp;restaurantes batiendo r\u00e9cords, fiesta y cultura en cada rinc\u00f3n. Y lo mejor es que no ha sido casualidad. Y encima ha hecho un tiempo espl\u00e9ndido. Desde julio, la ciudad ha desplegado una oferta cultural, festiva, gastron\u00f3mica y tur\u00edstica que pocas localidades de su tama\u00f1o \u2014y con su presupuesto\u2014 pueden igualar. Y lo que es m\u00e1s importante: lo ha hecho con vocaci\u00f3n de continuidad, mirando ya hacia septiembre y octubre.<\/p>\n\n\n\n<p>Los datos objetivos m\u00e1s aproximados nos los da la constataci\u00f3n diaria del lleno total en las calles, el 100% de ocupaci\u00f3n hotelera en muchos casos durante los 31 d\u00edas de agosto, las colas en restaurantes, terrazas saturadas y la necesidad de reservar con antelaci\u00f3n. Todo ello en un entorno amable, seguro y c\u00f3modo, con un casco hist\u00f3rico que invita al paseo y a la admiraci\u00f3n. Un ambiente solo ensombrecido por el tr\u00e1gico asesinato de Noelia Gonz\u00e1lez en La Folleca, un hecho aislado que, aunque tremendamente doloroso e impactante, no representa la realidad de convivencia y seguridad que vive la ciudad.<\/p>\n\n\n\n<p>Con un presupuesto que no puede compararse ni de lejos al de ciudades cercanas de mayor tama\u00f1o, Avil\u00e9s ha logrado sacar el verano a las calles, con una programaci\u00f3n que ha atendido a todos los p\u00fablicos y que ha convertido la ciudad en un polo de atracci\u00f3n tur\u00edstica y cultural.<\/p>\n\n\n\n<p>Este es el resumen de lo que se ha realizado y lo que se prev\u00e9 en los dos pr\u00f3ximos meses. Son datos, no impresiones.<\/p>\n\n\n\n<p><strong>Cultura y espect\u00e1culos<\/strong><\/p>\n\n\n\n<p>\u00b7 Escuela de Verano de la Academia de Artes Esc\u00e9nicas, con Mar\u00eda Pag\u00e9s.<\/p>\n\n\n\n<p>\u00b7 Curso de la Universidad de Nebrija sobre Arte y Coleccionismo, con 63 alumnos de toda Espa\u00f1a.<\/p>\n\n\n\n<p>\u00b7 Celsius 232, referencia mundial con Brandon Sanderson como gran atracci\u00f3n internacional.<\/p>\n\n\n\n<p>\u00b7 Festival de Arte en la calle.<\/p>\n\n\n\n<p>\u00b7 Barroco a escena, de Rodrigo Arribas.<\/p>\n\n\n\n<p>\u00b7 La Carroza del Teatro Real, en Plaza Espa\u00f1a.<\/p>\n\n\n\n<p>\u00b7 II Festival Internacional de M\u00fasica de C\u00e1mara.<\/p>\n\n\n\n<p>\u00b7 Colecci\u00f3n privada de artistas asturianos de P\u00e9rez Sim\u00f3n, en la Casa de la Cultura.<\/p>\n\n\n\n<p>\u00b7 Chirino, en el Niemeyer.<\/p>\n\n\n\n<p><strong>M\u00fasica y festivales<\/strong><\/p>\n\n\n\n<p>\u00b7 Toquinho en el Niemeyer, d\u00edas despu\u00e9s de clausurar el Festival Internacional de Jazz de Vitoria de este a\u00f1o.<\/p>\n\n\n\n<p>\u00b7 Factor\u00eda Sound Summer.<\/p>\n\n\n\n<p>\u00b7 La Grapa Black Music Festival.<\/p>\n\n\n\n<p>\u00b7 La Mar de Ruido.<\/p>\n\n\n\n<p>\u00b7 Festival Interc\u00e9ltico de Avil\u00e9s y Comarca.<\/p>\n\n\n\n<p>\u00b7 Festival Folcl\u00f3rico Internacional.<\/p>\n\n\n\n<p><strong>Conciertos populares<\/strong><\/p>\n\n\n\n<p>\u00b7 Huecco, Carlos Baute, Par\u00eds de Noia, Tekila, entre otros.<\/p>\n\n\n\n<p>\u00b7 Sones na Cai, grupos folcl\u00f3ricos de Avil\u00e9s.<\/p>\n\n\n\n<p><strong>Gastronom\u00eda y ocio<\/strong><\/p>\n\n\n\n<p>\u00b7 Sabores de plaza en plaza, gastronom\u00eda y m\u00fasica en ocho barrios.<\/p>\n\n\n\n<p>\u00b7 Festival de la Cerveza.<\/p>\n\n\n\n<p>\u00b7 Gastron\u00e1utica en la R\u00eda.<\/p>\n\n\n\n<p><strong>Turismo y vida local<\/strong><\/p>\n\n\n\n<p>\u00b7 Tren tur\u00edstico por la ciudad.<\/p>\n\n\n\n<p>\u00b7 Viajes en la R\u00eda-Portus.<\/p>\n\n\n\n<p>\u00b7 Visitas guiadas a la Cofrad\u00eda de Pescadores.<\/p>\n\n\n\n<p>\u00b7 Mercado medieval.<\/p>\n\n\n\n<p>\u00b7 Certamen de ganados de San Agust\u00edn.<\/p>\n\n\n\n<p>\u00b7 Noches de cine en la Plaza.<\/p>\n\n\n\n<p>\u00b7 Ofrenda a San Agust\u00edn, Cofrad\u00eda de El Bollo en San Nicol\u00e1s.<\/p>\n\n\n\n<p>\u00b7 Fuegos artificiales.<\/p>\n\n\n\n<p>\u00b7 Fiestas en barrios: La Luz, Miranda (Arrozada), Sabugo, Llaranes\u2026<\/p>\n\n\n\n<p><strong>Actividades deportivas<\/strong><\/p>\n\n\n\n<p>\u00b7 Rallye de Avil\u00e9s.<\/p>\n\n\n\n<p>\u00b7 Apple Bowl de tenis.<\/p>\n\n\n\n<p>\u00b7 3&#215;3 baloncesto en el Centro Niemeyer.<\/p>\n\n\n\n<p>\u00b7 Salida de la etapa del d\u00eda 6 de septiembre de la Vuelta a Espa\u00f1a de ciclismo.<\/p>\n\n\n\n<p>\u00b7 Tiro con arco, ajedrez en la calle&#8230;<\/p>\n\n\n\n<p>Y m\u00e1s. Porque ma\u00f1ana se inicia septiembre con la Semana de la Tapa, edici\u00f3n n\u00famero veinte; m\u00e1s fiestas como la de Versalles; dos conciertos de Melendi, con entradas agotadas; cinco pases en el Niemeyer con localidades agotadas en pocos d\u00edas para la obra &#8216;Escenas de la vida conyugal&#8217;, con Ricardo Dar\u00edn y Andrea Petra; EscenAvil\u00e9s, con seis estrenos nacionales y la \u00fanica representaci\u00f3n en Asturias de &#8216;1936&#8217;, uno de los grandes acontecimientos teatrales de nuestro pa\u00eds, y de nuevo en Avil\u00e9s los nombres de Juan Mayorga, Jos\u00e9 Sacrist\u00e1n, Mar\u00eda Galiana o Javier Guti\u00e9rrez, entre otros. Y el c\u00f3mic. Treinta a\u00f1os de las Jornadas del C\u00f3mic como otra referencia internacional.<\/p>\n\n\n\n<p>La opini\u00f3n sobre la calidad de un grupo musical o de una obra de teatro siempre ser\u00e1 subjetiva. Pero lo que no admite interpretaci\u00f3n es el relato concreto de lo que ha sucedido en Avil\u00e9s durante julio y agosto, y lo que est\u00e1 por venir en septiembre y octubre. Claves para entender una pol\u00edtica cultural y festiva que no solo atiende al ciudadano local y al visitante, sino que apunta al gran objetivo de toda ciudad moderna: desestacionalizar el turismo.<\/p>\n\n\n\n<p>En un tiempo en el que opinar es f\u00e1cil \u2014y muchas veces se hace desde el desconocimiento o la inercia del \u00abtodo lo nuestro est\u00e1 mal\u00bb\u2014, la \u00fanica alternativa seria es poner los datos sobre la mesa. A partir de ah\u00ed, se podr\u00e1 hablar de gustos, de fallos \u2013que los ha habido y los habr\u00e1\u2013, de mejoras. Pero lo que queda claro es que el planteamiento hecho en Avil\u00e9s para el verano, con vocaci\u00f3n de extenderse al a\u00f1o entero, va por el buen camino. Los datos de julio y agosto as\u00ed lo han refrendado.<\/p>\n\n\n\n<p>(En la imagen, un detalle de los fuegos artificiales en la v\u00edspera de San Agust\u00edn.\u00a0<strong>MARIO<\/strong> <strong>ROJAS<\/strong>).<\/p>\n\n\n\n<p><em>Publicado en La Voz de Avil\u00e9s-El Comercio el 31 de agosto de 2025<\/em><\/p>\n<!-- AddThis Advanced Settings generic via filter on the_content --><!-- AddThis Share Buttons generic via filter on the_content -->","protected":false},"excerpt":{"rendered":"<p>Tras un verano lleno de vida en la calle, la ciudad apuesta por un modelo cultural y festivo que se prolongue todo el a\u00f1o Avil\u00e9s ha vivido estos meses de julio y sobre todo agosto como hac\u00eda tiempo que no se recordaba, posiblemente como nunca: calles llenas, hoteles completos,&nbsp;restaurantes batiendo r\u00e9cords, fiesta y cultura en [&hellip;]<!-- AddThis Advanced Settings generic via filter on get_the_excerpt --><!-- AddThis Share Buttons generic via filter on get_the_excerpt --><\/p>\n","protected":false},"author":45,"featured_media":2844,"comment_status":"open","ping_status":"closed","sticky":false,"template":"","format":"standard","meta":[],"categories":[2],"tags":[],"_links":{"self":[{"href":"https:\/\/blogs.elcomercio.es\/dame-buenas-noticias\/wp-json\/wp\/v2\/posts\/2842"}],"collection":[{"href":"https:\/\/blogs.elcomercio.es\/dame-buenas-noticias\/wp-json\/wp\/v2\/posts"}],"about":[{"href":"https:\/\/blogs.elcomercio.es\/dame-buenas-noticias\/wp-json\/wp\/v2\/types\/post"}],"author":[{"embeddable":true,"href":"https:\/\/blogs.elcomercio.es\/dame-buenas-noticias\/wp-json\/wp\/v2\/users\/45"}],"replies":[{"embeddable":true,"href":"https:\/\/blogs.elcomercio.es\/dame-buenas-noticias\/wp-json\/wp\/v2\/comments?post=2842"}],"version-history":[{"count":1,"href":"https:\/\/blogs.elcomercio.es\/dame-buenas-noticias\/wp-json\/wp\/v2\/posts\/2842\/revisions"}],"predecessor-version":[{"id":2843,"href":"https:\/\/blogs.elcomercio.es\/dame-buenas-noticias\/wp-json\/wp\/v2\/posts\/2842\/revisions\/2843"}],"wp:featuredmedia":[{"embeddable":true,"href":"https:\/\/blogs.elcomercio.es\/dame-buenas-noticias\/wp-json\/wp\/v2\/media\/2844"}],"wp:attachment":[{"href":"https:\/\/blogs.elcomercio.es\/dame-buenas-noticias\/wp-json\/wp\/v2\/media?parent=2842"}],"wp:term":[{"taxonomy":"category","embeddable":true,"href":"https:\/\/blogs.elcomercio.es\/dame-buenas-noticias\/wp-json\/wp\/v2\/categories?post=2842"},{"taxonomy":"post_tag","embeddable":true,"href":"https:\/\/blogs.elcomercio.es\/dame-buenas-noticias\/wp-json\/wp\/v2\/tags?post=2842"}],"curies":[{"name":"wp","href":"https:\/\/api.w.org\/{rel}","templated":true}]}}