{"id":2861,"date":"2025-10-05T17:19:00","date_gmt":"2025-10-05T15:19:00","guid":{"rendered":"https:\/\/blogs.elcomercio.es\/dame-buenas-noticias\/?p=2861"},"modified":"2025-10-08T17:22:26","modified_gmt":"2025-10-08T15:22:26","slug":"integracion-sin-carne","status":"publish","type":"post","link":"https:\/\/blogs.elcomercio.es\/dame-buenas-noticias\/2025\/10\/05\/integracion-sin-carne\/","title":{"rendered":"Integraci\u00f3n sin carn\u00e9"},"content":{"rendered":"\n<p><strong>Hace 60 a\u00f1os naci\u00f3 el Club Juvenil de La Luz, un modelo de convivencia que hoy interpela a quienes levantan fronteras<\/strong><\/p>\n\n\n\n<p>Esta es una historia mod\u00e9lica de integraci\u00f3n que debe estallar en los despachos en donde alguno sugiere un &#8216;carn\u00e9 por puntos&#8217; para clasificar a los&nbsp;seres humanos: blancos, si es posible, y que hablen &#8216;nuestro&#8217; idioma. Frente a &#8216;los otros&#8217;: negros, aceitunados, magreb\u00edes&#8230;, aunque sean ellos quienes sostienen con su trabajo la prosperidad de regiones enteras.<\/p>\n\n\n\n<p>Dentro de unos d\u00edas se celebrar\u00e1 el sesenta aniversario de la apertura del Club Juvenil de La Luz, un espacio f\u00edsico en los n\u00fameros 16 y 18 de la calle N\u00fa\u00f1ez de Balboa, que dio cobijo a 2.500 j\u00f3venes a los que se ofreci\u00f3 una actividad cultural, recreativa y social. Hablamos de 1965. El barrio es clave para que Avil\u00e9s alcance entonces la poblaci\u00f3n m\u00e1s joven de Europa por kil\u00f3metro cuadrado. \u00bfAlguien seguir\u00e1 dudando de por qu\u00e9 Avil\u00e9s merec\u00eda contar con un campus universitario?<\/p>\n\n\n\n<p>Momento de plena ebullici\u00f3n en la configuraci\u00f3n de un proyecto nacido al calor de Ensidesa, un barrio obrero formado por familias llegadas desde todos los puntos del pa\u00eds y desde muchas localidades asturianas: 12.500 habitantes. El inicio de una nueva vida para familias que aqu\u00ed encontraron trabajo y que basaron en la solidaridad un ejemplo de convivencia. D\u00edas en los que las calles se llenaban de camiones y furgonetas en las que llegaban los muebles y los enseres de cada n\u00facleo familiar a los que cantidad de cr\u00edos ayudaban desinteresadamente a subir hasta aquellos pisos sin ascensor.<\/p>\n\n\n\n<p>Y en ese ambiente de convivencia, donde se mezclaban acentos, costumbres y esperanzas, es donde nace el Club Juvenil de La Luz. Un lugar de encuentro en donde los hijos de aquellos obreros y t\u00e9cnicos pod\u00edan compartir cultura, deporte, recreo y valores. Hablamos de una generaci\u00f3n entera que aprendi\u00f3 a convivir, respetarse y crecer juntos. Muchos fueron los primeros universitarios de sus familias, sobre todo de la Espa\u00f1a interior. Otros accedieron a la hoy a\u00f1orada Escuela de Aprendices, de la que salieron excelentes t\u00e9cnicos y tambi\u00e9n peritos e ingenieros que brillaron dentro y fuera de la empresa sider\u00fargica.<\/p>\n\n\n\n<p>El club naci\u00f3 gracias al impulso de la Obra Social de Ensidesa, y a la figura imprescindible de Fran Lorente, el responsable de aquel conglomerado de entidades y clubs llamado Grupo de Empresa Ensidesa, abierto a todo el mundo, empleados o no, y que lleg\u00f3 a contar con m\u00e1s de 25.000 socios en sus diferentes actividades. Fran Lorente era la prudencia y la efectividad personificadas. Escuchaba y decid\u00eda, siempre atento a las peticiones que se le hac\u00edan para actividades o para mejorar y modernizar las instalaciones: televisi\u00f3n, tocadiscos, prensa diaria, ayudas para reconocimientos m\u00e9dicos de deportistas que iban a competir \u2013Descenso a nado de la R\u00eda de Navia, por ejemplo\u2013, desplazamientos del grupo de teatro al Sagrario de Pravia o a Oviedo&#8230; Fran lo era todo. Con colaboradores como Nogueroles o F\u00e9lix Moreno, su modelo se replic\u00f3 en Gij\u00f3n y en Mieres, en donde se busc\u00f3 un local social en el centro de la villa, en colaboraci\u00f3n con Manuel Fern\u00e1ndez Pello, m\u00e1s tarde consejero de Industria del Principado.<\/p>\n\n\n\n<p>Uno tiene la sensaci\u00f3n de que esta ciudad e incluso la comarca entera -por no ir m\u00e1s all\u00e1- no ha sido justa para reconocer la extraordinaria labor de Fran Lorente. Simplemente con una placa o una figura en la Plaza Mayor de Llaranes, por ejemplo, en donde ten\u00eda su despacho. El 3 de noviembre pr\u00f3ximo, fecha de la inauguraci\u00f3n del club, ser\u00eda un momento adecuado para ello.<\/p>\n\n\n\n<p>Jos\u00e9 Mart\u00ednez Ondina, Pepe Ondina, entonces un estudiante de Econ\u00f3micas y m\u00e1s tarde destacado directivo en empresas y entidades bancarias, fue su primer presidente. El que el mismo d\u00eda de la inauguraci\u00f3n marc\u00f3 ante las autoridades los objetivos de aquel club, empezando por su total independencia ante los movimientos cercanos a la Iglesia o sociales. Los pol\u00edticos, obviamente, no exist\u00edan, aunque la efervescencia y la inquietud social de un barrio obrero empezaba ya a notarse. (Una de las primeras celebraciones de la legalizaci\u00f3n del Partido Comunista en 1977 se hizo en el barrio de La Luz. Es solo un dato).<\/p>\n\n\n\n<p>Si hay que destacar uno de los logros m\u00e1s importantes de aquel club fue el haber propiciado la integraci\u00f3n de aquellos j\u00f3venes en la sociedad avilesina, m\u00e1s all\u00e1 de los lugares de esparcimiento, como la famosa ruta del vino de Sabugo . De ello daban fe los apoyos de entidades bancarias y el comercio en general de la ciudad para la organizaci\u00f3n, por poner un solo ejemplo, de uno de los torneos de f\u00fatbol sala m\u00e1s importantes de Asturias, que se llevaba a cabo en la pista polideportiva de Molleda. Casi un centenar de trofeos que se expon\u00edan en el mejor escaparate comercial de Avil\u00e9s, el de Tapicer\u00edas Herminio, en la calle de La Muralla, gracias precisamente a la generosidad del entra\u00f1able Herminio P\u00e9rez. O a la invitaci\u00f3n expresa que hizo la junta directiva del Centro Asturiano de la Habana \u2013en aquel tiempo su sede estaba en el edificio del antiguo Gran Hotel, de la calle Emile Robin\u2013 para que los j\u00f3venes del club de La Luz acudieran a su fiesta de Nochevieja. O, en fin, el contacto amigo con entidades con las mismas inquietudes, como el grupo Candilejas de Llaranes.<\/p>\n\n\n\n<p>En el barrio de La Luz, en su club juvenil, nadie preguntaba de d\u00f3nde ven\u00edas, sino qu\u00e9 quer\u00edas construir. Y la integraci\u00f3n no obedec\u00eda a ninguna pol\u00edtica, sino a una pr\u00e1ctica cotidiana. Hoy, los que crecimos en esas calles y en ese club seguimos mostrando el mismo orgullo de haber colaborado en la construcci\u00f3n de un Avil\u00e9s abierto y solidario, aunque 60 a\u00f1os despu\u00e9s, algunos est\u00e9n empe\u00f1ados en confundir a los seres humanos con el carn\u00e9 por puntos, como si fueran productos-descuento de un supermercado.<\/p>\n\n\n\n<p>(En la fotograf\u00eda, imagen del Barrio de La Luz desde una de las entradas de acceso al centro del poblado.\u00a0LVA)<\/p>\n\n\n\n<p><em>Publicado en La Voz de Avil\u00e9s-El Comercio el 5 de octubre de 2025<\/em><\/p>\n<!-- AddThis Advanced Settings generic via filter on the_content --><!-- AddThis Share Buttons generic via filter on the_content -->","protected":false},"excerpt":{"rendered":"<p>Hace 60 a\u00f1os naci\u00f3 el Club Juvenil de La Luz, un modelo de convivencia que hoy interpela a quienes levantan fronteras Esta es una historia mod\u00e9lica de integraci\u00f3n que debe estallar en los despachos en donde alguno sugiere un &#8216;carn\u00e9 por puntos&#8217; para clasificar a los&nbsp;seres humanos: blancos, si es posible, y que hablen &#8216;nuestro&#8217; [&hellip;]<!-- AddThis Advanced Settings generic via filter on get_the_excerpt --><!-- AddThis Share Buttons generic via filter on get_the_excerpt --><\/p>\n","protected":false},"author":45,"featured_media":2863,"comment_status":"open","ping_status":"closed","sticky":false,"template":"","format":"standard","meta":[],"categories":[2],"tags":[],"_links":{"self":[{"href":"https:\/\/blogs.elcomercio.es\/dame-buenas-noticias\/wp-json\/wp\/v2\/posts\/2861"}],"collection":[{"href":"https:\/\/blogs.elcomercio.es\/dame-buenas-noticias\/wp-json\/wp\/v2\/posts"}],"about":[{"href":"https:\/\/blogs.elcomercio.es\/dame-buenas-noticias\/wp-json\/wp\/v2\/types\/post"}],"author":[{"embeddable":true,"href":"https:\/\/blogs.elcomercio.es\/dame-buenas-noticias\/wp-json\/wp\/v2\/users\/45"}],"replies":[{"embeddable":true,"href":"https:\/\/blogs.elcomercio.es\/dame-buenas-noticias\/wp-json\/wp\/v2\/comments?post=2861"}],"version-history":[{"count":2,"href":"https:\/\/blogs.elcomercio.es\/dame-buenas-noticias\/wp-json\/wp\/v2\/posts\/2861\/revisions"}],"predecessor-version":[{"id":2864,"href":"https:\/\/blogs.elcomercio.es\/dame-buenas-noticias\/wp-json\/wp\/v2\/posts\/2861\/revisions\/2864"}],"wp:featuredmedia":[{"embeddable":true,"href":"https:\/\/blogs.elcomercio.es\/dame-buenas-noticias\/wp-json\/wp\/v2\/media\/2863"}],"wp:attachment":[{"href":"https:\/\/blogs.elcomercio.es\/dame-buenas-noticias\/wp-json\/wp\/v2\/media?parent=2861"}],"wp:term":[{"taxonomy":"category","embeddable":true,"href":"https:\/\/blogs.elcomercio.es\/dame-buenas-noticias\/wp-json\/wp\/v2\/categories?post=2861"},{"taxonomy":"post_tag","embeddable":true,"href":"https:\/\/blogs.elcomercio.es\/dame-buenas-noticias\/wp-json\/wp\/v2\/tags?post=2861"}],"curies":[{"name":"wp","href":"https:\/\/api.w.org\/{rel}","templated":true}]}}