{"id":2874,"date":"2025-10-15T19:47:43","date_gmt":"2025-10-15T17:47:43","guid":{"rendered":"https:\/\/blogs.elcomercio.es\/dame-buenas-noticias\/?p=2874"},"modified":"2025-10-15T20:01:02","modified_gmt":"2025-10-15T18:01:02","slug":"talento-joven-en-asturiasinnova","status":"publish","type":"post","link":"https:\/\/blogs.elcomercio.es\/dame-buenas-noticias\/2025\/10\/15\/talento-joven-en-asturiasinnova\/","title":{"rendered":"Talento joven en AsturiasInnova+"},"content":{"rendered":"\n<p><strong>Cuatro investigadores menores de 40 a\u00f1os explican sus proyectos en el Espacio Maqua de Avil\u00e9s y ponen en valor el trabajo en ciencia y tecnolog\u00eda<\/strong><\/p>\n\n\n\n<p><\/p>\n\n\n\n<p><strong>Cristina del R\u00edo<\/strong><\/p>\n\n\n\n<p><a rel=\"noreferrer noopener external nofollow\" href=\"https:\/\/www.elcomercio.es\/tecnologia\/asturias-innova\/\" target=\"_blank\">AsturiasInnova+<\/a>\u00a0organiz\u00f3 hace dos a\u00f1os en la Feria de Muestras de Asturias, en Gij\u00f3n, la mesa redonda &#8216;<a rel=\"noreferrer noopener external nofollow\" href=\"https:\/\/www.elcomercio.es\/tecnologia\/asturias-innova\/asturias-puede-abrir-puertas-mundo-innova-feria-muestras-gijon-20230809165341-nt.html\" target=\"_blank\">Asturias, Para\u00edso del talento<\/a>&#8216;. El objetivo, alineado con el mismo esp\u00edritu con el que naci\u00f3 este proyecto empresarial de\u00a0<a rel=\"noreferrer noopener external nofollow\" href=\"https:\/\/www.elcomercio.es\/aviles\/\" target=\"_blank\">LA VOZ DE AVIL\u00c9S-EL COMERCIO<\/a>, era divulgar algunas de las l\u00edneas de investigaci\u00f3n m\u00e1s prometedoras que se est\u00e1n llevando a cabo en Asturias y, adem\u00e1s, a cargo de profesionales que por su edad a\u00fan tienen mucho que decir en sus respectivos campos. La jornada fue tan exitosa que ayer se repiti\u00f3 en Avil\u00e9s, concretamente en un \u00abinspirador\u00bb Espacio Maqua que, como se\u00f1al\u00f3 Jos\u00e9 Mar\u00eda Urbano, director de este proyecto editorial que coordina Laura Mayordomo, comulga con la esencia misma que mueve los intereses de AsturiasInnova+.<\/p>\n\n\n\n<p>Elena Herrada Manch\u00f3n, farmac\u00e9utica, doctora en Qu\u00edmica e investigadora en Idonial; V\u00edctor Velasco, titulado en Interiorismo por la Escuela de Arte de Oviedo y creador del proyecto internacional creAtIva Magazine; Paula Kleckers Remacha, investigadora de Optimizaci\u00f3n Matem\u00e1tica en el Centro Global de I+D de ArcelorMittal en Avil\u00e9s; y Gonzalo S\u00e1nchez Duffhues, doctor en Biomedicina e investigador en el Centro de Investigaci\u00f3n en Nanomateriales y Nanotecnolog\u00eda (CINN) de Asturias, perteneciente al CSIC, asombraron a los asistentes con sus desarrollos, alabaron el ecosistema investigador y empresarial asturiano, pero dejaron tambi\u00e9n claro que, al menos en el \u00e1mbito sanitario en el que se mueve Gonzalo S\u00e1nchez, hay que seguir divulgando y contando lo que aqu\u00ed se hace porque cuando \u00e9l trae a compa\u00f1eros del Hospital de Leiden, en los Pa\u00edses Bajos, en el que investig\u00f3 antes de llegar al Hospital Universitario Central de Asturias (HUCA), se marchan asombrados con los trabajos que hay en marcha. No solo eso, se da una circunstancia sorprendente: \u00abTenemos financiaci\u00f3n. De hecho, tenemos m\u00e1s proyectos que manos. Nos cuesta atraer gente porque no saben que esto existe. Yo cuando llevo a mis estudiantes de Holanda de estancia a Madrid, los paso por aqu\u00ed (por Oviedo). Y me dicen: &#8216;Pero&#8230; \u00bfEsto? \u00bfEsto se hace aqu\u00ed?&#8217; \u00bb.<\/p>\n\n\n\n<p>Gonzalo S\u00e1nchez Duffhues, cordob\u00e9s de nacimiento, reconoci\u00f3 que lleg\u00f3 a Asturias a trav\u00e9s de una beca de investigaci\u00f3n Ram\u00f3n y Cajal que utiliz\u00f3 para mejorar sus condiciones en el Hospital de Leiden en el que trabajaba. Sin embargo, lo que vio en el Centro de Investigaci\u00f3n en Nanomateriales y Nanotecnolog\u00eda (CINN), perteneciente al Consejo Superior de Investigaciones Cient\u00edficas (CSIC), le asombr\u00f3 y mont\u00f3 aqu\u00ed su laboratorio el &#8216;Duffhues-lab&#8217;, integrado en el Instituto de Investigaci\u00f3n Sanitaria del Principado de Asturias (ISPA). Investigan sobre enfermedades muy raras con el objetivo de aprender y poder tambi\u00e9n tratar enfermedades comunes.<\/p>\n\n\n\n<p>\u00c9l, al igual que Helena Herrada, ya hab\u00edan estado en aquella primera jornada en la Feria de Muestras. Herrada es responsable t\u00e9cnica en proyectos de innovaci\u00f3n en biofabricaci\u00f3n, desarrollo de biotintas y dispositivos m\u00e9dicos personalizados aplicados a la medicina regenerativa, la ingenier\u00eda de tejidos y la farmacia en Idonial. Asegur\u00f3 que la investigaci\u00f3n en este campo de los materiales tiene mucho recorrido y, adem\u00e1s, \u00abest\u00e1 expectante de que la gente se dedique a ellos\u00bb y avanz\u00f3 que \u00abla impresi\u00f3n 4D ser\u00e1 lo pr\u00f3ximo\u00bb.<\/p>\n\n\n\n<p>Respecto al desempe\u00f1o profesional en Asturias, para ella que lleg\u00f3 desde Barcelona para cursar un m\u00e1ster fue fundamental \u00ablos profesores motivadores\u00bb con los que se encontr\u00f3 y, en general, \u00abla cercan\u00eda\u00bb.<\/p>\n\n\n\n<p><\/p>\n\n\n\n<h3>\u00abEl campo de los materiales est\u00e1 expectante de que la gente se dedique a ellos. La impresi\u00f3n 4D ser\u00e1 lo pr\u00f3ximo\u00bb<\/h3>\n\n\n\n<p>Elena Herrada<\/p>\n\n\n\n<p>Investigadora en Idonial<\/p>\n\n\n\n<p><\/p>\n\n\n\n<h3>\u00abHay una tendencia al alza arte con IA. Este arte tiene que tener su espacio tanto en pantallas como impreso\u00bb<\/h3>\n\n\n\n<p>V\u00edctor Velasco<\/p>\n\n\n\n<p>Fundador de creAtIva Magazine<\/p>\n\n\n\n<p><\/p>\n\n\n\n<h3>\u00abTenemos un talento universitario envidiable, sobre todo en ingenier\u00eda. Si alguien se va fuera es porque quiere\u00bb<\/h3>\n\n\n\n<p>Paula Kleckers<\/p>\n\n\n\n<p>Centro I+D ArcelorMittal<\/p>\n\n\n\n<p><\/p>\n\n\n\n<h3>\u00abTenemos financiaci\u00f3n. Tenemos m\u00e1s proyectos que manos. Nos cuesta atraer gente porque no saben que esto existe\u00bb.<\/h3>\n\n\n\n<p>Gonzalo S\u00e1nchez<\/p>\n\n\n\n<p>Investigador en el CINN<\/p>\n\n\n\n<p><\/p>\n\n\n\n<p>El artista V\u00edctor Velasco, muy activo en el tejido cultural avilesino, empez\u00f3 a aplicar la inteligencia artificial a la creaci\u00f3n art\u00edstica en 2022 y en diciembre de 2023 lanz\u00f3 el primer volumen del creAtIva Magazine, una revista que en la actualidad se encuentra en el ranking de las cinco m\u00e1s influyentes en arte y creatividad con inteligencia artificial generativa. Afirm\u00f3 que no solo \u00abhay una tendencia al alza en el uso de la inteligencia artificial en el arte\u00bb sino que adem\u00e1s \u00abel arte con inteligencia artificial tiene que tener su espacio tanto en pantallas como impreso\u00bb.<\/p>\n\n\n\n<p>Paula Kleckers Remacha, que investiga sobre la optimizaci\u00f3n de procesos productivos mediante el empleo de t\u00e9cnicas de optimizaci\u00f3n combinatoria, asegur\u00f3 que \u00abcada vez tenemos mejor ecosistema, partiendo desde la universidad\u00bb. Alab\u00f3 un \u00abtalento universitario envidiable, sobre todo en la parte de ingenier\u00eda. No conozco a nadie que no haya podido encontrar trabajo en Asturias. Si se ha ido es porque ha querido\u00bb, apostill\u00f3. Y, al igual que Herrada, destac\u00f3 el papel de los profesores en el descubrimiento de las \u00e1reas de investigaci\u00f3n que se llevan a cabo en Asturias.<\/p>\n\n\n\n<h3>La apuesta de Avil\u00e9s<\/h3>\n\n\n\n<p>La alcaldesa Mariv\u00ed Monteser\u00edn, que se incorpor\u00f3 a la sesi\u00f3n un poco m\u00e1s tarde, cerr\u00f3 las intervenciones de una jornada \u00abmuy inspiradora\u00bb patrocinada por el propio Ayuntamiento de Avil\u00e9s, por Windar, Asturagua y Caja Rural. Se felicit\u00f3 porque lo expuesto en la mesa redonda \u00abtiene que ver con lo que quer\u00edamos hacer en la ciudad desde hace a\u00f1os\u00bb, un \u00abterritorio innovador que sea capaz de captar conocimientos diversos y se ponga a interactuar y en ese camino estamos\u00bb.<\/p>\n\n\n\n<p>Admiti\u00f3 que hay que darse a conocer y que la colaboraci\u00f3n tanto p\u00fablica como privada como entre empresas es fundamental para abordar proyectos con \u00e9xitos. Identific\u00f3 como un hito la creaci\u00f3n del Parque Cient\u00edfico y Tecnol\u00f3gico y apost\u00f3 por los resultados de la Manzana del Talento, en Valliniello, cuya obra se adjudicar\u00e1 en breve y de la que se espera que ponga mucho m\u00e1s en contacto la formaci\u00f3n postuniversitaria con las necesidades de la empresa.<\/p>\n\n\n\n<p>En la fotograf\u00eda, de izquierda a derecha, V\u00edctor Velasco, Laura Mayordomo (coordinadora de AsturiasInnova+), Helena Herrada, Paula Kleckers, Gonzalo S\u00e1nchez-Duffhues y Jos\u00e9 Mar\u00eda Urbano (director de AsturiasInnova+), al inicio de la jornada de ayer en el Espacio Maqua.\u00a0Foto: JOS\u00c9 SIMAL.<\/p>\n\n\n\n<p><em>Publicado en Las Voz de Avil\u00e9s y El Comercio el 15 de octubre de 2025<\/em><\/p>\n<!-- AddThis Advanced Settings generic via filter on the_content --><!-- AddThis Share Buttons generic via filter on the_content -->","protected":false},"excerpt":{"rendered":"<p>Cuatro investigadores menores de 40 a\u00f1os explican sus proyectos en el Espacio Maqua de Avil\u00e9s y ponen en valor el trabajo en ciencia y tecnolog\u00eda Cristina del R\u00edo AsturiasInnova+\u00a0organiz\u00f3 hace dos a\u00f1os en la Feria de Muestras de Asturias, en Gij\u00f3n, la mesa redonda &#8216;Asturias, Para\u00edso del talento&#8216;. El objetivo, alineado con el mismo esp\u00edritu [&hellip;]<!-- AddThis Advanced Settings generic via filter on get_the_excerpt --><!-- AddThis Share Buttons generic via filter on get_the_excerpt --><\/p>\n","protected":false},"author":45,"featured_media":2876,"comment_status":"open","ping_status":"closed","sticky":false,"template":"","format":"standard","meta":[],"categories":[1],"tags":[],"_links":{"self":[{"href":"https:\/\/blogs.elcomercio.es\/dame-buenas-noticias\/wp-json\/wp\/v2\/posts\/2874"}],"collection":[{"href":"https:\/\/blogs.elcomercio.es\/dame-buenas-noticias\/wp-json\/wp\/v2\/posts"}],"about":[{"href":"https:\/\/blogs.elcomercio.es\/dame-buenas-noticias\/wp-json\/wp\/v2\/types\/post"}],"author":[{"embeddable":true,"href":"https:\/\/blogs.elcomercio.es\/dame-buenas-noticias\/wp-json\/wp\/v2\/users\/45"}],"replies":[{"embeddable":true,"href":"https:\/\/blogs.elcomercio.es\/dame-buenas-noticias\/wp-json\/wp\/v2\/comments?post=2874"}],"version-history":[{"count":5,"href":"https:\/\/blogs.elcomercio.es\/dame-buenas-noticias\/wp-json\/wp\/v2\/posts\/2874\/revisions"}],"predecessor-version":[{"id":2880,"href":"https:\/\/blogs.elcomercio.es\/dame-buenas-noticias\/wp-json\/wp\/v2\/posts\/2874\/revisions\/2880"}],"wp:featuredmedia":[{"embeddable":true,"href":"https:\/\/blogs.elcomercio.es\/dame-buenas-noticias\/wp-json\/wp\/v2\/media\/2876"}],"wp:attachment":[{"href":"https:\/\/blogs.elcomercio.es\/dame-buenas-noticias\/wp-json\/wp\/v2\/media?parent=2874"}],"wp:term":[{"taxonomy":"category","embeddable":true,"href":"https:\/\/blogs.elcomercio.es\/dame-buenas-noticias\/wp-json\/wp\/v2\/categories?post=2874"},{"taxonomy":"post_tag","embeddable":true,"href":"https:\/\/blogs.elcomercio.es\/dame-buenas-noticias\/wp-json\/wp\/v2\/tags?post=2874"}],"curies":[{"name":"wp","href":"https:\/\/api.w.org\/{rel}","templated":true}]}}