{"id":2890,"date":"2025-11-02T15:39:00","date_gmt":"2025-11-02T14:39:00","guid":{"rendered":"https:\/\/blogs.elcomercio.es\/dame-buenas-noticias\/?p=2890"},"modified":"2025-11-24T15:41:10","modified_gmt":"2025-11-24T14:41:10","slug":"sena-de-identidad","status":"publish","type":"post","link":"https:\/\/blogs.elcomercio.es\/dame-buenas-noticias\/2025\/11\/02\/sena-de-identidad\/","title":{"rendered":"Se\u00f1a de identidad"},"content":{"rendered":"\n<p><strong>Avil\u00e9s ha conseguido un relato propio en Cultura y en la oferta l\u00fadica como una buena estrategia econ\u00f3mica y social<\/strong><\/p>\n\n\n\n<p>Hoteles de Avil\u00e9s ya han puesto el cartel de lleno a ocho meses vista. El 20 y el 26 de junio de 2026 ya no\u00a0quedan habitaciones libres en esos establecimientos, que en cuesti\u00f3n de minutos sufrieron una avalancha de peticiones. \u00bfQu\u00e9 hab\u00eda pasado? F\u00e1cil. El 20 de junio estar\u00e1n en La Magdalena Manolo Garc\u00eda y Quimi Portet, El \u00daltimo de la Fila, y el d\u00eda 26, en el mismo escenario, actuar\u00e1 Aitana en su \u00fanico concierto en Asturias dentro de una gira que la va a llevar por las principales capitales del pa\u00eds y por Latinoam\u00e9rica, principalmente, para luego ampliarla a Europa y Estados Unidos.<\/p>\n\n\n\n<p>Son s\u00f3lo dos datos que avalan el profundo cambio que se ha originado en Avil\u00e9s, tercera poblaci\u00f3n de Asturias, 75.000 habitantes, que no siendo capital de provincia figura cada d\u00eda m\u00e1s en las programaciones culturales y de ocio de primer nivel, lo que se traduce en la afluencia de miles de personas a la ciudad. Sin caer en la resignaci\u00f3n que acusan algunas localidades medianas, Avil\u00e9s ha logrado crearse una identidad cultural propia, diversa, que se ha ganado el reconocimiento a nivel nacional.<\/p>\n\n\n\n<p>Ya no hablamos solamente del teatro, en donde la labor iniciada en su d\u00eda por Antonio Ripoll desde la Casa de la Cultura y el Teatro Palacio Vald\u00e9s es un signo de distinci\u00f3n en la escena espa\u00f1ola. Atraer la atenci\u00f3n de los grandes autores, actores y compa\u00f1\u00edas tiene mucho que ver con el conocimiento de las personas y del medio, pero tambi\u00e9n con la inteligencia de haber creado un equipo t\u00e9cnico y una infraestructura que lo simplifican todo y que suma como un atractivo m\u00e1s a la hora de elegir el lugar de estreno.<\/p>\n\n\n\n<p>Es muy dif\u00edcil que haya un caso parecido en nuestro pa\u00eds de una ciudad en la que el listado de protagonistas y obras alcanzado s\u00f3lo est\u00e9 al alcance de grandes capitales. El \u00faltimo \u00e9xito redondo lo protagonizaron en el Centro Niemeyer las &#8216;Escenas de la vida conyugal&#8217;, de Ingmar Bergman, en la que Ricardo Dar\u00edn y Andrea Pietra hab\u00edan logrado agotar las localidades casi a la semana de haber sido puestas a la venta a principios el mes de junio. Y en octubre, cinco d\u00edas, lleno total, casi mil espectadores diarios. O el \u00e9xito de &#8216;1936&#8217;, al que hay que sumar actores que ya han pasado y otros que se anuncian: Mar\u00eda Galiana, Jos\u00e9 Sacrist\u00e1n, Israel Elejalde, Carlos Hip\u00f3lito, Kiti Manver, Malena Alterio; directores y autores como Juan Mayorga, Juan Cavestany, Joan Font, Miguel del Arco, Juan Carlos Fisher, Peris-Mencheta, Eduardo Gal\u00e1n&#8230;<\/p>\n\n\n\n<p>Espect\u00e1culos como el Gran Circo Acrob\u00e1tico Chino, Una Noche de Zarzuela. O aportaciones del Centro Dram\u00e1tico Nacional, la Compa\u00f1\u00eda Nacional de Teatro Cl\u00e1sico, Teatre Lliure, Matadero Nave 10, la \u00d3pera de Oviedo&#8230;<\/p>\n\n\n\n<p>Si vamos a la m\u00fasica que mueve hoy a la gente m\u00e1s joven, ah\u00ed est\u00e1n los nombres ya rese\u00f1ados, a los que hay que unir los dos conciertos de Melendi o el God Save the Queen, el anuncio de M\u00fasica en Escena o la presencia de la OSPA. Datos, uno detr\u00e1s de otro, que aportaban recientemente la concejala de Cultura, Yolanda Alonso, y el director general del Centro Niemeyer, Carlos Cuadros para avanzar lo que ser\u00e1 el primer trimestre de 2026.<\/p>\n\n\n\n<p>La apuesta de Avil\u00e9s por la cultura ya no es una tendencia, es una realidad que viene avalada por los datos y que en tiempos de incertidumbre como los que nos toca vivir, supone un gran refugio como palanca de desarrollo econ\u00f3mico y de cohesi\u00f3n social. Con cada acto programado se activa una cadena de valor que beneficia a sectores concretos muy definidos \u2013los retornos econ\u00f3micos no los cuestiona nadie\u2013, pero sin duda la mayor beneficiada es la sociedad avilesina en general, primero porque tiene acceso a una oferta rica, variada y asequible y luego porque los intangibles nos hablan a todos de una sociedad m\u00e1s cr\u00edtica, m\u00e1s libre, m\u00e1s viva, que han sido siempre los grandes objetivos de la cultura, pasando as\u00ed de ser un complemento a una estrategia. Sin necesidad de compararse con nadie, Avil\u00e9s ha construido un relato propio en Cultura y en oferta l\u00fadica y lo convierte en se\u00f1a de identidad. Es para sentirse orgullosos.<\/p>\n\n\n\n<h3>Dos gestos de compromiso<\/h3>\n\n\n\n<p>La semana nos dej\u00f3 dos nombres propios que merecen un reconocimiento por lo que aportan a esta ciudad, cada uno desde su \u00e1mbito. Carlos Fern\u00e1ndez es la cara visible del equipo del Judo Avil\u00e9s, que acaba de organizar el Torneo Internacional de Judo Villa de Avil\u00e9s, cumpliendo nada menos que veinticinco a\u00f1os. En esta ocasi\u00f3n han logrado atraer a 1.800 deportistas, aparte de entrenadores y acompa\u00f1antes. Una referencia internacional en judo y una excelente aportaci\u00f3n a Avil\u00e9s en todos los sentidos. Felicitaci\u00f3n m\u00e1s que merecida para Carlos Fern\u00e1ndez y su equipo.<\/p>\n\n\n\n<p>El domingo pasado, Amigos de Cudillero, entidad que preside Juan Luis \u00c1lvarez del Busto, impuso su insignia de oro a Juan Manuel Wes L\u00f3pez, director de LA VOZ DE AVIL\u00c9S desde 1972 hasta su jubilaci\u00f3n. Con este acto se saldaba, a mi modo de ver, una deuda hist\u00f3rica con uno de los periodistas que m\u00e1s se preocuparon por promocionar y &#8216;cuidar&#8217; Cudillero desde su responsabilidad profesional como director del peri\u00f3dico y nada digamos en el aspecto personal. Su madre, la inolvidable do\u00f1a Jesusa L\u00f3pez Marqu\u00e9s, llev\u00f3 en su d\u00eda las cuentas de la pareja de barcos pesqueros de su familia (Foral), antes de ponerse al frente del peri\u00f3dico en 1963 tras la muerte de su esposo, Juan Gonz\u00e1lez-Wes Dint\u00e9n. Esa insignia a Juan Wes hace justicia y tambi\u00e9n nos recuerda que a veces nos deslumbra todo lo que viene de fuera y tapa el conocimiento y el cari\u00f1o de quien desde la discreci\u00f3n m\u00e1s absoluta se dedica a lo importante, en este caso Cudillero. La cultura, como el deporte, como la promoci\u00f3n de los pueblos, no se construye sola, la levantan personas que nos hacen mejores a todos. Y tambi\u00e9n es bueno decirlo.<\/p>\n\n\n\n<p>En la imagen, Juan Wes, con su esposa Mar\u00eda Sol\u00eds, tras recibir la insignia de oro de Amigos de Cudillero.\u00a0J. L. A. BUSTO<\/p>\n\n\n\n<p><\/p>\n\n\n\n<p><em>Publicado en La Voz de Avil\u00e9s-El Comercio el 2 de noviembre de 2025<\/em><\/p>\n<!-- AddThis Advanced Settings generic via filter on the_content --><!-- AddThis Share Buttons generic via filter on the_content -->","protected":false},"excerpt":{"rendered":"<p>Avil\u00e9s ha conseguido un relato propio en Cultura y en la oferta l\u00fadica como una buena estrategia econ\u00f3mica y social Hoteles de Avil\u00e9s ya han puesto el cartel de lleno a ocho meses vista. El 20 y el 26 de junio de 2026 ya no\u00a0quedan habitaciones libres en esos establecimientos, que en cuesti\u00f3n de minutos [&hellip;]<!-- AddThis Advanced Settings generic via filter on get_the_excerpt --><!-- AddThis Share Buttons generic via filter on get_the_excerpt --><\/p>\n","protected":false},"author":45,"featured_media":2892,"comment_status":"open","ping_status":"closed","sticky":false,"template":"","format":"standard","meta":[],"categories":[2],"tags":[],"_links":{"self":[{"href":"https:\/\/blogs.elcomercio.es\/dame-buenas-noticias\/wp-json\/wp\/v2\/posts\/2890"}],"collection":[{"href":"https:\/\/blogs.elcomercio.es\/dame-buenas-noticias\/wp-json\/wp\/v2\/posts"}],"about":[{"href":"https:\/\/blogs.elcomercio.es\/dame-buenas-noticias\/wp-json\/wp\/v2\/types\/post"}],"author":[{"embeddable":true,"href":"https:\/\/blogs.elcomercio.es\/dame-buenas-noticias\/wp-json\/wp\/v2\/users\/45"}],"replies":[{"embeddable":true,"href":"https:\/\/blogs.elcomercio.es\/dame-buenas-noticias\/wp-json\/wp\/v2\/comments?post=2890"}],"version-history":[{"count":3,"href":"https:\/\/blogs.elcomercio.es\/dame-buenas-noticias\/wp-json\/wp\/v2\/posts\/2890\/revisions"}],"predecessor-version":[{"id":2894,"href":"https:\/\/blogs.elcomercio.es\/dame-buenas-noticias\/wp-json\/wp\/v2\/posts\/2890\/revisions\/2894"}],"wp:featuredmedia":[{"embeddable":true,"href":"https:\/\/blogs.elcomercio.es\/dame-buenas-noticias\/wp-json\/wp\/v2\/media\/2892"}],"wp:attachment":[{"href":"https:\/\/blogs.elcomercio.es\/dame-buenas-noticias\/wp-json\/wp\/v2\/media?parent=2890"}],"wp:term":[{"taxonomy":"category","embeddable":true,"href":"https:\/\/blogs.elcomercio.es\/dame-buenas-noticias\/wp-json\/wp\/v2\/categories?post=2890"},{"taxonomy":"post_tag","embeddable":true,"href":"https:\/\/blogs.elcomercio.es\/dame-buenas-noticias\/wp-json\/wp\/v2\/tags?post=2890"}],"curies":[{"name":"wp","href":"https:\/\/api.w.org\/{rel}","templated":true}]}}