{"id":2903,"date":"2025-11-23T16:04:00","date_gmt":"2025-11-23T15:04:00","guid":{"rendered":"https:\/\/blogs.elcomercio.es\/dame-buenas-noticias\/?p=2903"},"modified":"2025-11-24T16:22:01","modified_gmt":"2025-11-24T15:22:01","slug":"periodismo-clima-y-futuro","status":"publish","type":"post","link":"https:\/\/blogs.elcomercio.es\/dame-buenas-noticias\/2025\/11\/23\/periodismo-clima-y-futuro\/","title":{"rendered":"Periodismo, clima y futuro"},"content":{"rendered":"\n<p><strong>Del rigor informativo al desaf\u00edo clim\u00e1tico y la par\u00e1lisis industrial, Avil\u00e9s y Asturias reflejan los dilemas europeos<\/strong><\/p>\n\n\n\n<p>Adri\u00e1n Cordero hizo sus primeras pr\u00e1cticas como estudiante de periodismo en LA VOZ DE AVIL\u00c9S y los de la casa coincidimos en que aquel&nbsp;joven afable, educado y con un empe\u00f1o y un entusiasta deseo por aprender triunfar\u00eda en todo lo que se propusiera en esta profesi\u00f3n. No nos equivocamos. Durante ocho a\u00f1os fue \u00abel hombre del tiempo\u00bb en La Sexta, en donde destac\u00f3 por sus conocimientos y su particular modo de exponerlos ante las c\u00e1maras. Hoy presenta y dirige en la Televisi\u00f3n Canaria el programa diario &#8216;Hay que verlo&#8217;, en donde sigue encarg\u00e1ndose tambi\u00e9n de las noticias del tiempo.<\/p>\n\n\n\n<p>No corren buenos tiempos para el ejercicio del periodismo, como ha quedado demostrado con el fallo de la sentencia a\u00fan no redactada del Tribunal Supremo que acaba de condenar al Fiscal General del Estado, batiendo todos los r\u00e9cords de velocidad en un organismo en donde los ciudadanos pueden esperar a\u00f1os para obtener uno de sus veredictos. Un tribunal que ningune\u00f3 el valor de la declaraci\u00f3n de un grupo de periodistas, ignorando su derecho al secreto profesional sobre sus fuentes y su protecci\u00f3n constitucional reflejada en el art\u00edculo 20.1D CE-EDL. 1978\/3879, y negando as\u00ed el derecho que tienen los ciudadanos para recibir una informaci\u00f3n basada en los hechos y en el rigor de los mismos. Los jueces del Supremo solo hicieron caso a un periodista, de pelo blanco, que les espet\u00f3 en su cara que \u00e9l se hab\u00eda inventado una mentira y la hab\u00eda divulgado a &#8216;prensa amiga&#8217; \u2013esa que s\u00ed trafica con las fuentes\u2013 para tapar al confeso presunto delincuente fiscal, novio de la presidenta de la Comunidad de Madrid. Un jefe de Comunicaci\u00f3n que con un sueldo p\u00fablico que pagamos todos se permite el lujo de insultar a periodistas, premiar y castigar a medios de comunicaci\u00f3n y hasta amenazar con cerrar a los &#8216;idiotas&#8217; de &#8216;elDiario.es&#8217; tras haber dado este medio las exclusivas del auxilio pedido por el novio de la presidenta para evitar la c\u00e1rcel, como antes hab\u00edan hecho con las movidas del padre y del hermano de la presidenta madrile\u00f1a. Cuestiones nunca admitidas por la Justicia, por cierto.<\/p>\n\n\n\n<p>Malos tiempos para el periodismo cuando observamos que el incalificable \u2013con claras evidencias de psicopat\u00eda\u2013 inquilino de la Casa Blanca se permite dirigirse p\u00fablicamente a una periodista de Bloomberg News para espetarle: \u00abC\u00e1llate cerdita\u00bb. O al d\u00eda siguiente volver con un \u00abqu\u00e9 mala profesional eres\u00bb a una periodista de ABC News por haber tenido la &#8216;ocurrencia&#8217; de preguntarle al pr\u00edncipe heredero de Arabia Saudita Mohammed bin Salman sobre el asesinato del periodista Jamal Khashoggi, al figurar como el que dio la orden de matarlo. Trump a\u00f1adi\u00f3 adem\u00e1s que pod\u00eda quitarle la licencia a la cadena ABC News, a la que tild\u00f3 de \u00abempresa asquerosa\u00bb.<\/p>\n\n\n\n<p>En medio de este ambiente desmoralizante para la profesi\u00f3n, Adri\u00e1n Cordero volvi\u00f3 a este peri\u00f3dico el martes pasado para ofrecernos un art\u00edculo excelente por su calidad y por su rigor \u2013bajo el t\u00edtulo \u00abUna tormenta est\u00e1tica, err\u00e1tica e imprevisible\u00bb\u2013 para explicarnos a todos el fen\u00f3meno extraordinario que padeci\u00f3 Avil\u00e9s en la noche del pasado domingo, provocando im\u00e1genes in\u00e9ditas de inundaciones en zonas insospechadas.<\/p>\n\n\n\n<p>El periodista avilesino profundiz\u00f3 en un hecho que pill\u00f3 a todo el mundo por sorpresa, no previsto por ning\u00fan organismo oficial, con una virulencia inusitada que ejemplific\u00f3 con los 150 litros por metro cuadrado en San Crist\u00f3bal, o 125 en Salinas, cuando se considera que la lluvia es torrencial si la intensidad es de 10 litros por metro cuadrado cada diez minutos. Un fen\u00f3meno est\u00e1tico que uni\u00f3 zonas de Avil\u00e9s y Castrill\u00f3n que la imagen satelital fij\u00f3 en 10 kil\u00f3metros de largo y solo tres de ancho, lo que hizo que mientras en San Crist\u00f3bal se romp\u00edan todos los r\u00e9cords, en zonas como los barrios de El Poz\u00f3n y La Luz apenas se llegaba a los 20 litros, mientras en Illas, Cabo Pe\u00f1as, Soto del Barco o Gij\u00f3n apenas si llovi\u00f3.<\/p>\n\n\n\n<p>El rigor de los datos nos dice que hac\u00eda 24 a\u00f1os que no se produc\u00eda un fen\u00f3meno de estas caracter\u00edsticas. Y, dentro de la espectacularidad del fen\u00f3meno y las zonas afectadas, el sistema en general respondi\u00f3 en la medida en que pudo. Se constituy\u00f3 un puesto de mando en cuanto la AEMET dio el primer aviso de emergencia cerca de las diez de la noche, La Polic\u00eda Local duplic\u00f3 pr\u00e1cticamente sus efectivos a esa hora, hubo una coordinaci\u00f3n inmediata con Bomberos de Asturias, Aguas de Avil\u00e9s y Urbaser. Y, entre otras cosas, se desminti\u00f3 una vez m\u00e1s la desinformaci\u00f3n de algunos pol\u00edticos y nada digamos de las redes sociales, respecto a los datos sobre la limpieza sostenida de los sumideros, que algunos comenzaron a exhibir como una de las causas de las inundaciones. Sirvan los datos de esa limpieza por parte de los servicios municipales correspondientes a los cuatro \u00faltimos meses: julio, 374 actuaciones de limpieza; agosto, 636; septiembre, 399; octubre, 472. Y al final, la evidencia de que ante un fen\u00f3meno de esta naturaleza es dif\u00edcil evitar los da\u00f1os.<\/p>\n\n\n\n<h3>Amenazas a la democracia<\/h3>\n\n\n\n<p>El resumen de este inesperado y sorprendente fen\u00f3meno nos lleva una vez m\u00e1s a las consecuencias del cambio clim\u00e1tico que sigue avanzando de forma inexorable y que se ha incrementado sobre todo en los \u00faltimos cinco a\u00f1os, seg\u00fan dicen los investigadores y cient\u00edficos del CSIC. Los que saben. Todo est\u00e1 conectado: el desprecio al periodismo, la negaci\u00f3n del clima y la par\u00e1lisis industrial.<\/p>\n\n\n\n<p>Abascal, ese se\u00f1or que no necesita demostrar conocimientos de casi nada, se subi\u00f3 a la tribuna del Congreso justo el d\u00eda que se cumpl\u00eda un a\u00f1o de la Dana de la Comunidad Valenciana que dej\u00f3 221 muertos para pedirle al PP apoyo para acabar con el \u00abterrorismo clim\u00e1tico\u00bb que para \u00e9l suponen las pol\u00edticas aprobadas en el Acuerdo de Par\u00eds para rebajar la temperatura del planeta hasta los 1,5 grados de aqu\u00ed a 2030. En el PP le hicieron caso, primero en Valencia, y luego en la UE, en donde el grupo espa\u00f1ol se sali\u00f3 de lo marcado por el PPE y se ali\u00f3 por su cuenta con la ultraderecha para no aprobar el planteamiento de la Comisi\u00f3n Europea al respecto, y un poco m\u00e1s tarde todo el PPE abrazando de nuevo el discurso de la ultraderecha, esa que entre sus objetivos figura el desmantelamiento de la Uni\u00f3n Europea.<\/p>\n\n\n\n<p>Abascal, en este tema, al menos por ego\u00edsmo deber\u00eda ver que Europa tiene en el cambio clim\u00e1tico un arma poderosa en el plano econ\u00f3mico, quiz\u00e1s el \u00fanico que le quede, para enfrentarse la hegemon\u00eda de Estados Unidos y China. Y a \u00e9l y a sus apoyos le pueden informar sus seguidores desde Asturias o desde la comarca de Avil\u00e9s, en donde todos los proyectos industriales de relevancia est\u00e1n paralizados en este momento, precisamente por culpa en buena medida del &#8216;impasse&#8217; al que est\u00e1 sometido el proceso de descarbonizaci\u00f3n (coste de la energ\u00eda, CO2, impuestos y aranceles, invasi\u00f3n de acero &#8216;sucio&#8217;), como se ha puesto de manifiesto en la cumbre clim\u00e1tica de Brasil, la COP30. Estados Unidos, Rusia, Canad\u00e1, India, China, Arabia Saud\u00ed, Quatar, Brasil y Emiratos \u00c1rabes apelando al consumo de combustibles f\u00f3siles, causantes del 90 por ciento del CO2 que se emite a la atm\u00f3sfera.<\/p>\n\n\n\n<p>Que le expliquen la paralizaci\u00f3n del DRI de Gij\u00f3n y la posible acer\u00eda el\u00e9ctrica de Avil\u00e9s por parte de ArcelorMittal, que acaba de anunciar la suspensi\u00f3n de ArcelorPodwers en Avil\u00e9s por no cumplir los plazos para poner en marcha la producci\u00f3n de polvo de acero orientada a la fabricaci\u00f3n aditiva o 3D, lo que no deja de ser una alerta sobre las dificultades de las startups para escalar su innovaci\u00f3n al proceso productivo. Que le expliquen los proyectos de Saint-Gobain, descarbonizaci\u00f3n del puerto, lo de Asturiana de Zinc, que clama al cielo&#8230;<\/p>\n\n\n\n<p>De esto va el cambio clim\u00e1tico, y tambi\u00e9n la pol\u00edtica enfangada en la mediocridad general.  Y el periodismo de verdad, no el de las mentiras y amenazas. Y de esto va la supervivencia del planeta y en el caso de la Uni\u00f3n Europea tambi\u00e9n de su propio futuro como proyecto y de su econom\u00eda. Sin periodismo libre y sin pol\u00edticas clim\u00e1ticas serias, ni Avil\u00e9s, ni Asturias ni Europa tendr\u00e1n futuro.<\/p>\n\n\n\n<p>(En la imagen, detalle del alcance de la tormenta del domingo en el centro de Avil\u00e9s. P. Nosti<\/p>\n\n\n\n<p><em>Publicado en La Voz de Avil\u00e9s-El Comercio el 23 de noviembre de 2025<\/em><\/p>\n<!-- AddThis Advanced Settings generic via filter on the_content --><!-- AddThis Share Buttons generic via filter on the_content -->","protected":false},"excerpt":{"rendered":"<p>Del rigor informativo al desaf\u00edo clim\u00e1tico y la par\u00e1lisis industrial, Avil\u00e9s y Asturias reflejan los dilemas europeos Adri\u00e1n Cordero hizo sus primeras pr\u00e1cticas como estudiante de periodismo en LA VOZ DE AVIL\u00c9S y los de la casa coincidimos en que aquel&nbsp;joven afable, educado y con un empe\u00f1o y un entusiasta deseo por aprender triunfar\u00eda en [&hellip;]<!-- AddThis Advanced Settings generic via filter on get_the_excerpt --><!-- AddThis Share Buttons generic via filter on get_the_excerpt --><\/p>\n","protected":false},"author":45,"featured_media":2904,"comment_status":"open","ping_status":"closed","sticky":false,"template":"","format":"standard","meta":[],"categories":[2],"tags":[],"_links":{"self":[{"href":"https:\/\/blogs.elcomercio.es\/dame-buenas-noticias\/wp-json\/wp\/v2\/posts\/2903"}],"collection":[{"href":"https:\/\/blogs.elcomercio.es\/dame-buenas-noticias\/wp-json\/wp\/v2\/posts"}],"about":[{"href":"https:\/\/blogs.elcomercio.es\/dame-buenas-noticias\/wp-json\/wp\/v2\/types\/post"}],"author":[{"embeddable":true,"href":"https:\/\/blogs.elcomercio.es\/dame-buenas-noticias\/wp-json\/wp\/v2\/users\/45"}],"replies":[{"embeddable":true,"href":"https:\/\/blogs.elcomercio.es\/dame-buenas-noticias\/wp-json\/wp\/v2\/comments?post=2903"}],"version-history":[{"count":1,"href":"https:\/\/blogs.elcomercio.es\/dame-buenas-noticias\/wp-json\/wp\/v2\/posts\/2903\/revisions"}],"predecessor-version":[{"id":2905,"href":"https:\/\/blogs.elcomercio.es\/dame-buenas-noticias\/wp-json\/wp\/v2\/posts\/2903\/revisions\/2905"}],"wp:featuredmedia":[{"embeddable":true,"href":"https:\/\/blogs.elcomercio.es\/dame-buenas-noticias\/wp-json\/wp\/v2\/media\/2904"}],"wp:attachment":[{"href":"https:\/\/blogs.elcomercio.es\/dame-buenas-noticias\/wp-json\/wp\/v2\/media?parent=2903"}],"wp:term":[{"taxonomy":"category","embeddable":true,"href":"https:\/\/blogs.elcomercio.es\/dame-buenas-noticias\/wp-json\/wp\/v2\/categories?post=2903"},{"taxonomy":"post_tag","embeddable":true,"href":"https:\/\/blogs.elcomercio.es\/dame-buenas-noticias\/wp-json\/wp\/v2\/tags?post=2903"}],"curies":[{"name":"wp","href":"https:\/\/api.w.org\/{rel}","templated":true}]}}