{"id":2929,"date":"2026-01-11T16:41:00","date_gmt":"2026-01-11T15:41:00","guid":{"rendered":"https:\/\/blogs.elcomercio.es\/dame-buenas-noticias\/?p=2929"},"modified":"2026-01-14T13:21:54","modified_gmt":"2026-01-14T12:21:54","slug":"esperar-sin-rendirse","status":"publish","type":"post","link":"https:\/\/blogs.elcomercio.es\/dame-buenas-noticias\/2026\/01\/11\/esperar-sin-rendirse\/","title":{"rendered":"Esperar sin rendirse"},"content":{"rendered":"\n<p><strong>El caos geopol\u00edtico global golpea a la industria asturiana y obliga a mantener la vigilancia en el \u00e1mbito local<\/strong><\/p>\n\n\n\n<p>Si esta p\u00e1gina se dedicara hoy a plantear una tesis sobre la fragilidad, seguramente acertar\u00edamos en las consecuencias de un mundo en ebullici\u00f3n que ya\u00a0no controlamos con las normas que reg\u00edan hasta ahora. Ser\u00eda una forma m\u00e1s de acercarse a una realidad que podr\u00eda resumirse en tres cuestiones: pol\u00edtica agresiva, hartazgo social generalizado contra el sistema que representan las \u00e9lites pol\u00edticas y econ\u00f3micas, y olvido de las reglas, con un total desprecio por la ley. Han bastado diez d\u00edas de este 2026 para confirmar el nuevo orden mundial liderado e impuesto por el inclasificable inquilino de la Casa Blanca. Sus decisiones unilaterales las padecemos, s\u00ed, en Avil\u00e9s, en Asturias. Tanto por lo que \u00e9l impone, como por la falta de una respuesta adecuada de Europa para defender sus intereses. La ca\u00edda del peso de la industria en nuestra regi\u00f3n en el mes de noviembre nos habla claramente del da\u00f1o en la actividad y en el empleo. En Avil\u00e9s, insisto, sin ir m\u00e1s lejos.<\/p>\n\n\n\n<p>Recog\u00eda ayer mismo el Washington Post, a trav\u00e9s de un art\u00edculo de Fared Zakaria, que asistimos al derrumbre de las reglas, de las instituciones y de la legitimidad. Y se\u00f1alaba, en comparaci\u00f3n con la invasi\u00f3n y el golpe de Estado ejecutado en Venezuela por la voluntad de Trump, lo que sucedi\u00f3 en el antecedente de la invasi\u00f3n de Irak. Entonces, el presidente George Bush obtuvo la autorizaci\u00f3n del Congreso en 2002 (la invasi\u00f3n tuvo lugar en marzo de 2003), una resoluci\u00f3n de apoyo del Consejo de Seguridad de la ONU, y una coalici\u00f3n de cuarenta y nueve pa\u00edses.<\/p>\n\n\n\n<p>Observar la reuni\u00f3n del presidente de Estados Unidos con los empresarios petroleros para asegurarles que sus inversiones en Venezuela est\u00e1n protegidas \u00abporque ah\u00ed mando yo\u00bb, confirman el estilo mafioso de quien definitivamente marca las reglas. Y el grado de sumisi\u00f3n empresarial lo resum\u00eda muy bien la imagen dada por el presidente de Repsol, Josu Jon Imaz, que se\u00f1al\u00f3 ante un atento Donald Trump, que su compa\u00f1\u00eda est\u00e1 dispuesta a triplicar su actual producci\u00f3n de 45.000 barriles de petr\u00f3leo diarios \u00absi usted nos lo permite, por supuesto\u00bb (sic.).<\/p>\n\n\n\n<p>Ante este panorama, \u00bfqui\u00e9n se atreve a vaticinar por d\u00f3nde va a ir el mundo y la econom\u00eda ma\u00f1ana mismo? \u00bfC\u00f3mo va a afectar la situaci\u00f3n geopol\u00edtica \u2013con Rusia lanzando un misil bal\u00edstico hipers\u00f3nico a 70 kil\u00f3metros de la frontera con Polonia, es decir, Europa y OTAN\u2013 en las decisiones de inversi\u00f3n de las empresas? \u00bfLa incertidumbre actual anuncia una crisis econ\u00f3mica global con especial incidencia en Europa?<\/p>\n\n\n\n<p>Al final, no queda otro remedio que tratar de acercarse a lo que est\u00e1 sucediendo en Avil\u00e9s-Asturias. Y ah\u00ed encontraremos luces y sombras, que record\u00e1ndolas y teni\u00e9ndolas en cuenta a lo mejor nos sirven para saber situarnos mejor.<\/p>\n\n\n\n<p>En ArcelorMittal no hay noticias sobre sus grandes inversiones, avaladas y protegidas con dinero de los fondos europeos. O con tr\u00e1mites medioambientales ya hechos para el horno el\u00e9ctrico de Avil\u00e9s. Y una duda preocupante: hasta qu\u00e9 punto la falta de inversi\u00f3n en el mantenimiento est\u00e1 provocando esa sucesi\u00f3n de aver\u00edas y contratiempos en las instalaciones, en este caso de Gij\u00f3n. Las lagunas en ese mantenimiento no son nuevas en la empresa de los Mittal.<\/p>\n\n\n\n<p>Donde contin\u00faa tambi\u00e9n la preocupaci\u00f3n es en Saint-Gobain, que sigue sin aclarar la inversi\u00f3n del nuevo horno que se le demanda en esta comarca. De momento se queda en la posibilidad de recurrir a un &#8216;parche&#8217; temporal, quiere imponer a su plantilla de trabajadores la renuncia a derechos hist\u00f3ricos adquiridos, les pide una rebaja de sueldos y a\u00fan as\u00ed ni siquiera confirma si todo eso le servir\u00eda para aprobar en su sede de Par\u00eds ese horno nuevo que despejar\u00eda el futuro de la planta en Avil\u00e9s durante a\u00f1os.<\/p>\n\n\n\n<p>En el caso de Windar, los problemas que est\u00e1 encontrando en Estados Unidos Iberdrola, su principal cliente, ya ha afectado a la plantilla avilesina y a toda la cadena de valor que suponen las empresas auxiliares y proveedores.<\/p>\n\n\n\n<p>La otra cara de la moneda la puso esta misma semana Idesa, con una exhibici\u00f3n de su potencial en el embarque de piezas en la nueva explanada de la margen derecha del puerto. En id\u00e9ntico \u00e1mbito hay que hablar de Asturfeito, cuya capacidad de crecimiento origina su ampliaci\u00f3n en el espacio portuario con una parcela en esa misma margen. Y en el propio Puerto, en una semana de actividad al m\u00e1ximo de sus muelles, a la espera de que su decisi\u00f3n de adquirir y gestionar el pol\u00edgono de bater\u00edas de cok salga adelante tras un acuerdo con Sepides, su actual propietario. De lograrlo, estar\u00edamos ante una apuesta extraordinaria desde Avil\u00e9s.<\/p>\n\n\n\n<p>Y finalmente, en la parte institucional, hay que destacar el convenio de colaboraci\u00f3n firmado entre el Parque Cient\u00edfico Tecnol\u00f3gico Avil\u00e9s Isla de la Innovaci\u00f3n y la Universidad de Oviedo para avanzar juntos en innovaci\u00f3n, talento y transferencia de conocimiento. Detr\u00e1s de este acuerdo, la presencia de personas como Jos\u00e9 Luis Vega, responsable de Promoci\u00f3n Econ\u00f3mica en Avil\u00e9s, y Susana Luque, vicerrectora de Transferencias y Relaciones con la Empresa, aseguran que la firma del jueves no se va a quedar en otro anuncio para fotograf\u00edas.<\/p>\n\n\n\n<p>En resumen, ante la imposibilidad de vaticinar lo que va a pasar en el mundo m\u00e1s all\u00e1 de ma\u00f1ana, centr\u00e9monos en nuestra realidad m\u00e1s cercana, a la espera de que se vaya despejando el horizonte de empresas y proyectos y se devuelva un poco de confianza y bienestar a la poblaci\u00f3n en general. Pero, ojo, esta no es una espera pasiva, no es un \u00abya veremos\u00bb o un mirar hacia otro lado mientras se toman decisiones que marcar\u00e1n d\u00e9cadas de nuestro modo de vida y el de nuestros hijos.<\/p>\n\n\n\n<p>(En la imagen, el embarque de piezas de Idesa esta semana en el puerto supone un alivio para la industria.&nbsp;PABLO NOSTI).<\/p>\n\n\n\n<p><em>Publicado en La Voz de Avil\u00e9s-El Comercio el 11 de enero de 2026<\/em><\/p>\n<!-- AddThis Advanced Settings generic via filter on the_content --><!-- AddThis Share Buttons generic via filter on the_content -->","protected":false},"excerpt":{"rendered":"<p>El caos geopol\u00edtico global golpea a la industria asturiana y obliga a mantener la vigilancia en el \u00e1mbito local Si esta p\u00e1gina se dedicara hoy a plantear una tesis sobre la fragilidad, seguramente acertar\u00edamos en las consecuencias de un mundo en ebullici\u00f3n que ya\u00a0no controlamos con las normas que reg\u00edan hasta ahora. Ser\u00eda una forma [&hellip;]<!-- AddThis Advanced Settings generic via filter on get_the_excerpt --><!-- AddThis Share Buttons generic via filter on get_the_excerpt --><\/p>\n","protected":false},"author":45,"featured_media":2931,"comment_status":"open","ping_status":"closed","sticky":false,"template":"","format":"standard","meta":[],"categories":[2],"tags":[],"_links":{"self":[{"href":"https:\/\/blogs.elcomercio.es\/dame-buenas-noticias\/wp-json\/wp\/v2\/posts\/2929"}],"collection":[{"href":"https:\/\/blogs.elcomercio.es\/dame-buenas-noticias\/wp-json\/wp\/v2\/posts"}],"about":[{"href":"https:\/\/blogs.elcomercio.es\/dame-buenas-noticias\/wp-json\/wp\/v2\/types\/post"}],"author":[{"embeddable":true,"href":"https:\/\/blogs.elcomercio.es\/dame-buenas-noticias\/wp-json\/wp\/v2\/users\/45"}],"replies":[{"embeddable":true,"href":"https:\/\/blogs.elcomercio.es\/dame-buenas-noticias\/wp-json\/wp\/v2\/comments?post=2929"}],"version-history":[{"count":2,"href":"https:\/\/blogs.elcomercio.es\/dame-buenas-noticias\/wp-json\/wp\/v2\/posts\/2929\/revisions"}],"predecessor-version":[{"id":2933,"href":"https:\/\/blogs.elcomercio.es\/dame-buenas-noticias\/wp-json\/wp\/v2\/posts\/2929\/revisions\/2933"}],"wp:featuredmedia":[{"embeddable":true,"href":"https:\/\/blogs.elcomercio.es\/dame-buenas-noticias\/wp-json\/wp\/v2\/media\/2931"}],"wp:attachment":[{"href":"https:\/\/blogs.elcomercio.es\/dame-buenas-noticias\/wp-json\/wp\/v2\/media?parent=2929"}],"wp:term":[{"taxonomy":"category","embeddable":true,"href":"https:\/\/blogs.elcomercio.es\/dame-buenas-noticias\/wp-json\/wp\/v2\/categories?post=2929"},{"taxonomy":"post_tag","embeddable":true,"href":"https:\/\/blogs.elcomercio.es\/dame-buenas-noticias\/wp-json\/wp\/v2\/tags?post=2929"}],"curies":[{"name":"wp","href":"https:\/\/api.w.org\/{rel}","templated":true}]}}