{"id":2934,"date":"2026-01-18T11:50:18","date_gmt":"2026-01-18T10:50:18","guid":{"rendered":"https:\/\/blogs.elcomercio.es\/dame-buenas-noticias\/?p=2934"},"modified":"2026-01-18T11:51:20","modified_gmt":"2026-01-18T10:51:20","slug":"jose-maria-urbano-el-nivel-de-innovacion-en-asturias-es-extraordinario","status":"publish","type":"post","link":"https:\/\/blogs.elcomercio.es\/dame-buenas-noticias\/2026\/01\/18\/jose-maria-urbano-el-nivel-de-innovacion-en-asturias-es-extraordinario\/","title":{"rendered":"Jos\u00e9 Mar\u00eda Urbano: \u00abEl nivel de innovaci\u00f3n en Asturias es extraordinario\u00bb"},"content":{"rendered":"\n<h3>Periodista, fundador y director durante seis a\u00f1os de AsturiasInnova+<\/h3>\n\n\n\n<p><strong>\u00abAqu\u00ed hay profesionales referentes mundiales en muchos campos. Hay que cre\u00e9rselo y saber venderse\u00bb<\/strong><\/p>\n\n\n\n<p><strong>\u00abDimos con la f\u00f3rmula perfecta, o casi. El peri\u00f3dico asegura rigor y objetividad\u00bb<\/strong><\/p>\n\n\n\n<p><strong>\u00abEl crecimiento de centros de I+D+i ha sido notable. Es un camino que no tiene marcha atr\u00e1s\u00bb<\/strong><\/p>\n\n\n\n<p><\/p>\n\n\n\n<p><\/p>\n\n\n\n<p><\/p>\n\n\n\n<p><\/p>\n\n\n\n<p><strong>Laura Mayordomo<\/strong><\/p>\n\n\n\n<p><\/p>\n\n\n\n<p>Maestro de varias hornadas de periodistas durante sus m\u00e1s de cuarenta a\u00f1os de trayectoria en&nbsp;<a href=\"http:\/\/www.elcomercio.es\/aviles\/\" target=\"_blank\" rel=\"noreferrer noopener external nofollow\">LA VOZ DE AVIL\u00c9S<\/a>&nbsp;y&nbsp;<a href=\"http:\/\/www.elcomercio.es\/\" target=\"_blank\" rel=\"noreferrer noopener external nofollow\">EL COMERCIO<\/a>&nbsp;\u2013en&nbsp;\u00e9l confluyen ambas profesiones, junto con la de escritor, ya que es autor de cuatro libros\u2013, Jos\u00e9 Mar\u00eda Urbano (Mieres, 1954) pone fin a una etapa. La que inici\u00f3 en 2019, tras la jubilaci\u00f3n, poniendo en marcha en esta casa AsturiasInnova+, el proyecto de divulgaci\u00f3n, debate y reflexi\u00f3n de la innovaci\u00f3n, que ha dirigido hasta ahora. La m\u00fasica, la lectura y la escritura (seguir\u00e1 publicando en estas p\u00e1ginas cada domingo) ocupar\u00e1n todo su tiempo a partir de ahora.<\/p>\n\n\n\n<p><strong>\u2013Anuncia su marcha seis a\u00f1os despu\u00e9s de haber creado y dirigido AsturiasInnova+. \u00bfPor alguna raz\u00f3n&nbsp;especial?<\/strong><\/p>\n\n\n\n<p>\u2013No, simplemente por un fin de ciclo, como sucede en la vida. Pensaba hacerlo al final del quinto a\u00f1o, pero por una serie de circunstancias se fue alargando. Y en el mes de octubre pasado ya comuniqu\u00e9 a la direcci\u00f3n del peri\u00f3dico y al comit\u00e9 t\u00e9cnico del proyecto que el 31 de diciembre ser\u00eda mi despedida.<\/p>\n\n\n\n<p><strong>\u2013Volvamos a 2019, a los inicios. \u00bfLanzar AsturiasInnova+ en aquel momento fue un ejercicio de audacia period\u00edstica?<\/strong><\/p>\n\n\n\n<p>\u2013M\u00e1s que de audacia, de visi\u00f3n. De tratar de ser los primeros en poner en marcha un proyecto de divulgaci\u00f3n pionero en Asturias. El proyecto nace de un caf\u00e9 compartido con Nicol\u00e1s de Abajo, una de las grandes personalidades de la innovaci\u00f3n de este pa\u00eds, que fue el que me sugiri\u00f3 hacer algo conjuntamente, \u00e9l desde la empresa tractora de Asturias, ArcelorMittal, y su centro de I+D+i, el m\u00e1s importante de la regi\u00f3n, y yo desde el peri\u00f3dico. El proyecto fue aceptado y bendecido por Greg Ludkowski, responsable mundial de la innovaci\u00f3n en ArcelorMittal, y en el peri\u00f3dico por su entonces director, Marcelino Guti\u00e9rrez, y su director general, Goyo Ezama.<\/p>\n\n\n\n<p><strong>\u2013Ha sido testigo de una transformaci\u00f3n como pocas. \u00bfCu\u00e1l era entonces el escenario en materia de innovaci\u00f3n y transferencia del conocimiento en Asturias y c\u00f3mo ha evolucionado en estos seis a\u00f1os?<\/strong><\/p>\n\n\n\n<p>\u2013Hay que tener en cuenta que cuando nosotros empezamos la propia Consejer\u00eda de Ciencia estaba en el proceso de formaci\u00f3n de sus equipos. No hab\u00eda antecedentes. Seis a\u00f1os despu\u00e9s se puede decir que han sido miles de nombres propios, entre profesionales, empresas, grandes y peque\u00f1as, centros tecnol\u00f3gicos y proyectos de todo tipo los que han pasado por las p\u00e1ginas de AsturiasInnova+ en EL COMERCIO-LA VOZ DE AVIL\u00c9S, y much\u00edsimas personas que han participado en la segunda pata del proyecto: la de organizaci\u00f3n de eventos de todo tipo tratando de ofrecer una visi\u00f3n general del mundo que nos sirviera para ser aprovechada en Asturias.<\/p>\n\n\n\n<p><strong>\u2013En aquel momento la innovaci\u00f3n no era un tema que estuviera en la sociedad con la relevancia que tiene hoy en d\u00eda&#8230;<\/strong><\/p>\n\n\n\n<p>\u2013En absoluto. Creo que despu\u00e9s de este tiempo conseguimos el gran objetivo de que la innovaci\u00f3n, la ciencia y la tecnolog\u00eda formen parte ya de conversaciones normales hasta en la barra de un bar.<\/p>\n\n\n\n<p><strong>\u2013\u00bfPor qu\u00e9 es tan importante contar la innovaci\u00f3n desde un medio de comunicaci\u00f3n como EL COMERCIO\/LA VOZ DE AVIL\u00c9S?<\/strong><\/p>\n\n\n\n<p>\u2013Porque el peri\u00f3dico asegura rigor y objetividad. Los propios t\u00e9cnicos e investigadores podr\u00edan hacer esa divulgaci\u00f3n, pero seguramente al final iba a estar dirigida a su propio mundo m\u00e1s que a la sociedad en general. Y si lo dejamos en manos de la pol\u00edtica, sabemos que el riesgo es el de la propaganda. Creo que dimos con la f\u00f3rmula perfecta o casi. De un lado, los t\u00e9cnicos, los investigadores, los cient\u00edficos, que son los que tienen cosas que contarnos sobre lo que hacen y, de otro, periodistas con conocimiento y rigor que saben hacer preguntas y entender las respuestas para trasladarlas al conjunto de la sociedad.<\/p>\n\n\n\n<h3>Un proyecto profesional<\/h3>\n\n\n\n<p><strong>\u2013\u00bfPor qu\u00e9 considera que AsturiasInnova+ es un proyecto de divulgaci\u00f3n especial?<\/strong><\/p>\n\n\n\n<p>\u2013Porque desde el primer momento se acept\u00f3 que fuera un proyecto exclusivamente profesional. Aqu\u00ed nunca ha intervenido la pol\u00edtica, ni nadie ha conseguido un espacio por haber pagado publicidad. Fueron las dos condiciones aceptadas por Marcelino Guti\u00e9rrez. La tercera tambi\u00e9n fue aceptada: que Cristina Tuero fuera la que llevara el proyecto dentro del peri\u00f3dico. Y los resultados saltan a la vista. Y luego, buscamos un comit\u00e9 t\u00e9cnico que nos ayudara y ah\u00ed nos toc\u00f3 la loter\u00eda.<\/p>\n\n\n\n<p><strong>\u2013\u00bfPor qu\u00e9?<\/strong><\/p>\n\n\n\n<p>\u2013Porque el comit\u00e9 t\u00e9cnico de AsturiasInnova+ es un lujo que nadie en Asturias ha podido igualar. Hemos tenido dos partners institucionales, la Consejer\u00eda de Ciencia y el Ayuntamiento de Avil\u00e9s. La presencia de Eva Pando como directora general del Idepa en aquel momento fue important\u00edsima. Lo mismo que el compromiso de la alcaldesa de Avil\u00e9s y el concejal de Promoci\u00f3n Econ\u00f3mica, que apoyaron y pusieron los recursos de su \u00e1rea a disposici\u00f3n del proyecto. Y lo siguen haciendo. Y a partir de ah\u00ed contar con el rector de la Universidad, el actual y el anterior, los m\u00e1ximos responsables de I+D+i y Comunicaci\u00f3n de ArcelorMittal, Idonial y la figura de \u00cd\u00f1igo Felgueroso, Mario Fern\u00e1ndez Fraga por el ISPA-FINBA-CSIC, Leticia Rodr\u00edguez por el Grupo Agbar, Pablo Mart\u00edn y Miguel \u00c1ngel Acero por Izertis, Orlando Alonso y Guillermo Ulacia por Windar Renovables, adem\u00e1s de los m\u00e1ximos responsables de EL COMERCIO\u2026 contar con todas estas personas ha sido un lujo que yo les quiero agradecer porque buena parte del \u00e9xito es de ellos.<\/p>\n\n\n\n<p><strong>\u2013Adem\u00e1s de publicaciones, han sido seis a\u00f1os de jornadas, encuentros, debates. Y los Premios Asturiasinnova+, que se entregar\u00e1n el pr\u00f3ximo 3 de febrero. Personalmente, \u00bfqu\u00e9 ha sido lo m\u00e1s gratificante de este proyecto?<\/strong><\/p>\n\n\n\n<p>\u2013En primer lugar, incluir en las p\u00e1ginas del peri\u00f3dico y en los eventos organizados a todo el entramado innovador de Asturias. En segundo lugar, haber sabido tejer una red de colaboraci\u00f3n en una doble direcci\u00f3n. Primero, de los propios profesionales entre s\u00ed, facilitando su contacto, con ejemplos enriquecedores. Y segundo, entre AsturiasInnova+ y ese amplio abanico de profesionales, empresas y proyectos, y adem\u00e1s una red de colaboradores que se volcaron con nosotros. Los ayuntamientos de Oviedo y Avil\u00e9s, las C\u00e1maras de Comercio de Oviedo y Gij\u00f3n, la Alianza de Fundaciones para el Desarrollo del Territorio, el IUOPA, CTIC, La Curtidora, el Centro Niemeyer, Vodafone\u2026 Todo el mundo se port\u00f3 con nosotros con una generosidad incre\u00edble.<\/p>\n\n\n\n<h3>Avances en los \u00faltimos a\u00f1os<\/h3>\n\n\n\n<p><strong>\u2013\u00bfConsidera que Asturias est\u00e1 sabiendo aprovechar todo el talento cient\u00edfico y tecnol\u00f3gico que genera?<\/strong><\/p>\n\n\n\n<p>\u2013En nuestra regi\u00f3n ha habido avances muy importantes en estos \u00faltimos a\u00f1os. La propia existencia de la Consejer\u00eda de Ciencia es un dato muy relevante. Aqu\u00ed trabajan profesionales de un prestigio extraordinario, que son referentes mundiales en muchos casos. Y no solo hablo de la industria. Percibo que hay un cambio para bien en la Universidad de Oviedo en ese sentido, de poner en valor todo el trabajo que se hace con las empresas e intensificarlo. Uno de nuestros invitados a una de las jornadas, en este caso con el IUOPA, Pablo Men\u00e9ndez, un joven asturiano que es un referente mundial en leucemia infantil desde la Fundaci\u00f3n Josep Carreras, nos dec\u00eda que Asturias se lo tiene que creer y que tiene que saber venderse y divulgarlo.<\/p>\n\n\n\n<p><strong>\u2013\u00bfLa innovaci\u00f3n est\u00e1 llegando realmente al tejido empresarial asturiano?<\/strong><\/p>\n\n\n\n<p>\u2013Es que no hay otra alternativa. El futuro pasa por la innovaci\u00f3n, la digitalizaci\u00f3n, la inteligencia artificial o la computaci\u00f3n cu\u00e1ntica, aunque ahora parece que la situaci\u00f3n geopol\u00edtica est\u00e1 frenando algunos objetivos que hasta hace muy poco estaban claros. En los \u00faltimos a\u00f1os, el crecimiento de centros de I+D+i en Asturias, sobre todo en la industria, ha sido m\u00e1s que notable. Y ese es un buen term\u00f3metro para medir ese camino que se ha emprendido y que no tiene marcha atr\u00e1s.<\/p>\n\n\n\n<p><strong>\u2013\u00bfEst\u00e1n bien definidos los nuevos enfoques para la econom\u00eda regional centrados en la industria de Defensa y otros sectores emergentes?<\/strong><\/p>\n\n\n\n<p>\u2013Personalmente siempre prefiero hablar de &#8216;hemos hecho&#8217; o &#8216;estamos haciendo&#8217;. Hay que verlo. En todo caso, Asturias es mucho m\u00e1s que Defensa.<\/p>\n\n\n\n<h3>Objetivo por cumplir<\/h3>\n\n\n\n<p><strong>\u2013\u00bfSe marcha de AsturiasInnova+ con alg\u00fan objetivo no cumplido?<\/strong><\/p>\n\n\n\n<p>\u2013S\u00ed, con uno al menos. Nuestro sue\u00f1o fue siempre organizar un congreso sobre las ciudades del mundo que hoy son un ejemplo de transformaci\u00f3n urban\u00edstica, econ\u00f3mica y social. Y contaba con la participaci\u00f3n confirmada de dos referentes mundiales: Alfonso Vegara, presidente de honor de la Fundaci\u00f3n Metr\u00f3poli, uno de los urbanistas m\u00e1s reconocidos a nivel global; y Javier Sesma, vicepresidente global de TK Elevator, uno de los grandes expertos mundiales sobre la movilidad en las ciudades. Al final no se dieron las condiciones id\u00f3neas para organizarlo.<\/p>\n\n\n\n<p><strong>\u2013Y ahora \u00bfqu\u00e9? \u00bfPiensa seguir en activo pese a estar jubilado?<\/strong><\/p>\n\n\n\n<p>\u2013Bueno, siempre habr\u00e1 otros caminos por explorar, el caso es estar despierto como jubilado y si se puede ayudar a mejorar cosas en nuestra sociedad, mejor todav\u00eda. En todo caso, el \u00e9xito de los proyectos nunca son solo de una persona, sino de un equipo. En el caso de AsturiasInnova+, un equipo peque\u00f1o, pero muy efectivo. Sin Cristina Tuero las cosas no habr\u00edan salido igual, por eso mi agradecimiento tiene que ir en primer lugar para ella, y tambi\u00e9n ahora para ti tras haber cogido su testigo. Un agradecimiento que tengo que extender al comit\u00e9 t\u00e9cnico, a la direcci\u00f3n del peri\u00f3dico y a todas las personas que nos ayudaron de forma tan generosa en todos los puntos del Principado desde donde nos reclamaron y a los que acudimos. Fue un placer encontrar a todas estas personas.<\/p>\n\n\n\n<p><em>Publicado en EL COMERCIO-LA VOZ DE AVIL\u00c9S el 18 de enero de 2026<\/em><\/p>\n<!-- AddThis Advanced Settings generic via filter on the_content --><!-- AddThis Share Buttons generic via filter on the_content -->","protected":false},"excerpt":{"rendered":"<p>Periodista, fundador y director durante seis a\u00f1os de AsturiasInnova+ \u00abAqu\u00ed hay profesionales referentes mundiales en muchos campos. Hay que cre\u00e9rselo y saber venderse\u00bb \u00abDimos con la f\u00f3rmula perfecta, o casi. El peri\u00f3dico asegura rigor y objetividad\u00bb \u00abEl crecimiento de centros de I+D+i ha sido notable. Es un camino que no tiene marcha atr\u00e1s\u00bb Laura Mayordomo [&hellip;]<!-- AddThis Advanced Settings generic via filter on get_the_excerpt --><!-- AddThis Share Buttons generic via filter on get_the_excerpt --><\/p>\n","protected":false},"author":45,"featured_media":2936,"comment_status":"open","ping_status":"closed","sticky":false,"template":"","format":"standard","meta":[],"categories":[1],"tags":[],"_links":{"self":[{"href":"https:\/\/blogs.elcomercio.es\/dame-buenas-noticias\/wp-json\/wp\/v2\/posts\/2934"}],"collection":[{"href":"https:\/\/blogs.elcomercio.es\/dame-buenas-noticias\/wp-json\/wp\/v2\/posts"}],"about":[{"href":"https:\/\/blogs.elcomercio.es\/dame-buenas-noticias\/wp-json\/wp\/v2\/types\/post"}],"author":[{"embeddable":true,"href":"https:\/\/blogs.elcomercio.es\/dame-buenas-noticias\/wp-json\/wp\/v2\/users\/45"}],"replies":[{"embeddable":true,"href":"https:\/\/blogs.elcomercio.es\/dame-buenas-noticias\/wp-json\/wp\/v2\/comments?post=2934"}],"version-history":[{"count":3,"href":"https:\/\/blogs.elcomercio.es\/dame-buenas-noticias\/wp-json\/wp\/v2\/posts\/2934\/revisions"}],"predecessor-version":[{"id":2938,"href":"https:\/\/blogs.elcomercio.es\/dame-buenas-noticias\/wp-json\/wp\/v2\/posts\/2934\/revisions\/2938"}],"wp:featuredmedia":[{"embeddable":true,"href":"https:\/\/blogs.elcomercio.es\/dame-buenas-noticias\/wp-json\/wp\/v2\/media\/2936"}],"wp:attachment":[{"href":"https:\/\/blogs.elcomercio.es\/dame-buenas-noticias\/wp-json\/wp\/v2\/media?parent=2934"}],"wp:term":[{"taxonomy":"category","embeddable":true,"href":"https:\/\/blogs.elcomercio.es\/dame-buenas-noticias\/wp-json\/wp\/v2\/categories?post=2934"},{"taxonomy":"post_tag","embeddable":true,"href":"https:\/\/blogs.elcomercio.es\/dame-buenas-noticias\/wp-json\/wp\/v2\/tags?post=2934"}],"curies":[{"name":"wp","href":"https:\/\/api.w.org\/{rel}","templated":true}]}}