{"id":2940,"date":"2026-01-18T16:50:00","date_gmt":"2026-01-18T15:50:00","guid":{"rendered":"https:\/\/blogs.elcomercio.es\/dame-buenas-noticias\/?p=2940"},"modified":"2026-01-26T16:58:10","modified_gmt":"2026-01-26T15:58:10","slug":"arkuos-mira-al-futuro","status":"publish","type":"post","link":"https:\/\/blogs.elcomercio.es\/dame-buenas-noticias\/2026\/01\/18\/arkuos-mira-al-futuro\/","title":{"rendered":"Arkuos mira al futuro"},"content":{"rendered":"\n<p><strong>Un proyecto de educaci\u00f3n no reglada ofrecer\u00e1 a ni\u00f1os y j\u00f3venes en Avil\u00e9s un espacio creativo, flexible y disruptivo<\/strong><\/p>\n\n\n\n<p>Hay proyectos que no necesitan aulas para ense\u00f1ar ni pupitres para ordenar el mundo. Arkuos, que ahora anuncia su desembarco en Avil\u00e9s tras su experiencia\u00a0en La Felguera, es uno de ellos. Un espacio de educaci\u00f3n no reglada donde conviven juego, dise\u00f1o y aprendizaje, y donde la filosof\u00eda de Rosan Bosch se traduce en un ecosistema que invita a descubrir, crear y crecer sin las barreras de la escuela tradicional. Estamos ante uno de los proyectos m\u00e1s ilusionantes que se podr\u00edan anunciar en este momento, en un tiempo en donde conviven a partes iguales la incertidumbre y la perplejidad por lo que est\u00e1 sucediendo en el mundo. La iniciativa anunciada por la Fundaci\u00f3n Cruz de los \u00c1ngeles, a trav\u00e9s de su directora general. Teresa Estrada, est\u00e1 llamada a convertir el espacio de Avil\u00e9s en un referente internacional, como ya lo es desde su apertura el de La Felguera.<\/p>\n\n\n\n<p>Esta semana se daban a conocer los datos claves, como lo hace hoy mismo en estas p\u00e1ginas de LA VOZ DE AVIL\u00c9S Teresa Estrada, responsable de una idea que lleva gest\u00e1ndose unos tres a\u00f1os y que ella y su entorno han sabido mantener con una total discreci\u00f3n mientras se iban gestionando cuestiones como la de su emplazamiento en el coraz\u00f3n del barrio marinero de Sabugo. De esa forma se entiende tambi\u00e9n mejor este &#8216;Arkuos Marino&#8217; que es el que se quiere desarrollar aqu\u00ed, partiendo de la vocaci\u00f3n de una ciudad que basa buena parte de su historia milenaria en la importancia de su r\u00eda.<\/p>\n\n\n\n<p>Merece la pena ir por partes para tratar de entenderlo mejor. La Fundaci\u00f3n Cruz de los \u00c1ngeles puso en marcha Arkuos en los bajos de un edificio de La Felguera en el a\u00f1o 2021, con el objetivo de aglutinar en su espacio a ni\u00f1os, adolescentes y j\u00f3venes, de 7 a 23 a\u00f1os, con el objetivo principal de incentivar la creatividad, la innovaci\u00f3n y el talento juvenil.<\/p>\n\n\n\n<p>Cruz de los \u00c1ngeles es una organizaci\u00f3n sin \u00e1nimo de lucro que nace en 1962, siendo declarada de utilidad p\u00fablica en 1974. En el a\u00f1o 2000 pasa a ser fundaci\u00f3n que se identifica hoy como entidad del tercer sector, dedicada principalmente a la infancia, juventud y familia, apostando por la innovaci\u00f3n y colaboraci\u00f3n institucional como valor social estrat\u00e9gico. Adem\u00e1s, forma parte de la Alianza de Fundaciones para el Desarrollo de los Territorios, tambi\u00e9n presidida por Teresa Estrada, que est\u00e1 integrada por nueve fundaciones asturianas, entre ellas la Fundaci\u00f3n Laboral de la Construcci\u00f3n, FAEN, CTIC, CETEMAS o Idonial.<\/p>\n\n\n\n<p>Arkuos abre como un espacio en el que los \u00fanico protagonistas van a ser sus ocupantes y para ello elegir\u00e1n lo que quieren hacer, en qu\u00e9 equipos quieren integrarse y c\u00f3mo quieren participar en un espacio atractivo, con un dise\u00f1o rompedor. Cuentan adem\u00e1s con mentores senior que les van a acompa\u00f1ar y tambi\u00e9n mentores junior. Y podr\u00e1n elegir entre varias opciones que se ponen a su disposici\u00f3n, desde un roc\u00f3dromo a un plat\u00f3 de televisi\u00f3n, un estudio de radio, un taller para manejo de drones, una cocina, un huerto, un espacio para 3D, otros para la lectura&#8230;<\/p>\n\n\n\n<p>Un proyecto singular que solo se entiende acerc\u00e1ndose a la filosof\u00eda de su creadora, la arquitecta Rosan Bosch (Utrecht, Holanda, 1969), fundadora del Rosan Bosch Studio, con sede en Copenhague. Reconocida a nivel internacional por sus obras en medio mundo (Suecia, Abu Dhabi, Buenos Aires, China&#8230;), destac\u00f3 inicialmente por el dise\u00f1o de las escuelas Vitra, en Suecia, para estimular la curiosidad y la creatividad de ni\u00f1os y j\u00f3venes. Para Bosch, el espacio figura como una de las herramientas educativas m\u00e1s importantes, y de ah\u00ed su dise\u00f1o innovador y poco convencional, en donde el juego y la creatividad son elementos b\u00e1sicos para esas \u00abnuevas formas de aprender\u00bb. Eso es lo que se ve y lo que sorprende cuando uno entra en el espacio de Arkuos en La Felguera, en donde han llegado a tener m\u00e1s de 1.300 inscritos. Convertido en un referente internacional, obtuvo en 2023 el premio de AsturiasInnova+ a la Innovaci\u00f3n Social que otorga este peri\u00f3dico y Vodafone.<\/p>\n\n\n\n<p>En su ultimo libro publicado en 2021, &#8216;Play to Learn\u2013Designing for Uncertainty&#8217;, Bosch se\u00f1ala que el aprendizaje del siglo XXI debe prepararnos para la incertidumbre. Y la herramienta m\u00e1s poderosa para lograrlo es el juego. Para ello propone redise\u00f1ar los espacios educativos para que funcionen como ecosistemas vivos donde los estudiantes exploran, experimentan, se equivocan y crean. \u00abLa escuela debe dejar de ser un lugar de transmisi\u00f3n y convertirse en un lugar de transformaci\u00f3n. Si el mundo cambia, la escuela tambi\u00e9n debe cambiar, y el dise\u00f1o es una palanca decisiva\u00bb, concluye la dise\u00f1adora.<\/p>\n\n\n\n<p>El Arkuos Marino que se plantea ahora para Avil\u00e9s mantendr\u00e1 los mismos principios que rigen en el de La Felguera. Del dise\u00f1o se encargar\u00e1 el estudio Men\u00e9ndez y Gamonal y l\u00f3gicamente el espacio se dedicar\u00e1 especialmente al \u00e1mbito marino, desde la sostenibilidad y la protecci\u00f3n de los oc\u00e9anos, a la biotecnolog\u00eda y ecosistemas marinos.<\/p>\n\n\n\n<p>En una ciudad que ha dado muestras m\u00e1s que sobradas de saber reinventarse sin renunciar a su esencia, la llegada de Arkuos debe tomarse como un proyecto que no viene a negar o sustituir nada cuando hablamos de educaci\u00f3n, sino a abrir una puerta nueva que invita a imaginar, experimentar y a aprender sin miedo. Los j\u00f3venes siempre responden, como han demostrado en ese primer espacio, por eso el anuncio del Arkuos Marino en Avil\u00e9s solo puede invitar al optimismo. El reto est\u00e1 servido. Estamos ante una nueva oportunidad para seguir ganando el futuro.<\/p>\n\n\n\n<p>(En la fotograf\u00eda, imagen de una de las actividades del &#8216;huerto&#8217; de Arkuos de La Felguera.\u00a0ARKUOS)<\/p>\n\n\n\n<p><em>Publicado en La Voz de Avil\u00e9s<\/em>&#8211;<em>El Comercio el<\/em> 1<em>8 de enero de 2026<\/em><\/p>\n<!-- AddThis Advanced Settings generic via filter on the_content --><!-- AddThis Share Buttons generic via filter on the_content -->","protected":false},"excerpt":{"rendered":"<p>Un proyecto de educaci\u00f3n no reglada ofrecer\u00e1 a ni\u00f1os y j\u00f3venes en Avil\u00e9s un espacio creativo, flexible y disruptivo Hay proyectos que no necesitan aulas para ense\u00f1ar ni pupitres para ordenar el mundo. Arkuos, que ahora anuncia su desembarco en Avil\u00e9s tras su experiencia\u00a0en La Felguera, es uno de ellos. Un espacio de educaci\u00f3n no [&hellip;]<!-- AddThis Advanced Settings generic via filter on get_the_excerpt --><!-- AddThis Share Buttons generic via filter on get_the_excerpt --><\/p>\n","protected":false},"author":45,"featured_media":2942,"comment_status":"open","ping_status":"closed","sticky":false,"template":"","format":"standard","meta":[],"categories":[2],"tags":[],"_links":{"self":[{"href":"https:\/\/blogs.elcomercio.es\/dame-buenas-noticias\/wp-json\/wp\/v2\/posts\/2940"}],"collection":[{"href":"https:\/\/blogs.elcomercio.es\/dame-buenas-noticias\/wp-json\/wp\/v2\/posts"}],"about":[{"href":"https:\/\/blogs.elcomercio.es\/dame-buenas-noticias\/wp-json\/wp\/v2\/types\/post"}],"author":[{"embeddable":true,"href":"https:\/\/blogs.elcomercio.es\/dame-buenas-noticias\/wp-json\/wp\/v2\/users\/45"}],"replies":[{"embeddable":true,"href":"https:\/\/blogs.elcomercio.es\/dame-buenas-noticias\/wp-json\/wp\/v2\/comments?post=2940"}],"version-history":[{"count":3,"href":"https:\/\/blogs.elcomercio.es\/dame-buenas-noticias\/wp-json\/wp\/v2\/posts\/2940\/revisions"}],"predecessor-version":[{"id":2944,"href":"https:\/\/blogs.elcomercio.es\/dame-buenas-noticias\/wp-json\/wp\/v2\/posts\/2940\/revisions\/2944"}],"wp:featuredmedia":[{"embeddable":true,"href":"https:\/\/blogs.elcomercio.es\/dame-buenas-noticias\/wp-json\/wp\/v2\/media\/2942"}],"wp:attachment":[{"href":"https:\/\/blogs.elcomercio.es\/dame-buenas-noticias\/wp-json\/wp\/v2\/media?parent=2940"}],"wp:term":[{"taxonomy":"category","embeddable":true,"href":"https:\/\/blogs.elcomercio.es\/dame-buenas-noticias\/wp-json\/wp\/v2\/categories?post=2940"},{"taxonomy":"post_tag","embeddable":true,"href":"https:\/\/blogs.elcomercio.es\/dame-buenas-noticias\/wp-json\/wp\/v2\/tags?post=2940"}],"curies":[{"name":"wp","href":"https:\/\/api.w.org\/{rel}","templated":true}]}}