{"id":2945,"date":"2026-01-25T16:59:00","date_gmt":"2026-01-25T15:59:00","guid":{"rendered":"https:\/\/blogs.elcomercio.es\/dame-buenas-noticias\/?p=2945"},"modified":"2026-01-26T17:12:58","modified_gmt":"2026-01-26T16:12:58","slug":"orgullo-colectivo","status":"publish","type":"post","link":"https:\/\/blogs.elcomercio.es\/dame-buenas-noticias\/2026\/01\/25\/orgullo-colectivo\/","title":{"rendered":"Orgullo colectivo"},"content":{"rendered":"\n<p><strong>El HUSA cumple 50 a\u00f1os como s\u00edmbolo de servicio p\u00fablico en un momento en el que sufre la atenci\u00f3n al paciente<\/strong><\/p>\n\n\n\n<p>Lo he escrito en m\u00e1s de una ocasi\u00f3n: los maestros y los m\u00e9dicos son los grandes h\u00e9roes de nuestra sociedad. Los primeros ense\u00f1an y educan,&nbsp;los segundos curan nuestras enfermedades y nos orientan hacia la salud. Pocas profesiones tienen un impacto tan directo sobre la vida de las personas. Avil\u00e9s asiste ya a la celebraci\u00f3n del 50 aniversario de la apertura del Hospital Universitario San Agust\u00edn, sin duda uno de los grandes hitos del siglo XX en esta ciudad, llamado en aquel momento a atender todo el Occidente asturiano desde Avil\u00e9s. Hoy, con 1.700 trabajadores nada menos, el HUSA sigue siendo ese lujo que tenemos a nuestra disposici\u00f3n, tanto en el lado asistencial que nos ofrecen sus profesionales como en las instalaciones. Ese esp\u00edritu de servicio p\u00fablico que encarn\u00f3 el HUSA en 1975 es precisamente el que hoy deber\u00edamos reivindicar con m\u00e1s fuerza.<\/p>\n\n\n\n<p>En los \u00faltimos a\u00f1os, la sanidad p\u00fablica espa\u00f1ola, universal y gratuita, considerada en su d\u00eda una de las mejores del mundo, asiste a los efectos de distintas pol\u00edticas que han favorecido la externalizaci\u00f3n y el crecimiento del sector privado. Y junto a esto, otra realidad incuestionable, como es la incidencia del envejecimiento de la poblaci\u00f3n en la organizaci\u00f3n interna del servicio y en la factura final que asume el Estado. Seg\u00fan los \u00faltimos datos de la Divisi\u00f3n de Poblaci\u00f3n de Naciones Unidas, Espa\u00f1a ocupa el puesto n\u00famero once en esperanza de vida: 84 a\u00f1os; el puesto 26 en envejecimiento: el 21,6% de la poblaci\u00f3n tiene 65 a\u00f1os o m\u00e1s; y Asturias es l\u00edder en ese envejecimiento, por delante de Galicia y Castilla y Le\u00f3n. Conclusi\u00f3n: la organizaci\u00f3n de la atenci\u00f3n sanitaria publica afronta un vuelco extraordinario en la forma de asumir esas nuevas circunstancias. Y a ese an\u00e1lisis, con propuestas incluidas, llevan tiempo dedic\u00e1ndose los expertos en gesti\u00f3n sanitaria y organizaci\u00f3n, alguno de ellos bien cercano.<\/p>\n\n\n\n<p>En ese objetivo final de encontrar f\u00f3rmulas que mejoren la atenci\u00f3n sanitaria en general, nos encontramos con las reivindicaciones de los profesionales m\u00e9dicos, que en el caso de Asturias se han saldado con cuatro d\u00edas de huelga en el mes de diciembre, mientras que su sindicato, el SIMPA (Sindicato M\u00e9dico de Asturias) ya ha anunciado que se sumar\u00e1 al paro nacional que acaba de convocar el CESM (Confederaci\u00f3n Espa\u00f1ola de Sindicatos M\u00e9dicos) desde febrero a junio, una semana de paro al mes para conseguir un estatuto profesional propio.<\/p>\n\n\n\n<p>Antes de seguir adelante, un par de datos a tener en cuenta. El a\u00f1o 2025 se cerr\u00f3 en Asturias con 22.402 operaciones pendientes. Y 116.486 personas quedaron a la espera de una primera consulta con el especialista, la mayor lista de espera de los \u00faltimos diez a\u00f1os. Cifras fr\u00edas, pero detr\u00e1s de ellas hay personas reales, con dolencias y miedos reales.<\/p>\n\n\n\n<p>En esta regi\u00f3n, y en nuestro pa\u00eds en general, hay determinadas cuestiones sobre las que nadie hace preguntas ni nadie sale a la luz p\u00fablica para denunciarlas. Es como si todo el mundo asumiera eso tan manido de \u00abes lo que hay, vale m\u00e1s no moverlo\u00bb. Al final no deja de ser un ejercicio de hipocres\u00eda colectiva.<\/p>\n\n\n\n<p>Las reivindicaciones de los m\u00e9dicos, como las de cualquier trabajador \u2013salvando algunas distancias no menores\u2013 hay que considerarlas normales siempre, y seguramente no les falta raz\u00f3n para expresarlas y pelear por ellas, incluso con la huelga, que es un derecho fundamental que ampara a todos. El problema en el caso del paro organizado por el SIMPA es de concepto: se vendi\u00f3 como algo que persegu\u00eda sobre todo \u00abla mejora de la atenci\u00f3n al paciente\u00bb, objetivo encomiable sin duda. Y cuando llegaron los resultados en forma de &#8216;acuerdo&#8217; con la Consejer\u00eda de Salud, todo el mundo lo dio por bueno.<\/p>\n\n\n\n<h3>El listado del acuerdo<\/h3>\n\n\n\n<p>He estado revisando los puntos de ese acuerdo, en busca de aquellos que supuestamente iban a beneficiar una mejor atenci\u00f3n al paciente y me he encontrado con esto. 1. Jornadas y guardias. 2. Reconocimiento profesional (m\u00e1s dinero por el esfuerzo formativo y asistencial). 3. Flexibilidad y conciliaci\u00f3n y la salud laboral. 4. Jubilaci\u00f3n (coeficiente reductor). 5. Brecha salarial por exclusividad (se reduce un 60%, no m\u00e1s de 415,50 euros de p\u00e9rdida bruta). 6. Movilidad por raz\u00f3n de servicio. 7. Atenci\u00f3n primaria (remuneraci\u00f3n media dieta menos de 12 horas o dieta completa m\u00e1s de 12 horas). 8. Desplazamientos (veh\u00edculos del SESPA). 9. Agendas (se reduce a 38 el n\u00famero de actos cl\u00ednicos). 10. Residentes (jornadas y descansos, plus de residencia y tutores, concepto retributivo). (Fuente: p\u00e1gina web del SIMPA).<\/p>\n\n\n\n<p>La misma p\u00e1gina en la que figura una andanada a los \u00absindicatos afines a la funci\u00f3n p\u00fablica asturiana\u00bb, a los que acusa de negociar \u00abdesde el desconocimiento\u00bb y recordarles que \u00abla ignorancia es muy atrevida\u00bb. Y ya para finalizar, una posici\u00f3n sobre el paro anunciado por el CESM: \u00abEl SIMPA no se baja (con may\u00fasculas) de las movilizaciones nacionales ni de broma!!! Para atr\u00e1s&#8230; ni coger impulso!!!\u00bb. (sic.).<\/p>\n\n\n\n<p>El SIMPA seguramente estar\u00e1 m\u00e1s que satisfecho con lo conseguido con su \u00faltima movilizaci\u00f3n. Pero los pacientes, los ciudadanos en general, se deber\u00edan preguntar algo muy sencillo: \u00bfEn todo lo alcanzado por el SIMPA d\u00f3nde figura la mejora de la atenci\u00f3n al paciente, que era una de las razones de la huelga? \u00bfEn qu\u00e9 va a cambiar que uno pida una consulta a su m\u00e9dico de cabecera en el Centro de Salud del Quirinal, supuestamente el m\u00e1s importante de Avil\u00e9s, y le den cita para cuatro d\u00edas despu\u00e9s y adem\u00e1s consulta telef\u00f3nica, no presencial? \u00bfEn qu\u00e9 va a cambiar la vida de ese paciente al que su m\u00e9dico de cabecera le propuso una consulta a un especialista y lleva un a\u00f1o esperando a que se le cite? \u00bfC\u00f3mo puede resolver un paciente una prueba radiol\u00f3gica urgente en un centro p\u00fablico sin necesidad de tener que pagar entre 200 y 600 euros en una cl\u00ednica privada? \u00bfPor qu\u00e9 se eliminan servicios como una Unidad de Dolor en Avil\u00e9s \u2013s\u00f3lo la hay en el HUCA y en Cabue\u00f1es\u2013 y si quieres ser atendido en una cl\u00ednica privada vas a tener que esperar dos o tres meses y pagar como m\u00ednimo al final entre 1.500 y 2.500 euros por una radiofrecuencia, por ejemplo?<\/p>\n\n\n\n<p>Si todas estas cuestiones, que son en la actualidad una m\u00ednima expresi\u00f3n del sentir generalizado de la poblaci\u00f3n, obtuvieran alguna respuesta en el dec\u00e1logo de &#8216;logros&#8217; alcanzados por el SIMPA con la Consejer\u00eda de Salud, a estas horas todos estar\u00edamos satisfechos porque los m\u00e9dicos habr\u00edan conseguido su doble objetivo: mejorar sus condiciones laborales y econ\u00f3micas, y sobre todo, atendiendo a los principios de una profesi\u00f3n vocacional, altruista y con un juramento hipocr\u00e1tico que certifica su compromiso \u00e9tico, haber avanzado en la mejora de una sanidad p\u00fablica que debe resolver los problemas actuales y futuros de la poblaci\u00f3n. Sin olvidar, por supuesto, que muchas de estas carencias no dependen de los m\u00e9dicos, sino de decisiones organizativas y presupuestarias.<\/p>\n\n\n\n<p>Y de esto, y de tantas otras cosas con car\u00e1cter general en Asturias, hay que hablar con claridad porque el silencio no es neutral, siempre favorece a alguien.<\/p>\n\n\n\n<h3>Un programa completo<\/h3>\n\n\n\n<p>Ayer se inici\u00f3 el ambicioso programa de actos del cincuentenario del Hospital San Agust\u00edn, que se va a prolongar hasta el mes de mayo. En pocas ocasiones esta ciudad y su comarca amplia ha tenido la oportunidad de celebrar un acontecimiento que nos habla de la evoluci\u00f3n de un servicio extraordinario del que nos sentimos orgullosos y cuyo objetivo debe seguir siendo el de mejorarlo cada d\u00eda en todos los aspectos, con la atenci\u00f3n al paciente como principal objetivo.<\/p>\n\n\n\n<p>(En la imagen, el concierto de la Banda M\u00fasica de Corvera que abri\u00f3 ayer las actividades del aniversario del HUSA).<\/p>\n\n\n\n<p><em>Publicado en La Voz de Avil\u00e9s-El Comercio el 25 de enero de 2026<\/em><\/p>\n<!-- AddThis Advanced Settings generic via filter on the_content --><!-- AddThis Share Buttons generic via filter on the_content -->","protected":false},"excerpt":{"rendered":"<p>El HUSA cumple 50 a\u00f1os como s\u00edmbolo de servicio p\u00fablico en un momento en el que sufre la atenci\u00f3n al paciente Lo he escrito en m\u00e1s de una ocasi\u00f3n: los maestros y los m\u00e9dicos son los grandes h\u00e9roes de nuestra sociedad. Los primeros ense\u00f1an y educan,&nbsp;los segundos curan nuestras enfermedades y nos orientan hacia la [&hellip;]<!-- AddThis Advanced Settings generic via filter on get_the_excerpt --><!-- AddThis Share Buttons generic via filter on get_the_excerpt --><\/p>\n","protected":false},"author":45,"featured_media":2946,"comment_status":"open","ping_status":"closed","sticky":false,"template":"","format":"standard","meta":[],"categories":[2],"tags":[],"_links":{"self":[{"href":"https:\/\/blogs.elcomercio.es\/dame-buenas-noticias\/wp-json\/wp\/v2\/posts\/2945"}],"collection":[{"href":"https:\/\/blogs.elcomercio.es\/dame-buenas-noticias\/wp-json\/wp\/v2\/posts"}],"about":[{"href":"https:\/\/blogs.elcomercio.es\/dame-buenas-noticias\/wp-json\/wp\/v2\/types\/post"}],"author":[{"embeddable":true,"href":"https:\/\/blogs.elcomercio.es\/dame-buenas-noticias\/wp-json\/wp\/v2\/users\/45"}],"replies":[{"embeddable":true,"href":"https:\/\/blogs.elcomercio.es\/dame-buenas-noticias\/wp-json\/wp\/v2\/comments?post=2945"}],"version-history":[{"count":1,"href":"https:\/\/blogs.elcomercio.es\/dame-buenas-noticias\/wp-json\/wp\/v2\/posts\/2945\/revisions"}],"predecessor-version":[{"id":2947,"href":"https:\/\/blogs.elcomercio.es\/dame-buenas-noticias\/wp-json\/wp\/v2\/posts\/2945\/revisions\/2947"}],"wp:featuredmedia":[{"embeddable":true,"href":"https:\/\/blogs.elcomercio.es\/dame-buenas-noticias\/wp-json\/wp\/v2\/media\/2946"}],"wp:attachment":[{"href":"https:\/\/blogs.elcomercio.es\/dame-buenas-noticias\/wp-json\/wp\/v2\/media?parent=2945"}],"wp:term":[{"taxonomy":"category","embeddable":true,"href":"https:\/\/blogs.elcomercio.es\/dame-buenas-noticias\/wp-json\/wp\/v2\/categories?post=2945"},{"taxonomy":"post_tag","embeddable":true,"href":"https:\/\/blogs.elcomercio.es\/dame-buenas-noticias\/wp-json\/wp\/v2\/tags?post=2945"}],"curies":[{"name":"wp","href":"https:\/\/api.w.org\/{rel}","templated":true}]}}