{"id":2966,"date":"2026-03-01T14:24:00","date_gmt":"2026-03-01T13:24:00","guid":{"rendered":"https:\/\/blogs.elcomercio.es\/dame-buenas-noticias\/?p=2966"},"modified":"2026-03-09T14:38:53","modified_gmt":"2026-03-09T13:38:53","slug":"no-empezar-de-cero","status":"publish","type":"post","link":"https:\/\/blogs.elcomercio.es\/dame-buenas-noticias\/2026\/03\/01\/no-empezar-de-cero\/","title":{"rendered":"No empezar de cero"},"content":{"rendered":"\n<p><strong>La repotenciaci\u00f3n e\u00f3lica marca una nueva etapa y se\u00f1ala el camino para reforzar Universidad y comarca<\/strong><\/p>\n\n\n\n<p>La repotenciaci\u00f3n es una palabra dura, casi t\u00e9cnica, poco amable, pero te remite a la definici\u00f3n de &#8216;potenciar&#8217;: fomentar, favorecer, promover, activar&#8230; Mejor quedarse con\u00a0la idea general de \u00abreforzar o potenciar algo que ya existe\u00bb o \u00abactualizar, mejorar lo existente\u00bb.<\/p>\n\n\n\n<p>En Asturias en general y en Avil\u00e9s en particular \u2013aunque hoy la &#8216;pelea&#8217; se libra hasta en las aldeas peque\u00f1as\u2013 existe la tendencia de buscar ese gran proyecto industrial que nos devuelva el viejo esplendor, como si el futuro dependiera \u00fanicamente de empezar de cero. En cambio, la situaci\u00f3n geopol\u00edtica global nos est\u00e1 diciendo que en los pr\u00f3ximos tiempos no va a quedar m\u00e1s remedio que, como m\u00ednimo, actualizar lo ya existente.<\/p>\n\n\n\n<p>En el aspecto t\u00e9cnico se explica muy bien porque es el t\u00e9rmino que se est\u00e1 utilizando con normalidad cuando se habla del sector e\u00f3lico y m\u00e1s en concreto de la renovaci\u00f3n de los parques al cumplirse entre quince y veinte a\u00f1os de su instalaci\u00f3n en la mayor\u00eda de los casos. Ese aspecto temporal lo conoce bien Windar Renovables, la empresa multinacional con sede en Avil\u00e9s que puso su sello en buena parte de los parques e\u00f3licos terrestres que se implantaron en nuestro pa\u00eds. Hoy, m\u00e1s centrada en la e\u00f3lica offshore, la empresa fundada en 2007 por el Grupo Daniel Alonso, en alianza con Gamesa, puede tener en la repotenciaci\u00f3n la palabra m\u00e1gica que la ayude a salvar el bache de carga de trabajo originado en los vetos de Estados Unidos en la costa Este, en la incertidumbre industrial europea en general y en la ausencia de proyectos marinos en Espa\u00f1a.<\/p>\n\n\n\n<p>Un ejemplo nos ayuda a entender mejor hacia d\u00f3nde puede caminar el sector en ese momento. La noticia de esta misma semana nos dice que Acciona Energ\u00eda ha llevado a cabo la repotenciaci\u00f3n de su parque e\u00f3lico de Tahivilla (Tarifa, C\u00e1diz), sustituyendo 98 generadores antiguos por 13 unidades de \u00faltima generaci\u00f3n, con una mayor producci\u00f3n anual de energ\u00eda en un 72 por ciento gracias a una mayor potencia instalada y un mejor rendimiento. Generar\u00e1 254 GW de electricidad al a\u00f1o, evitando la emisi\u00f3n de 108.000 toneladas de CO2 anuales.<\/p>\n\n\n\n<p>Es solo un ejemplo de una tendencia que se va a ir consolidando simplemente por una cuesti\u00f3n de tiempo de esos parques, que despu\u00e9s de veinte a\u00f1os van a exigir turbinas nuevas, m\u00e1s avanzadas tecnol\u00f3gicamente y m\u00e1s grandes. Y con una serie de ventajas: menor n\u00famero de &#8216;torres&#8217; al ser m\u00e1s potentes, lo que equivale a recuperar una parte del espacio ocupado, m\u00e1s silenciosas y mejora medioambiental. Y a partir de ah\u00ed hablaremos de reciclaje \u2013otro negocio a tener en cuenta\u2013, actualizaci\u00f3n, sostenibilidad, protecci\u00f3n del medio ambiente y generaci\u00f3n de electricidad cada vez mayor a trav\u00e9s de energ\u00edas renovables. Lo ideal ser\u00eda que en estos veinte a\u00f1os que han pasado aproximadamente desde que Espa\u00f1a inici\u00f3 el camino de convertirse en el segundo pa\u00eds europeo con m\u00e1s potencia e\u00f3lica instalada, algo hayamos adelantado tambi\u00e9n en mejorar la lentitud y la complejidad de los procedimientos de autorizaci\u00f3n de estos proyectos. Los papeles nos ahogan, los tiempos nos matan.<\/p>\n\n\n\n<p>Y esa l\u00f3gica de renovar lo existente no sirve solo para los aerogeneradores. Lo mismo puede aplicarse a territorios, instituciones y proyectos que podr\u00edan reforzarse y hasta darse una segunda oportunidad. Algo que encaja perfectamente adem\u00e1s en una ciudad, Avil\u00e9s, que sabe bien lo que es reinventarse.<\/p>\n\n\n\n<p>La Universidad de Oviedo acaba de renunciar al convenio de colaboraci\u00f3n suscrito en su d\u00eda con el Ayuntamiento de Siero para desarrollar el Centro de Estudios sobre el Impacto Social de la Inteligencia Artificial (ceisIA). Tanto el Rector, Ignacio Villaverde, como la directora del centro, Noelia Rico, ratificaron p\u00fablicamente su apuesta estrat\u00e9gica por el ceisIA, se\u00f1alando que continuar\u00e1 desarrollando su actividad como centro propio, integrado en su estructura acad\u00e9mica y cient\u00edfica.<\/p>\n\n\n\n<p>Es una buena oportunidad, en mi opini\u00f3n, para que el ceisIA pudiera tener acomodo en Avil\u00e9s por m\u00faltiples razones, aunque la m\u00e1s importante es la de estar en un territorio en el que el ecosistema de innovaci\u00f3n, ciencia, tecnolog\u00eda y evoluci\u00f3n de la industria metal mec\u00e1nica \u2013talento, centros tecnol\u00f3gicos y de investigaci\u00f3n y empresas\u2013 ofrece un ampl\u00edsimo campo de actuaci\u00f3n. La Universidad de Oviedo reforzar\u00eda as\u00ed su presencia en Avil\u00e9s, ansiada hist\u00f3ricamente, con un centro de largo y seguramente exitoso recorrido.<\/p>\n\n\n\n<p>Y finalmente, el acuerdo tomado en la Mancomunidad Comarca Avil\u00e9s de que los ayuntamientos de la comarca ir\u00e1n por primera vez unidos a &#8216;vender&#8217; su oferta tur\u00edstica a la Feria de Muestras de Gij\u00f3n es una de las mejores noticias de los \u00faltimos tiempos. Avil\u00e9s, Castrill\u00f3n, Corvera e Illas &#8216;repotencian&#8217; una realidad econ\u00f3mica, social y de movilidad diaria que ya existe. Y con esta decisi\u00f3n dan un paso adelante demostrando que a la hora de competir y crecer es mejor hacerlo unidos y no separados.<\/p>\n\n\n\n<p>Escuch\u00e9 hace unos d\u00edas a Juan Carlos Ovejero, presidente de la \u00d3pera de Oviedo y uno de los hombres clave del desarrollo de DuPont en Asturias, y por lo tanto gran conocedor de nuestra realidad, que el futuro pasa por una uni\u00f3n estrat\u00e9gica adecuada, por aportar todo lo que se ha ido sumando como territorio, el &#8216;know how&#8217; de la inteligencia acumulada en una industria evolucionada&#8230; Y tambi\u00e9n en tener una gran capacidad de adaptaci\u00f3n.<\/p>\n\n\n\n<p>Los gigantes e\u00f3licos vuelven ahora para producir m\u00e1s energ\u00eda, ocupando, incluso reduciendo, el mismo espacio. Eso nos ense\u00f1a que a veces el progreso no depende de anuncios espectaculares, sino de la inteligencia para repotenciar fortalezas que ya tenemos y que funcionan. A partir de ah\u00ed, bienvenida cualquier apuesta nueva.<\/p>\n\n\n\n<p>En la imagen, de izquierda a derecha, Irene D\u00edaz, Ignacio Villaverde y Noelia Rico, directora del ceisIA.\u00a0E. C.<\/p>\n\n\n\n<p><em>Publicado en La Voz de Avil\u00e9s-El Comercio el 1 de marzo de 2026<\/em><\/p>\n<!-- AddThis Advanced Settings generic via filter on the_content --><!-- AddThis Share Buttons generic via filter on the_content -->","protected":false},"excerpt":{"rendered":"<p>La repotenciaci\u00f3n e\u00f3lica marca una nueva etapa y se\u00f1ala el camino para reforzar Universidad y comarca La repotenciaci\u00f3n es una palabra dura, casi t\u00e9cnica, poco amable, pero te remite a la definici\u00f3n de &#8216;potenciar&#8217;: fomentar, favorecer, promover, activar&#8230; Mejor quedarse con\u00a0la idea general de \u00abreforzar o potenciar algo que ya existe\u00bb o \u00abactualizar, mejorar lo [&hellip;]<!-- AddThis Advanced Settings generic via filter on get_the_excerpt --><!-- AddThis Share Buttons generic via filter on get_the_excerpt --><\/p>\n","protected":false},"author":45,"featured_media":2967,"comment_status":"open","ping_status":"closed","sticky":false,"template":"","format":"standard","meta":[],"categories":[2],"tags":[],"_links":{"self":[{"href":"https:\/\/blogs.elcomercio.es\/dame-buenas-noticias\/wp-json\/wp\/v2\/posts\/2966"}],"collection":[{"href":"https:\/\/blogs.elcomercio.es\/dame-buenas-noticias\/wp-json\/wp\/v2\/posts"}],"about":[{"href":"https:\/\/blogs.elcomercio.es\/dame-buenas-noticias\/wp-json\/wp\/v2\/types\/post"}],"author":[{"embeddable":true,"href":"https:\/\/blogs.elcomercio.es\/dame-buenas-noticias\/wp-json\/wp\/v2\/users\/45"}],"replies":[{"embeddable":true,"href":"https:\/\/blogs.elcomercio.es\/dame-buenas-noticias\/wp-json\/wp\/v2\/comments?post=2966"}],"version-history":[{"count":1,"href":"https:\/\/blogs.elcomercio.es\/dame-buenas-noticias\/wp-json\/wp\/v2\/posts\/2966\/revisions"}],"predecessor-version":[{"id":2968,"href":"https:\/\/blogs.elcomercio.es\/dame-buenas-noticias\/wp-json\/wp\/v2\/posts\/2966\/revisions\/2968"}],"wp:featuredmedia":[{"embeddable":true,"href":"https:\/\/blogs.elcomercio.es\/dame-buenas-noticias\/wp-json\/wp\/v2\/media\/2967"}],"wp:attachment":[{"href":"https:\/\/blogs.elcomercio.es\/dame-buenas-noticias\/wp-json\/wp\/v2\/media?parent=2966"}],"wp:term":[{"taxonomy":"category","embeddable":true,"href":"https:\/\/blogs.elcomercio.es\/dame-buenas-noticias\/wp-json\/wp\/v2\/categories?post=2966"},{"taxonomy":"post_tag","embeddable":true,"href":"https:\/\/blogs.elcomercio.es\/dame-buenas-noticias\/wp-json\/wp\/v2\/tags?post=2966"}],"curies":[{"name":"wp","href":"https:\/\/api.w.org\/{rel}","templated":true}]}}