{"id":2969,"date":"2026-03-08T14:39:00","date_gmt":"2026-03-08T13:39:00","guid":{"rendered":"https:\/\/blogs.elcomercio.es\/dame-buenas-noticias\/?p=2969"},"modified":"2026-03-09T14:50:43","modified_gmt":"2026-03-09T13:50:43","slug":"los-dos-relojes","status":"publish","type":"post","link":"https:\/\/blogs.elcomercio.es\/dame-buenas-noticias\/2026\/03\/08\/los-dos-relojes\/","title":{"rendered":"Los dos relojes"},"content":{"rendered":"\n<p><strong>Expertos y pol\u00edticos manejan tiempos distintos y en esa diferencia se decide el futuro de Avil\u00e9s y de Asturias<\/strong><\/p>\n\n\n\n<p>Esta semana volv\u00ed a los estudios de Radio Asturias-Cadena SER con motivo de su centenario y en calidad de antiguo colaborador durante muchos a\u00f1os.&nbsp;En la emisora est\u00e1n realizando una programaci\u00f3n especial para analizar la evoluci\u00f3n de diversos sectores en ese plazo temporal de un siglo. Y esta semana, el mi\u00e9rcoles, toc\u00f3 hablar de industria. Esa industria que lleg\u00f3 a sumar en Ensidesa, tras la fusi\u00f3n con Uninsa, una plantilla de 26.211 trabajadores en 1974, mientras la otra gran empresa p\u00fablica, Hunosa, llegaba a contabilizar otros treinta mil en cifras redondas. Por hablar solo de la historia de dos empresas que llegaron incluso a configurar nuestra forma de vida y hasta los espacios urbanos, como se observa todav\u00eda hoy en las Cuencas, en Avil\u00e9s o Gij\u00f3n.<\/p>\n\n\n\n<p>Antes de mi intervenci\u00f3n habl\u00f3 el economista Juan V\u00e1zquez, exrector de la Universidad de Oviedo, una de las personas que mejor conoce todos los \u00e1mbitos de la econom\u00eda del Principado. V\u00e1zquez tuvo un gran protagonismo en dos de los an\u00e1lisis m\u00e1s relevantes realizados por sendos equipos de expertos, que sirvieron para dibujar la realidad del momento y plantear las bases del futuro de la regi\u00f3n. El mi\u00e9rcoles, en la entrevista de la emisora de la ovetense calle Asturias, dio con un aspecto clave, que es el que origina este art\u00edculo: la distancia que a menudo existe entre lo que piensan los expertos y lo que finalmente hacen los pol\u00edticos.<\/p>\n\n\n\n<p>El economista fue el coordinador del comit\u00e9 de expertos promovido por el Principado y dirigido por Manuel Castells, el catedr\u00e1tico de la Universidad de Berkeley (California), bajo el t\u00edtulo &#8216;Estrategia para la Reindustrializaci\u00f3n de Asturias&#8217; (ERA) (1992-1994). El profundo proceso de reconversiones iniciado en los ochenta ya hab\u00eda impactado a las dos grandes referencias industriales de la empresa p\u00fablica y provocado, en cascada, la desaparici\u00f3n de miles de empleos de las compa\u00f1\u00edas auxiliares. El ERA planteaba una hoja de ruta que permitiera la transici\u00f3n hacia un nuevo modelo impuesto por la obligada modernizaci\u00f3n de las instalaciones para poder competir, por las exigencias de la Uni\u00f3n Europea para poder captar las ayudas para ese fin y por una normativa medioambiental cada vez m\u00e1s exigente.<\/p>\n\n\n\n<p>El estudio dibujaba un nuevo panorama en donde figuraban adem\u00e1s la atracci\u00f3n de grandes empresas \u2013DuPont, Thyssen\u2013, alta tecnolog\u00eda, servicios avanzados, procesos de datos, nuevas tecnolog\u00edas&#8230; Un nuevo escenario con la exigencia de una Universidad m\u00e1s pegada a la empresa y una formaci\u00f3n profesional que era conveniente reformar. El trabajo se cerr\u00f3 con Antonio Trev\u00edn en la presidencia del Principado. Algunos de sus planteamientos sirvieron para orientar determinadas pol\u00edticas y otros se guardaron directamente en un caj\u00f3n.<\/p>\n\n\n\n<p>A\u00f1os m\u00e1s tarde (2012), fue el entonces presidente del Principado, Javier Fern\u00e1ndez, el que promovi\u00f3 otro grupo de expertos para elaborar la llamada &#8216;Estrategia para la competitividad de la econom\u00eda asturiana&#8217;. Esta vez bajo la direcci\u00f3n de Juan V\u00e1zquez, el consejo asesor estuvo integrado por profesionales de primer nivel. Merece la pena recordarlos: Ramiro Lomba, Diego Canga, \u00c1ngel de la Fuente, Mar\u00eda Gara\u00f1a, Rodolfo Guti\u00e9rrez, Luis Mart\u00ednez Noval, Susana Men\u00e9ndez, Carlos Monasterio, Ram\u00f3n Sotomayor, Guillermo Ulacia y Alicia Veira de la Fuente.<\/p>\n\n\n\n<p>Aquel equipo elabor\u00f3 un total de siete documentos, con un centenar de recomendaciones, analizando y proponiendo en aspectos como el de la formaci\u00f3n profesional (FP) para el empleo, competitividad y TIC, articulaci\u00f3n territorial, cooperaci\u00f3n urbana y desarrollo de consorcios, propuestas para la mejora del sistema de innovaci\u00f3n, iniciativas para la recuperaci\u00f3n y finalmente otro sobre financiaci\u00f3n auton\u00f3mica, hoy de plena actualidad en nuestro pa\u00eds. Una parte de aquellas estrategias fueron trasladas tambi\u00e9n a FADE como aportaci\u00f3n a la reflexi\u00f3n empresarial.<\/p>\n\n\n\n<p>Como sucede a menudo, al final confrontamos dos legitimidades: la t\u00e9cnica de los expertos y la pol\u00edtica de quienes deben fijar prioridades y tomar decisiones. Y lo mismo sucede con los tiempos: los primeros abogan por el medio, largo plazo, 10-12 a\u00f1os, y los segundos son reos de una legislatura de cuatro a\u00f1os. Eso nos lleva a dos relojes distintos entre los que se decide el futuro de un territorio.<\/p>\n\n\n\n<p>Si hay algo que nos dicen los expertos y lo que confirman las pol\u00edticas de \u00e9xito en algunos pa\u00edses es la necesidad de un consenso pol\u00edtico en cuestiones estructurales que deber\u00edan alejarse de la pugna partidaria: pol\u00edtica industrial, energ\u00eda, sanidad, educaci\u00f3n, investigaci\u00f3n, infraestructuras&#8230; Si esas pol\u00edticas se cuestionan cada cuatro a\u00f1os con los cambios de Gobierno est\u00e1 claro que el territorio avanza dos pasos y retrocede uno. Tambi\u00e9n es cierto que hablar hoy de consensos pol\u00edticos en el mundo y en nuestro pa\u00eds no deja de ser un ejercicio de ingenuidad.<\/p>\n\n\n\n<p>En ese sentido, la economista y profesora Mariana Mazzucato, reconocida mundialmente por su revolucionario trabajo sobre el papel del Estado en la promoci\u00f3n de la innovaci\u00f3n y el crecimiento econ\u00f3mico, ya lo expon\u00eda en su obra &#8216;El Estado emprendedor&#8217;. Su defensa del gasto p\u00fablico no le impide criticar duramente a gobiernos que implementan pol\u00edticas industriales sin direcci\u00f3n estrat\u00e9gica. \u00abNo basta con que el Estado gaste; debe gastar con prop\u00f3sito y direcci\u00f3n\u00bb.<\/p>\n\n\n\n<p>Al final nos queda la sensaci\u00f3n de que Asturias, Avil\u00e9s como la gran ciudad industrial, ha contado con expertos que llevan d\u00e9cadas se\u00f1alando caminos posibles. Si se lograra un consenso b\u00e1sico pol\u00edtico y social sobre esas recomendaciones \u2013desechando egos, propagandas y propuestas hasta sonrojantes en ocasiones\u2013, estar\u00edamos mucho m\u00e1s cerca del \u00e9xito y del bienestar general.<\/p>\n\n\n\n<p>(En la imagen, miembros del consejo asesor de expertos presidido por Juan V\u00e1zquez en 2014).<\/p>\n\n\n\n<p><em>Publicado en La Voz de Avil\u00e9s-El Comercio el 8 de marzo de 2026<\/em><\/p>\n<!-- AddThis Advanced Settings generic via filter on the_content --><!-- AddThis Share Buttons generic via filter on the_content -->","protected":false},"excerpt":{"rendered":"<p>Expertos y pol\u00edticos manejan tiempos distintos y en esa diferencia se decide el futuro de Avil\u00e9s y de Asturias Esta semana volv\u00ed a los estudios de Radio Asturias-Cadena SER con motivo de su centenario y en calidad de antiguo colaborador durante muchos a\u00f1os.&nbsp;En la emisora est\u00e1n realizando una programaci\u00f3n especial para analizar la evoluci\u00f3n de [&hellip;]<!-- AddThis Advanced Settings generic via filter on get_the_excerpt --><!-- AddThis Share Buttons generic via filter on get_the_excerpt --><\/p>\n","protected":false},"author":45,"featured_media":2970,"comment_status":"open","ping_status":"closed","sticky":false,"template":"","format":"standard","meta":[],"categories":[2],"tags":[],"_links":{"self":[{"href":"https:\/\/blogs.elcomercio.es\/dame-buenas-noticias\/wp-json\/wp\/v2\/posts\/2969"}],"collection":[{"href":"https:\/\/blogs.elcomercio.es\/dame-buenas-noticias\/wp-json\/wp\/v2\/posts"}],"about":[{"href":"https:\/\/blogs.elcomercio.es\/dame-buenas-noticias\/wp-json\/wp\/v2\/types\/post"}],"author":[{"embeddable":true,"href":"https:\/\/blogs.elcomercio.es\/dame-buenas-noticias\/wp-json\/wp\/v2\/users\/45"}],"replies":[{"embeddable":true,"href":"https:\/\/blogs.elcomercio.es\/dame-buenas-noticias\/wp-json\/wp\/v2\/comments?post=2969"}],"version-history":[{"count":1,"href":"https:\/\/blogs.elcomercio.es\/dame-buenas-noticias\/wp-json\/wp\/v2\/posts\/2969\/revisions"}],"predecessor-version":[{"id":2971,"href":"https:\/\/blogs.elcomercio.es\/dame-buenas-noticias\/wp-json\/wp\/v2\/posts\/2969\/revisions\/2971"}],"wp:featuredmedia":[{"embeddable":true,"href":"https:\/\/blogs.elcomercio.es\/dame-buenas-noticias\/wp-json\/wp\/v2\/media\/2970"}],"wp:attachment":[{"href":"https:\/\/blogs.elcomercio.es\/dame-buenas-noticias\/wp-json\/wp\/v2\/media?parent=2969"}],"wp:term":[{"taxonomy":"category","embeddable":true,"href":"https:\/\/blogs.elcomercio.es\/dame-buenas-noticias\/wp-json\/wp\/v2\/categories?post=2969"},{"taxonomy":"post_tag","embeddable":true,"href":"https:\/\/blogs.elcomercio.es\/dame-buenas-noticias\/wp-json\/wp\/v2\/tags?post=2969"}],"curies":[{"name":"wp","href":"https:\/\/api.w.org\/{rel}","templated":true}]}}