{"id":3100,"date":"2026-09-06T11:40:11","date_gmt":"2026-09-06T09:40:11","guid":{"rendered":"https:\/\/blogs.elcomercio.es\/dame-buenas-noticias\/?p=3100"},"modified":"2026-09-06T11:40:11","modified_gmt":"2026-09-06T09:40:11","slug":"las-ocurrencias-de-trump-tambien-llegan-a-asturias","status":"publish","type":"post","link":"https:\/\/blogs.elcomercio.es\/dame-buenas-noticias\/2026\/09\/06\/las-ocurrencias-de-trump-tambien-llegan-a-asturias\/","title":{"rendered":"Las &#8216;ocurrencias&#8217; de Trump tambi\u00e9n llegan a Asturias"},"content":{"rendered":"\n<p class=\"wp-block-paragraph\"><strong>Las pol\u00edticas de la Casa Blanca afectan a sectores y empresas y alimentan el \u00abs\u00e1lvese quien pueda\u00bb global<\/strong><\/p>\n\n\n\n<p class=\"wp-block-paragraph\">De las \u00abocurrencias\u00bb de Trump, curiosa definici\u00f3n de quienes en su d\u00eda se rieron de que una decisi\u00f3n suya costara por ejemplo la destrucci\u00f3n de&nbsp;puestos de trabajo en la planta de Windar de Avil\u00e9s, como se acredit\u00f3 en esta secci\u00f3n, hemos pasado al \u00abs\u00e1lvase quien pueda\u00bb de la econom\u00eda global. Todo el mundo pelea por lo mismo: sobrevivir, que no es poco. Y en la Uni\u00f3n Europea, de forma destacada. Hasta ah\u00ed llegan las consecuencias de la pol\u00edtica econ\u00f3mica del inquilino de la Casa Blanca y de la nueva situaci\u00f3n geopol\u00edtica creada.<\/p>\n\n\n\n<p class=\"wp-block-paragraph\">Maggie Haberman y Jonathan Swan, dos reconocidos y expertos periodistas del The New York Times en la carrera de Donald Trump \u2013premios Pulitzer y Emmy respectivamente\u2013, acaban de publicar &#8216;Cambio de r\u00e9gimen&#8217;. Un an\u00e1lisis sobre las claves del segundo mandato del presidente estadounidense, del que afirman que ve el mundo \u00abcomo un conjunto de pa\u00edses que le deben dinero a Estados Unidos\u00bb, rompiendo as\u00ed la visi\u00f3n de los presidentes de ese pa\u00eds en los \u00faltimos cincuenta a\u00f1os. Y destacan \u00abel desprecio a los europeos y a las instituciones multilaterales que defiendan los derechos humanos y el derecho internacional\u00bb. Y de ah\u00ed a la esencia de su ideolog\u00eda: \u00abla fuerza hace el derecho\u00bb. (Me recuerda mucho al lema pinochetista que tuve la oportunidad de leer todav\u00eda en 1994 en un centro oficial de Santiago de Chile: \u00abPor la raz\u00f3n o por la fuerza\u00bb).<\/p>\n\n\n\n<p class=\"wp-block-paragraph\">Esta semana se celebr\u00f3 la reuni\u00f3n del Grupo de los 20 en Carolina del Norte, una cita exclusiva para ministros de finanzas y responsables de bancos centrales, adem\u00e1s de ejecutivos de veinte empresas invitadas. El secretario del Tesoro de Estados Unidos, Scott Bissent, se mostr\u00f3 encantado con los resultados. \u00abQue el mundo se fije y sea m\u00e1s como Estados Unidos\u00bb, se\u00f1al\u00f3. Los datos de la creaci\u00f3n de 162.000 puestos de trabajo en el mes de agosto avalaban en parte su optimismo. Pero la respuesta vino de los representantes de Europa, Canad\u00e1 y otros pa\u00edses afines, que hicieron el relato de todas las medidas que est\u00e1n perjudicando la econom\u00eda global: guerra de Ir\u00e1n y su repercusi\u00f3n en la energ\u00eda y transporte mar\u00edtimo, aranceles un d\u00eda s\u00ed y otro no, amenazas a Canad\u00e1 o Groenlandia, frenazo a las energ\u00edas renovables, vuelta a los combustibles f\u00f3siles, desprecio por la lucha contra el cambio clim\u00e1tico, distorsiones con la competencia de China, manejo de la Inteligencia Artificial&#8230; Solo en econom\u00eda.<\/p>\n\n\n\n<p class=\"wp-block-paragraph\"><strong>Decisiones como la ayuda p\u00fablica a Indra y Duro Felguera o la nueva pr\u00f3rroga para las bater\u00edas de almacenamiento provocan confusi\u00f3n<\/strong><\/p>\n\n\n\n<p class=\"wp-block-paragraph\">\u00bfA d\u00f3nde nos lleva al final esta descripci\u00f3n de hechos si la queremos aterrizar a nuestra realidad, incluso la m\u00e1s cercana? A dos efectos inmediatos: la repercusi\u00f3n en sectores y negocios concretos y a una carrera por parte de los gobiernos central, auton\u00f3micos y locales por resituarse y tratar, como m\u00ednimo, de no quedar descolgados de esa carrera que pasa por mantener y mejorar lo que tenemos y por intentar captar nuevas inversiones.<\/p>\n\n\n\n<p class=\"wp-block-paragraph\">Dos ejemplos cercanos. La guerra de Ir\u00e1n y el cierre de Ormuz han hecho que el gas natural licuado (GNL) se haya vuelto cr\u00edtico para Europa desde 2022 tras la ca\u00edda del suministro ruso. Las regasificadoras espa\u00f1olas se han convertido en un activo estrat\u00e9gico para Espa\u00f1a, que almacena el 37 por ciento del gas de la UE gracias a sus siete plantas. Y aqu\u00ed aparece la regasificadora de El Musel, construida en 2012 y reactivada en 2023 solo como almac\u00e9n log\u00edstico, sin que hasta ahora se la haya integrado en el r\u00e9gimen ordinario del sistema nacional, que le permitir\u00eda regasificar con normalidad y elevar su importancia para El Musel y la econom\u00eda asturiana, aprovechando precisamente la nueva situaci\u00f3n provocada por Trump en Ir\u00e1n. Catorce a\u00f1os de espera nos contemplan.<\/p>\n\n\n\n<p class=\"wp-block-paragraph\">Segundo caso, el de Windar. La decisi\u00f3n de Donald Trump de suspender todos los proyectos de e\u00f3lica marina han paralizado una actividad que estaba siendo clave para esta compa\u00f1\u00eda, que hab\u00eda encontrado en las costas norteamericanas una fuente muy importante para su cartera de negocios, con repercusi\u00f3n directa en el empleo de Avil\u00e9s y tambi\u00e9n en su puerto. Ahora se desvela que la Administraci\u00f3n Trump ha llegado a un \u00faltimo acuerdo con la alemana RWE para la devoluci\u00f3n de 1.220 millones de d\u00f3lares en concepto de los dep\u00f3sitos pagados por tres concesiones de parques e\u00f3licos marinos en Estados Unidos, que se une a otras doce concesiones canceladas en el pa\u00eds, por un total de 3.900 millones. Proyectos e\u00f3licos que se cambian por nuevas inversiones en gas y combustibles f\u00f3siles. Hay quien espera al horizonte de 2028, en el que un cambio en la Casa Blanca vuelva a recuperar la e\u00f3lica marina.<\/p>\n\n\n\n<p class=\"wp-block-paragraph\">Y en este escenario de que todo parece estar cogido con alfileres, observamos decisiones pol\u00edticas de nuestros gobiernos sobre los que habr\u00e1 que admitir que, a\u00fan siendo loables sus objetivos finales, provocan una cierta confusi\u00f3n. En Asturias, dos empresas privadas, una de ellas con ayudas p\u00fablicas en su d\u00eda, tienen que cerrar un acuerdo de compraventa de una instalaci\u00f3n con otra ayuda p\u00fablica por no haber acuerdo entre ambas sobre el precio. Y otra m\u00e1s. Las instalaciones de almacenamiento de energ\u00eda el\u00e9ctrica en bater\u00edas en suelo no urbanizable, claves para una Asturias con problemas de electricidad e industria, deber\u00e1n esperar como m\u00ednimo un a\u00f1o m\u00e1s de suspensi\u00f3n hasta que no se concluya y se apruebe la norma definitiva.<\/p>\n\n\n\n<p class=\"wp-block-paragraph\">Empezamos con las \u00abocurrencias\u00bb de Trump y acabamos en nuestra tierra con las dudas de una situaci\u00f3n en la que nos hemos sumado ya al \u00abs\u00e1lvese quien pueda\u00bb adoptado en todos los rincones del planeta para evitar males mayores.<\/p>\n<!-- AddThis Advanced Settings generic via filter on the_content --><!-- AddThis Share Buttons generic via filter on the_content -->","protected":false},"excerpt":{"rendered":"<p>Las pol\u00edticas de la Casa Blanca afectan a sectores y empresas y alimentan el \u00abs\u00e1lvese quien pueda\u00bb global De las \u00abocurrencias\u00bb de Trump, curiosa definici\u00f3n de quienes en su d\u00eda se rieron de que una decisi\u00f3n suya costara por ejemplo la destrucci\u00f3n de&nbsp;puestos de trabajo en la planta de Windar de Avil\u00e9s, como se acredit\u00f3 [&hellip;]<!-- AddThis Advanced Settings generic via filter on get_the_excerpt --><!-- AddThis Share Buttons generic via filter on get_the_excerpt --><\/p>\n","protected":false},"author":45,"featured_media":3103,"comment_status":"open","ping_status":"closed","sticky":false,"template":"","format":"standard","meta":{"footnotes":""},"categories":[1],"tags":[],"class_list":["post-3100","post","type-post","status-publish","format-standard","has-post-thumbnail","hentry","category-uncategorized"],"_links":{"self":[{"href":"https:\/\/blogs.elcomercio.es\/dame-buenas-noticias\/wp-json\/wp\/v2\/posts\/3100","targetHints":{"allow":["GET"]}}],"collection":[{"href":"https:\/\/blogs.elcomercio.es\/dame-buenas-noticias\/wp-json\/wp\/v2\/posts"}],"about":[{"href":"https:\/\/blogs.elcomercio.es\/dame-buenas-noticias\/wp-json\/wp\/v2\/types\/post"}],"author":[{"embeddable":true,"href":"https:\/\/blogs.elcomercio.es\/dame-buenas-noticias\/wp-json\/wp\/v2\/users\/45"}],"replies":[{"embeddable":true,"href":"https:\/\/blogs.elcomercio.es\/dame-buenas-noticias\/wp-json\/wp\/v2\/comments?post=3100"}],"version-history":[{"count":4,"href":"https:\/\/blogs.elcomercio.es\/dame-buenas-noticias\/wp-json\/wp\/v2\/posts\/3100\/revisions"}],"predecessor-version":[{"id":3105,"href":"https:\/\/blogs.elcomercio.es\/dame-buenas-noticias\/wp-json\/wp\/v2\/posts\/3100\/revisions\/3105"}],"wp:featuredmedia":[{"embeddable":true,"href":"https:\/\/blogs.elcomercio.es\/dame-buenas-noticias\/wp-json\/wp\/v2\/media\/3103"}],"wp:attachment":[{"href":"https:\/\/blogs.elcomercio.es\/dame-buenas-noticias\/wp-json\/wp\/v2\/media?parent=3100"}],"wp:term":[{"taxonomy":"category","embeddable":true,"href":"https:\/\/blogs.elcomercio.es\/dame-buenas-noticias\/wp-json\/wp\/v2\/categories?post=3100"},{"taxonomy":"post_tag","embeddable":true,"href":"https:\/\/blogs.elcomercio.es\/dame-buenas-noticias\/wp-json\/wp\/v2\/tags?post=3100"}],"curies":[{"name":"wp","href":"https:\/\/api.w.org\/{rel}","templated":true}]}}