{"id":165,"date":"2017-05-30T13:53:49","date_gmt":"2017-05-30T11:53:49","guid":{"rendered":"http:\/\/blogs.elcomercio.es\/desde-la-pontecastru\/?p=165"},"modified":"2017-05-30T14:07:35","modified_gmt":"2017-05-30T12:07:35","slug":"brecha-digital","status":"publish","type":"post","link":"https:\/\/blogs.elcomercio.es\/desde-la-pontecastru\/2017\/05\/30\/brecha-digital\/","title":{"rendered":"BRECHA DIGITAL"},"content":{"rendered":"<p>Las desigualdades, en lo que a servicios se refiere, entre el mundo urbano y el rural siguen siendo muy grandes o incluso se puede afirmar que en algunos aspectos aumentan. Una de estas desigualdades, quiz\u00e1 la mas sangrante por la importancia que tiene en el mundo actual, es la llamada brecha digital, es decir, la distancia en el acceso, uso y apropiaci\u00f3n de las tecnolog\u00edas de la informaci\u00f3n y la comunicaci\u00f3n entre el campo y la ciudad. Seg\u00fan el \u00cdndice de Conectividad Global (GCI), que eval\u00faa el progreso digital en cincuenta pa\u00edses, Espa\u00f1a ha mejorado mucho su situaci\u00f3n en los \u00faltimos a\u00f1os con un r\u00e1pido crecimiento de la banda ancha. Pero esta mejora no llega a muchas zonas del mundo rural asturiano, especialmente a las aldeas del Suroccidente, por lo que la distancia entre ambos mundos se hace cada d\u00eda m\u00e1s grande.<br \/>\nExisten en el concejo de Tineo pueblos en los que la cobertura de m\u00f3vil es tan escasa que es imposible hablar desde dentro de las casas. No es de recibo que en pleno siglo XXI sea necesario salir a la calle y andar un rato para poder realizar una llamada. El acceso a Internet tambi\u00e9n es complicado. La banda ancha no llega a estos n\u00facleos de poblaci\u00f3n y solo se puede acceder por el llamado Internet Radio, con un precio mucho m\u00e1s caro y un servicio bastante precario.<br \/>\nEl acceso a las nuevas tecnolog\u00edas es fundamental para mejorar la vida en nuestros pueblos. En primer lugar porque podr\u00eda atraer poblaci\u00f3n al mundo rural. Para la gente que trabaja desde casa a trav\u00e9s de Internet, una posibilidad cada vez m\u00e1s extendida, la vida en el campo podr\u00eda ser una estupenda opci\u00f3n si se dieran las condiciones necesarias para realizar dicho trabajo con seguridad. Es tambi\u00e9n muy importante para el turismo rural, tanto para los empresarios como para los clientes, as\u00ed como para cualquier otra empresa que decida emprender desde estos lugares. Y un elemento fundamental de socializaci\u00f3n para zonas con una poblaci\u00f3n tan dispersa.<br \/>\nPero, una vez m\u00e1s, como en tantas otras cosas que ata\u00f1en a nuestro olvidado mundo rural, todo se queda en proyectos y buenas intenciones. O en mera palabrer\u00eda. Seguimos siendo ciudadanos de segunda y cada vez con mayor motivo. \u00bfTendr\u00e1 esto algo que ver con que somos muy pocos a la hora de votar?<\/p>\n<!-- AddThis Advanced Settings generic via filter on the_content --><!-- AddThis Share Buttons generic via filter on the_content -->","protected":false},"excerpt":{"rendered":"<p>Las desigualdades, en lo que a servicios se refiere, entre el mundo urbano y el rural siguen siendo muy grandes o incluso se puede afirmar que en algunos aspectos aumentan. Una de estas desigualdades, quiz\u00e1 la mas sangrante por la importancia que tiene en el mundo actual, es la llamada brecha digital, es decir, la [&hellip;]<!-- AddThis Advanced Settings generic via filter on get_the_excerpt --><!-- AddThis Share Buttons generic via filter on get_the_excerpt --><\/p>\n","protected":false},"author":42,"featured_media":0,"comment_status":"open","ping_status":"closed","sticky":false,"template":"","format":"standard","meta":[],"categories":[1],"tags":[],"_links":{"self":[{"href":"https:\/\/blogs.elcomercio.es\/desde-la-pontecastru\/wp-json\/wp\/v2\/posts\/165"}],"collection":[{"href":"https:\/\/blogs.elcomercio.es\/desde-la-pontecastru\/wp-json\/wp\/v2\/posts"}],"about":[{"href":"https:\/\/blogs.elcomercio.es\/desde-la-pontecastru\/wp-json\/wp\/v2\/types\/post"}],"author":[{"embeddable":true,"href":"https:\/\/blogs.elcomercio.es\/desde-la-pontecastru\/wp-json\/wp\/v2\/users\/42"}],"replies":[{"embeddable":true,"href":"https:\/\/blogs.elcomercio.es\/desde-la-pontecastru\/wp-json\/wp\/v2\/comments?post=165"}],"version-history":[{"count":1,"href":"https:\/\/blogs.elcomercio.es\/desde-la-pontecastru\/wp-json\/wp\/v2\/posts\/165\/revisions"}],"predecessor-version":[{"id":166,"href":"https:\/\/blogs.elcomercio.es\/desde-la-pontecastru\/wp-json\/wp\/v2\/posts\/165\/revisions\/166"}],"wp:attachment":[{"href":"https:\/\/blogs.elcomercio.es\/desde-la-pontecastru\/wp-json\/wp\/v2\/media?parent=165"}],"wp:term":[{"taxonomy":"category","embeddable":true,"href":"https:\/\/blogs.elcomercio.es\/desde-la-pontecastru\/wp-json\/wp\/v2\/categories?post=165"},{"taxonomy":"post_tag","embeddable":true,"href":"https:\/\/blogs.elcomercio.es\/desde-la-pontecastru\/wp-json\/wp\/v2\/tags?post=165"}],"curies":[{"name":"wp","href":"https:\/\/api.w.org\/{rel}","templated":true}]}}