{"id":168,"date":"2017-06-05T09:23:18","date_gmt":"2017-06-05T07:23:18","guid":{"rendered":"http:\/\/blogs.elcomercio.es\/desde-la-pontecastru\/?p=168"},"modified":"2017-06-05T09:23:18","modified_gmt":"2017-06-05T07:23:18","slug":"raices","status":"publish","type":"post","link":"https:\/\/blogs.elcomercio.es\/desde-la-pontecastru\/2017\/06\/05\/raices\/","title":{"rendered":"RA\u00cdCES"},"content":{"rendered":"<p>Suele ocurrir, en estos tiempos que corren, que la Asturias rural en la di\u00e1spora, los antiguos habitantes de las aldeas desperdigados por las distintas ciudades de la regi\u00f3n o del pa\u00eds o por las capitales de municipios cercanos, se reencuentran en los funerales de sus convecinos. Que ya sabemos que en nuestro mundo campesino asistir a entierros de parientes, amigos o conocidos, incluso lejanos, es deber sagrado. Pues bien, los vecinos de La Bedul, en el Concejo de Miranda, hartos de coincidir solo en estos actos luctuosos, decidieron crear una forma m\u00e1s amable y reconfortante de encuentro y comenzaron, hace once a\u00f1os, a celebrar una comida anual que acoge a todos los nacidos -o a sus descendientes- en esta aldea de la monta\u00f1a suroccidental asturiana.<br \/>\nLa Bedul, uno de los pueblos m\u00e1s altos del Concejo, situado entre la Sierra de la Cabra y Pena Manteiga, fue en su origen bra\u00f1a de alzada para los habitantes de Las Lui\u00f1as, en el municipio de Cuideiru o para los de otros pueblos de Miranda. De la bra\u00f1a pixueta de Teixidiellu o de las mirandiegas de Carric\u00e9u y Santa Marina, alzaban en verano a La Bedul. Pero, a diferencia de los vaqueiros de la mayor\u00eda de las bra\u00f1as del Occidente, que continuaron si\u00e9ndolo hasta la actualidad, o por lo menos hasta que emigraron a los n\u00facleos urbanos, los habitantes de esta aldea abandonaron la trashumancia, vendieron sus propiedades en las bra\u00f1as de invierno y se establecieron definitivamente en el pueblo hacia el segundo cuarto del siglo pasado. Lleg\u00f3 a ser La Bedul un lugar muy poblado, con unas treinta casas habitadas. Sin embargo, siguiendo la estela de todo el rural asturiano, en los a\u00f1os sesenta y setenta comenz\u00f3 el \u00e9xodo a las principales ciudades de la regi\u00f3n, a Madrid y Barcelona , a pa\u00edses de Centroeuropa &#8211; especialmente a Suiza- o incluso a lugares situados en nuestras ant\u00edpodas como Australia.<br \/>\nPero si algo caracteriz\u00f3 siempre a los vecinos de La Bedul es su especial querencia por el lugar que los vio nacer. Ese orgullo, quiz\u00e1 de raices vaqueiras, por los or\u00edgenes. Un amor y aprecio por lo propio que los honra. Y como siempre fueron m\u00e1s amigos de fiesta y jolgor\u00edo que de penas y aflicciones, decidieron que ya estaba bien de encontrarse solo en actos tristes. La iniciativa de la reuni\u00f3n partio de Salustiano Rey, de casa Landocho. Con grandes dosis de entusiasmo organiz\u00f3 este evento que tuvo, desde el primer momento, una acogida muy favorable entre sus vecinos. Como era de esperar. As\u00ed que, ayer domingo, en su und\u00e9cima edici\u00f3n, los vecinos de La Bedul se reunieron en torno a una buena comida. Desde el m\u00e1s viejo, Marcelo de La Pasadina, hasta el m\u00e1s joven, Pablo, de Casa Toxos, todos disfrutaron de una estupenda velada en la que contaron historias, recordaron viejos tiempos y bailaron al son de los acordes de su m\u00fasico preferido, Alonso, que tambi\u00e9n tiene ra\u00edces en este precioso pueblo de monta\u00f1a.<br \/>\nEnhorabuena por estas iniciativas, tan importantes para reforzar lazos en torno a nuestro mundo rural en declive. Dicen que los seres humanos somos ra\u00edces y alas. Ambas son importantes, pero son sin duda las primeras las que nos sostienen.<\/p>\n<!-- AddThis Advanced Settings generic via filter on the_content --><!-- AddThis Share Buttons generic via filter on the_content -->","protected":false},"excerpt":{"rendered":"<p>Suele ocurrir, en estos tiempos que corren, que la Asturias rural en la di\u00e1spora, los antiguos habitantes de las aldeas desperdigados por las distintas ciudades de la regi\u00f3n o del pa\u00eds o por las capitales de municipios cercanos, se reencuentran en los funerales de sus convecinos. Que ya sabemos que en nuestro mundo campesino asistir [&hellip;]<!-- AddThis Advanced Settings generic via filter on get_the_excerpt --><!-- AddThis Share Buttons generic via filter on get_the_excerpt --><\/p>\n","protected":false},"author":42,"featured_media":0,"comment_status":"open","ping_status":"closed","sticky":false,"template":"","format":"standard","meta":[],"categories":[1],"tags":[],"_links":{"self":[{"href":"https:\/\/blogs.elcomercio.es\/desde-la-pontecastru\/wp-json\/wp\/v2\/posts\/168"}],"collection":[{"href":"https:\/\/blogs.elcomercio.es\/desde-la-pontecastru\/wp-json\/wp\/v2\/posts"}],"about":[{"href":"https:\/\/blogs.elcomercio.es\/desde-la-pontecastru\/wp-json\/wp\/v2\/types\/post"}],"author":[{"embeddable":true,"href":"https:\/\/blogs.elcomercio.es\/desde-la-pontecastru\/wp-json\/wp\/v2\/users\/42"}],"replies":[{"embeddable":true,"href":"https:\/\/blogs.elcomercio.es\/desde-la-pontecastru\/wp-json\/wp\/v2\/comments?post=168"}],"version-history":[{"count":1,"href":"https:\/\/blogs.elcomercio.es\/desde-la-pontecastru\/wp-json\/wp\/v2\/posts\/168\/revisions"}],"predecessor-version":[{"id":169,"href":"https:\/\/blogs.elcomercio.es\/desde-la-pontecastru\/wp-json\/wp\/v2\/posts\/168\/revisions\/169"}],"wp:attachment":[{"href":"https:\/\/blogs.elcomercio.es\/desde-la-pontecastru\/wp-json\/wp\/v2\/media?parent=168"}],"wp:term":[{"taxonomy":"category","embeddable":true,"href":"https:\/\/blogs.elcomercio.es\/desde-la-pontecastru\/wp-json\/wp\/v2\/categories?post=168"},{"taxonomy":"post_tag","embeddable":true,"href":"https:\/\/blogs.elcomercio.es\/desde-la-pontecastru\/wp-json\/wp\/v2\/tags?post=168"}],"curies":[{"name":"wp","href":"https:\/\/api.w.org\/{rel}","templated":true}]}}