{"id":179,"date":"2017-07-05T06:46:03","date_gmt":"2017-07-05T04:46:03","guid":{"rendered":"http:\/\/blogs.elcomercio.es\/desde-la-pontecastru\/?p=179"},"modified":"2017-07-05T06:46:03","modified_gmt":"2017-07-05T04:46:03","slug":"nuestro-hombre-del-tiempo","status":"publish","type":"post","link":"https:\/\/blogs.elcomercio.es\/desde-la-pontecastru\/2017\/07\/05\/nuestro-hombre-del-tiempo\/","title":{"rendered":"NUESTRO HOMBRE DEL TIEMPO"},"content":{"rendered":"<p>Recientemente, coincidiendo con el final de la primavera, vivimos en Asturias d\u00edas de un calor inusual a los que siguieron, ya en verano, otros con temperaturas y fen\u00f3menos meteorol\u00f3gicos m\u00e1s propios del oto\u00f1o que de la estaci\u00f3n en la que nos encontramos. Estos vaivenes y extremos nos hacen cuestionarnos unas cuantas cosas sobre el tan debatido cambio clim\u00e1tico y lo que este nos puede deparar en un futuro no demasiado lejano. Pues bien, de este tema, en el concejo de Tineo, sabe m\u00e1s que nadie Jos\u00e9 Antonio L\u00f3pez Garc\u00eda, Tono, natural de Zarda\u00edn y vecino de Navelgas.<br \/>\nTono lleva desde el a\u00f1o 1966 colaborando con la Agencia Estatal de Meteorolog\u00eda en la recogida de datos de temperatura y pluviometr\u00eda. Con la regularidad y la persistencia de los buenos observadores, desde hace 50 a\u00f1os cada d\u00eda, a las 10 de la ma\u00f1ana (8 hora solar), recoge en su estaci\u00f3n de Zarda\u00edn -410 metros de altitud-, la precipitaci\u00f3n, temperatura, meteoros y direcci\u00f3n del viento y los anota, con precisi\u00f3n meticulosa, en su cuaderno de campo para posteriormente enviarlos a la AEMET. Tambi\u00e9n cada cierto tiempo recoge conclusiones y, desde hace un par de a\u00f1os, las da a conocer a sus amigos a trav\u00e9s de su p\u00e1gina de Facebook.<br \/>\nNo s\u00e9 si se puede decir que fue la casualidad lo que despert\u00f3 en Jos\u00e9 Antonio esta afici\u00f3n. Casi seguro que la casualidad, unida a un inter\u00e9s latente que, como hombre de procedencia campesina, ten\u00eda por la observaci\u00f3n del tiempo hicieron que se dedicara a este cometido. Fue durante una visita a la feria internacional del campo en Madrid en 1965. All\u00ed, en un stand de la AEMET, se ped\u00edan colaboradores y a \u00e9l le pareci\u00f3 una buena idea. As\u00ed que se ofreci\u00f3 voluntario y unos meses despu\u00e9s ya ten\u00eda montada en su pueblo natal su sencilla (pero efectiva) estaci\u00f3n meteorol\u00f3gica. Y desde entonces, con la perseverancia que lo caracteriza, ayudado durante un tiempo por su padre, Juli\u00e1n, cada uno de los 365 d\u00edas de los \u00faltimos 50 a\u00f1os recogi\u00f3 esos datos que tan necesarios son para sacar conclusiones sobre el clima en esta nuestra casa com\u00fan que es el planeta Tierra.<br \/>\nY el amigo Tono nos confirma lo que muchos de nosotros sospechamos: que el clima est\u00e1 cambiando, que cada vez se dan con m\u00e1s frecuencia fen\u00f3menos extremos. Nadie mejor que \u00e9l sabe de la importancia de cuidar nuestro planeta para no vernos abocados a un negro futuro. Mientras tanto, nuestro hombre del tiempo continua realizando su labor como \u00e9l acostumbra a realiza sus tareas: con amor, constancia y sentido del deber. Gracias, Tono, por tus aportaciones. Gente as\u00ed es lo que necesitan nuestros pueblos. Personas generosas con su tiempo y su esfuerzo, que sin hacer ruido, discretamente, son capaces de perseverar durante cincuenta a\u00f1os en una labor importante y necesaria para todos. \u00a1Que la suerte y la salud te acompa\u00f1en para seguir realizando tu cometido muchos a\u00f1os m\u00e1s! \u00a1Y que los datos que nos sigas aportando en el futuro no sean del todo desesperanzadores!<\/p>\n<!-- AddThis Advanced Settings generic via filter on the_content --><!-- AddThis Share Buttons generic via filter on the_content -->","protected":false},"excerpt":{"rendered":"<p>Recientemente, coincidiendo con el final de la primavera, vivimos en Asturias d\u00edas de un calor inusual a los que siguieron, ya en verano, otros con temperaturas y fen\u00f3menos meteorol\u00f3gicos m\u00e1s propios del oto\u00f1o que de la estaci\u00f3n en la que nos encontramos. Estos vaivenes y extremos nos hacen cuestionarnos unas cuantas cosas sobre el tan [&hellip;]<!-- AddThis Advanced Settings generic via filter on get_the_excerpt --><!-- AddThis Share Buttons generic via filter on get_the_excerpt --><\/p>\n","protected":false},"author":42,"featured_media":0,"comment_status":"open","ping_status":"closed","sticky":false,"template":"","format":"standard","meta":[],"categories":[1],"tags":[],"_links":{"self":[{"href":"https:\/\/blogs.elcomercio.es\/desde-la-pontecastru\/wp-json\/wp\/v2\/posts\/179"}],"collection":[{"href":"https:\/\/blogs.elcomercio.es\/desde-la-pontecastru\/wp-json\/wp\/v2\/posts"}],"about":[{"href":"https:\/\/blogs.elcomercio.es\/desde-la-pontecastru\/wp-json\/wp\/v2\/types\/post"}],"author":[{"embeddable":true,"href":"https:\/\/blogs.elcomercio.es\/desde-la-pontecastru\/wp-json\/wp\/v2\/users\/42"}],"replies":[{"embeddable":true,"href":"https:\/\/blogs.elcomercio.es\/desde-la-pontecastru\/wp-json\/wp\/v2\/comments?post=179"}],"version-history":[{"count":1,"href":"https:\/\/blogs.elcomercio.es\/desde-la-pontecastru\/wp-json\/wp\/v2\/posts\/179\/revisions"}],"predecessor-version":[{"id":180,"href":"https:\/\/blogs.elcomercio.es\/desde-la-pontecastru\/wp-json\/wp\/v2\/posts\/179\/revisions\/180"}],"wp:attachment":[{"href":"https:\/\/blogs.elcomercio.es\/desde-la-pontecastru\/wp-json\/wp\/v2\/media?parent=179"}],"wp:term":[{"taxonomy":"category","embeddable":true,"href":"https:\/\/blogs.elcomercio.es\/desde-la-pontecastru\/wp-json\/wp\/v2\/categories?post=179"},{"taxonomy":"post_tag","embeddable":true,"href":"https:\/\/blogs.elcomercio.es\/desde-la-pontecastru\/wp-json\/wp\/v2\/tags?post=179"}],"curies":[{"name":"wp","href":"https:\/\/api.w.org\/{rel}","templated":true}]}}