{"id":181,"date":"2017-07-11T11:10:59","date_gmt":"2017-07-11T09:10:59","guid":{"rendered":"http:\/\/blogs.elcomercio.es\/desde-la-pontecastru\/?p=181"},"modified":"2017-07-11T17:20:49","modified_gmt":"2017-07-11T15:20:49","slug":"acoso-a-las-fiestas-de-prau","status":"publish","type":"post","link":"https:\/\/blogs.elcomercio.es\/desde-la-pontecastru\/2017\/07\/11\/acoso-a-las-fiestas-de-prau\/","title":{"rendered":"ACOSO A LAS FIESTAS DE PRAU"},"content":{"rendered":"<p>Las &#8220;romer\u00edas de prau&#8221; son el acontecimiento festivo y cultural m\u00e1s importante de nuestros pueblos. Y, a menudo, especialmente en el caso de las peque\u00f1as aldeas, el \u00fanico. Son mucho m\u00e1s que una cita festiva. Constituyen el acto social por excelencia, re\u00fanen a familias y amigos y devuelven , por unas horas, la alegr\u00eda y el optimismo a nuestros olvidados n\u00facleos rurales. Pues bien, estas entra\u00f1ables fiestas que forman parte del paisaje imborrable de nuestra infancia est\u00e1n a punto de desaparecer. Y los motivos son varios. Como si de una conjunci\u00f3n planetaria se tratara, unos cuantos obst\u00e1culos se alinearon para acabar definitivamente con ellas.<br \/>\nA los absurdos requerimientos burocr\u00e1ticos de la Administraci\u00f3n del Principado y ayuntamientos (algunos, no todos, los hay que todav\u00eda trabajan para solucionar los problemas de sus ciudadanos) se unen ahora otras dos trabas : el botell\u00f3n y las exigencias de la SGAE.<br \/>\nDe todos ellos, el que presenta unos obst\u00e1culos m\u00e1s insalvables es el burocr\u00e1tico. Hay una norma del Principado, pensada para grandes citas festivas, que exige complicadas gestiones como un plano hecho por aparejador, medidas de seguridad e higiene, plan de emergencias&#8230; Todo esto tiene su l\u00f3gica para fiestas como San Mateo, San Roque o el Carmen de Cangas, por nombrar tres de las grandes. Pero es absurdo y rid\u00edculo pretender aplicarlo a la peque\u00f1a romer\u00eda de un pueblo de cincuenta habitantes o menos. Bueno, pues eso es lo que hacen algunos Ayuntamientos, el de Tineo, entre ellos. Se limitan a exigir al vecino que va a solicitar permiso para la fiesta todas estos requisitos sin ofrecer de su parte ninguna ayuda para cumplirlos. As\u00ed, tan alegremente. Y no se sonrojan ni nada. Vamos, que la idea de que el Ayuntamiento est\u00e1 para resolver los problemas de los ciudadanos y no para crearlos parece que ni les entr\u00f3 en la cabeza.<br \/>\nA este entramado burocr\u00e1tico tenemos que sumar el botell\u00f3n, que adem\u00e1s de un problema de salud y un gran riesgo para nuestros j\u00f3venes, contribuye a que las recaudaciones de los bares de las fiestas bajen en picado por lo que se hace muy dif\u00edcil sostenerlas econ\u00f3micamente. Y para rematar, los requerimientos de la SGAE. Otro organismo que no distingue entre peque\u00f1o y grande, que pretende aplicar el canon igual en una gran sala de fiestas que a cuatro vecinos de una aldea perdida. Todos los que creamos sabemos lo importante que es proteger los derechos de autor, pero de ah\u00ed a ese af\u00e1n recaudatorio sin l\u00edmites que se plante\u00f3 este organismo hay un buen trecho.<br \/>\nAs\u00ed que, como reza el dicho popular: \u201centre todos la mataron y ella sola se muri\u00f3\u201d. El caso es que nuestras peque\u00f1as romer\u00edas tienen los d\u00edas contados. Y con ellas muere una parte importante de los pueblos, una se\u00f1a de identidad y uno de los pocos elementos de cohesi\u00f3n social que nos quedaban. Mientras tanto, nos siguen diciendo que trabajan para que no desaparezca el mundo rural&#8230;<\/p>\n<!-- AddThis Advanced Settings generic via filter on the_content --><!-- AddThis Share Buttons generic via filter on the_content -->","protected":false},"excerpt":{"rendered":"<p>Las &#8220;romer\u00edas de prau&#8221; son el acontecimiento festivo y cultural m\u00e1s importante de nuestros pueblos. Y, a menudo, especialmente en el caso de las peque\u00f1as aldeas, el \u00fanico. Son mucho m\u00e1s que una cita festiva. Constituyen el acto social por excelencia, re\u00fanen a familias y amigos y devuelven , por unas horas, la alegr\u00eda y [&hellip;]<!-- AddThis Advanced Settings generic via filter on get_the_excerpt --><!-- AddThis Share Buttons generic via filter on get_the_excerpt --><\/p>\n","protected":false},"author":42,"featured_media":0,"comment_status":"open","ping_status":"closed","sticky":false,"template":"","format":"standard","meta":[],"categories":[1],"tags":[],"_links":{"self":[{"href":"https:\/\/blogs.elcomercio.es\/desde-la-pontecastru\/wp-json\/wp\/v2\/posts\/181"}],"collection":[{"href":"https:\/\/blogs.elcomercio.es\/desde-la-pontecastru\/wp-json\/wp\/v2\/posts"}],"about":[{"href":"https:\/\/blogs.elcomercio.es\/desde-la-pontecastru\/wp-json\/wp\/v2\/types\/post"}],"author":[{"embeddable":true,"href":"https:\/\/blogs.elcomercio.es\/desde-la-pontecastru\/wp-json\/wp\/v2\/users\/42"}],"replies":[{"embeddable":true,"href":"https:\/\/blogs.elcomercio.es\/desde-la-pontecastru\/wp-json\/wp\/v2\/comments?post=181"}],"version-history":[{"count":4,"href":"https:\/\/blogs.elcomercio.es\/desde-la-pontecastru\/wp-json\/wp\/v2\/posts\/181\/revisions"}],"predecessor-version":[{"id":187,"href":"https:\/\/blogs.elcomercio.es\/desde-la-pontecastru\/wp-json\/wp\/v2\/posts\/181\/revisions\/187"}],"wp:attachment":[{"href":"https:\/\/blogs.elcomercio.es\/desde-la-pontecastru\/wp-json\/wp\/v2\/media?parent=181"}],"wp:term":[{"taxonomy":"category","embeddable":true,"href":"https:\/\/blogs.elcomercio.es\/desde-la-pontecastru\/wp-json\/wp\/v2\/categories?post=181"},{"taxonomy":"post_tag","embeddable":true,"href":"https:\/\/blogs.elcomercio.es\/desde-la-pontecastru\/wp-json\/wp\/v2\/tags?post=181"}],"curies":[{"name":"wp","href":"https:\/\/api.w.org\/{rel}","templated":true}]}}