{"id":188,"date":"2017-08-01T11:06:42","date_gmt":"2017-08-01T09:06:42","guid":{"rendered":"http:\/\/blogs.elcomercio.es\/desde-la-pontecastru\/?p=188"},"modified":"2017-08-01T11:06:42","modified_gmt":"2017-08-01T09:06:42","slug":"otra-vez-la-tijera","status":"publish","type":"post","link":"https:\/\/blogs.elcomercio.es\/desde-la-pontecastru\/2017\/08\/01\/otra-vez-la-tijera\/","title":{"rendered":"OTRA VEZ LA TIJERA"},"content":{"rendered":"<p>Como todos los a\u00f1os, a principios del verano, la Consejer\u00eda de Educaci\u00f3n del Principado de Asturias realiza las provisiones de plazas para el pr\u00f3ximo curso. Los recortes, desde hace tiempo, viene sucedi\u00e9ndose invariablemente. El criterio econ\u00f3mico parece ser el primordial a la hora de gestionar la ense\u00f1anza, por mucho que nos cuenten lo contrario. Pero estos recortes son especialmente sangrantes cuando afectan al mundo rural. S\u00ed, a ese mundo rural que \u00faltimamente tanto preocupa a pol\u00edticos e instituciones y que vemos casi a diario en la prensa como un objetivo importante a proteger. Pero una cosa es la teor\u00eda y otra la pr\u00e1ctica.<br \/>\nEste a\u00f1o esa tijera implacable lleg\u00f3 al colegio de Belmonte de Miranda \u2013no solo, tambi\u00e9n a otros como el de Soto de Lui\u00f1a &#8211; . Precisamente a Belmonte, que es uno de esos lugares que cumple todos los requisitos para necesitar una protecci\u00f3n especial: municipio peque\u00f1o, de monta\u00f1a, en el occidente de Asturias, con una poblaci\u00f3n envejecida y dispersa&#8230; Pero eso no parece que se mire en la Consejer\u00eda de Educaci\u00f3n. All\u00ed lo que cuentan son los n\u00fameros, por m\u00e1s que el m\u00e1ximo responsable de dicha instituci\u00f3n sea un hombre de letras.<br \/>\nEl colegio de Belmonte fue durante estos \u00faltimos cursos un centro que llevaba a cabo importantes innovaciones metodol\u00f3gicas, con una plantilla entusiasta y entregada que ahora ve premiados sus esfuerzos con un recorte tan bestial que no queda ni una solo plaza a tiempo completo \u2013exceptuando la de la directora porque esa no se puede recortar- en dicho colegio.<br \/>\nAs\u00ed que una vez m\u00e1s toca recordarles a nuestros gobernantes esas cuestiones ya tantas veces repetidas. Nada hay m\u00e1s importante para fijar poblaci\u00f3n en un pueblo que la escuela. Todos los servicios son importantes, pero este es absolutamente imprescindible. Si los ni\u00f1os se tienen que desplazar lejos, los padres acabar\u00e1n y\u00e9ndose con ellos. Pero tambi\u00e9n hay que hablar de igualdad de oportunidades y para ello lo primero que hay que tener claro es que no se pueden aplicar los mismos criterios al mundo urbano que al rural. Porque los ni\u00f1os de los pueblos tiene que hacer un esfuerzo mucho mayor para formarse que los de las ciudades y para eso necesitan un tratamiento distinto.<br \/>\nUno de los grandes errores que se cometieron con el mundo rural fue el de imponer las mismas leyes, normas y criterios que para el urbano cuando la realidad es completamente distinta. As\u00ed nuestros pueblos se est\u00e1n quedando abandonados irremediablemente. Pero no aprendemos.<\/p>\n<!-- AddThis Advanced Settings generic via filter on the_content --><!-- AddThis Share Buttons generic via filter on the_content -->","protected":false},"excerpt":{"rendered":"<p>Como todos los a\u00f1os, a principios del verano, la Consejer\u00eda de Educaci\u00f3n del Principado de Asturias realiza las provisiones de plazas para el pr\u00f3ximo curso. Los recortes, desde hace tiempo, viene sucedi\u00e9ndose invariablemente. El criterio econ\u00f3mico parece ser el primordial a la hora de gestionar la ense\u00f1anza, por mucho que nos cuenten lo contrario. Pero [&hellip;]<!-- AddThis Advanced Settings generic via filter on get_the_excerpt --><!-- AddThis Share Buttons generic via filter on get_the_excerpt --><\/p>\n","protected":false},"author":42,"featured_media":0,"comment_status":"open","ping_status":"closed","sticky":false,"template":"","format":"standard","meta":[],"categories":[1],"tags":[],"_links":{"self":[{"href":"https:\/\/blogs.elcomercio.es\/desde-la-pontecastru\/wp-json\/wp\/v2\/posts\/188"}],"collection":[{"href":"https:\/\/blogs.elcomercio.es\/desde-la-pontecastru\/wp-json\/wp\/v2\/posts"}],"about":[{"href":"https:\/\/blogs.elcomercio.es\/desde-la-pontecastru\/wp-json\/wp\/v2\/types\/post"}],"author":[{"embeddable":true,"href":"https:\/\/blogs.elcomercio.es\/desde-la-pontecastru\/wp-json\/wp\/v2\/users\/42"}],"replies":[{"embeddable":true,"href":"https:\/\/blogs.elcomercio.es\/desde-la-pontecastru\/wp-json\/wp\/v2\/comments?post=188"}],"version-history":[{"count":1,"href":"https:\/\/blogs.elcomercio.es\/desde-la-pontecastru\/wp-json\/wp\/v2\/posts\/188\/revisions"}],"predecessor-version":[{"id":189,"href":"https:\/\/blogs.elcomercio.es\/desde-la-pontecastru\/wp-json\/wp\/v2\/posts\/188\/revisions\/189"}],"wp:attachment":[{"href":"https:\/\/blogs.elcomercio.es\/desde-la-pontecastru\/wp-json\/wp\/v2\/media?parent=188"}],"wp:term":[{"taxonomy":"category","embeddable":true,"href":"https:\/\/blogs.elcomercio.es\/desde-la-pontecastru\/wp-json\/wp\/v2\/categories?post=188"},{"taxonomy":"post_tag","embeddable":true,"href":"https:\/\/blogs.elcomercio.es\/desde-la-pontecastru\/wp-json\/wp\/v2\/tags?post=188"}],"curies":[{"name":"wp","href":"https:\/\/api.w.org\/{rel}","templated":true}]}}