{"id":192,"date":"2017-10-17T18:55:02","date_gmt":"2017-10-17T16:55:02","guid":{"rendered":"http:\/\/blogs.elcomercio.es\/desde-la-pontecastru\/?p=192"},"modified":"2017-10-17T18:55:02","modified_gmt":"2017-10-17T16:55:02","slug":"paraiso-matorral","status":"publish","type":"post","link":"https:\/\/blogs.elcomercio.es\/desde-la-pontecastru\/2017\/10\/17\/paraiso-matorral\/","title":{"rendered":"PARA\u00cdSO MATORRAL"},"content":{"rendered":"<p>Con el t\u00edtulo de \u201cPara\u00edso matorral\u201d una hostelera de Boal inici\u00f3 en el mes de agosto una campa\u00f1a en las redes sociales para denunciar el estado de abandono en el que se encontraban las carreteras de la zona, sin desbrozar en la \u00e9poca del a\u00f1o en que m\u00e1s necesario es tenerlas en buen estado. Parece que la iniciativa dio sus frutos, pues pocos d\u00edas despu\u00e9s comenzaron las necesarias tareas de desbroce. A veces, las autoridades escuchan a los ciudadanos, aunque para ello sea necesaria una movilizaci\u00f3n de este tipo.<br \/>\nNo ocurri\u00f3 as\u00ed en otros municipios. A Tineo no debieron de llegar los ecos de esta campa\u00f1a o, si llegaron, los responsables municipales pensaron que no iba con ellos, pues las pistas de los pueblos siguen en un estado de abandono lamentable. Aqu\u00ed, en el Cuarto la Riera, vivimos todos los veranos y oto\u00f1os un aut\u00e9ntico tormento cada vez que tenemos que coger el coche. La maleza invade por completo las carreteras, ya de por s\u00ed estrechas, con lo que se vuelven realmente peligrosas. En la mayor\u00eda de los sitios no se cruzan dos coches sin rozar el matorral, con los consiguientes desperfectos que ello ocasiona. Adem\u00e1s la visibilidad es nula y las se\u00f1ales ya est\u00e1n completamente tapadas. Pero no solo es un peligro para los coches, sino tambi\u00e9n para los peatones, que son principalmente gente mayor a quienes sus m\u00e9dicos aconsejan caminar para paliar sus m\u00faltiples achaques, quiz\u00e1 desconociendo que la aplicaci\u00f3n de tan saludable pr\u00e1ctica puede poner en peligro su integridad f\u00edsica.<br \/>\nEs incomprensible como el Ayuntamiento de Tineo, a\u00f1o tras a\u00f1o, deja en el m\u00e1s absoluto abandono una zona en la que se encuentra uno de los mayores atractivos tur\u00edsticos del Concejo, la Fana Xinestaza. Medio metro o m\u00e1s de maleza a cada lado de la carretera es suficiente argumento para que los visitantes abandonen en el intento. As\u00ed se promociona el turismo por estas tierras.<br \/>\nEs absolutamente crucial mantener limpias las pistas de los pueblos. Los habitantes de las aldeas ya tienen bastante con luchar contra el matorral que poco a poco invade fincas, senderos, pastos&#8230; Si adem\u00e1s la maleza cerca sus principales v\u00edas de comunicaci\u00f3n, el efecto psicol\u00f3gico resulta demoledor. La sensaci\u00f3n de acabamiento y derrota es total y absoluta. \u00bfQuieren acabar con lo poco que queda de los pueblos? Pues sigan en en esta l\u00ednea, van por el camino correcto. Pero por favor, no nos enga\u00f1en, no nos digan que luchan para evitar la desaparici\u00f3n del mundo rural. Ya hace tiempo que no nos lo creemos.<\/p>\n<!-- AddThis Advanced Settings generic via filter on the_content --><!-- AddThis Share Buttons generic via filter on the_content -->","protected":false},"excerpt":{"rendered":"<p>Con el t\u00edtulo de \u201cPara\u00edso matorral\u201d una hostelera de Boal inici\u00f3 en el mes de agosto una campa\u00f1a en las redes sociales para denunciar el estado de abandono en el que se encontraban las carreteras de la zona, sin desbrozar en la \u00e9poca del a\u00f1o en que m\u00e1s necesario es tenerlas en buen estado. Parece [&hellip;]<!-- AddThis Advanced Settings generic via filter on get_the_excerpt --><!-- AddThis Share Buttons generic via filter on get_the_excerpt --><\/p>\n","protected":false},"author":42,"featured_media":0,"comment_status":"open","ping_status":"closed","sticky":false,"template":"","format":"standard","meta":[],"categories":[1],"tags":[],"_links":{"self":[{"href":"https:\/\/blogs.elcomercio.es\/desde-la-pontecastru\/wp-json\/wp\/v2\/posts\/192"}],"collection":[{"href":"https:\/\/blogs.elcomercio.es\/desde-la-pontecastru\/wp-json\/wp\/v2\/posts"}],"about":[{"href":"https:\/\/blogs.elcomercio.es\/desde-la-pontecastru\/wp-json\/wp\/v2\/types\/post"}],"author":[{"embeddable":true,"href":"https:\/\/blogs.elcomercio.es\/desde-la-pontecastru\/wp-json\/wp\/v2\/users\/42"}],"replies":[{"embeddable":true,"href":"https:\/\/blogs.elcomercio.es\/desde-la-pontecastru\/wp-json\/wp\/v2\/comments?post=192"}],"version-history":[{"count":1,"href":"https:\/\/blogs.elcomercio.es\/desde-la-pontecastru\/wp-json\/wp\/v2\/posts\/192\/revisions"}],"predecessor-version":[{"id":193,"href":"https:\/\/blogs.elcomercio.es\/desde-la-pontecastru\/wp-json\/wp\/v2\/posts\/192\/revisions\/193"}],"wp:attachment":[{"href":"https:\/\/blogs.elcomercio.es\/desde-la-pontecastru\/wp-json\/wp\/v2\/media?parent=192"}],"wp:term":[{"taxonomy":"category","embeddable":true,"href":"https:\/\/blogs.elcomercio.es\/desde-la-pontecastru\/wp-json\/wp\/v2\/categories?post=192"},{"taxonomy":"post_tag","embeddable":true,"href":"https:\/\/blogs.elcomercio.es\/desde-la-pontecastru\/wp-json\/wp\/v2\/tags?post=192"}],"curies":[{"name":"wp","href":"https:\/\/api.w.org\/{rel}","templated":true}]}}