{"id":12,"date":"2006-05-13T16:18:00","date_gmt":"2006-05-13T16:18:00","guid":{"rendered":"http:\/\/danexport.wordpress.com\/2006\/05\/13\/el-despertar-de-los-nonos\/"},"modified":"2006-05-13T16:18:00","modified_gmt":"2006-05-13T16:18:00","slug":"el-despertar-de-los-nonos","status":"publish","type":"post","link":"https:\/\/blogs.elcomercio.es\/eldesvan\/2006\/05\/13\/el-despertar-de-los-nonos\/","title":{"rendered":"El Despertar de Los \u00d1o\u00f1os"},"content":{"rendered":"<div style=\"text-align:center\"><a href=\"http:\/\/photos1.blogger.com\/blogger\/1937\/2964\/1600\/blog1.jpg\" rel=\"external nofollow\"><img style=\"text-align:center;margin:0 auto 10px\" src=\"\/\/photos1.blogger.com\/blogger\/1937\/2964\/320\/blog1.jpg\" border=\"0\" alt=\"\" \/><\/a><span style=\"font-weight:bold;color:#333399\"><br \/>\n<\/span><span style=\"color:#000066;font-size:100%\"><span style=\"font-family:arial\">As\u00ed es gente que no est\u00e1, se siente, podr\u00eda decir que despierto para hacer una prueba y ayudar a un colega, pero la verdad no vende a\u00fan cuando es muy de <span style=\"font-weight:bold\">\u00f1o\u00f1os<\/span> admitirla, aunque sea de mentira. Mis <span style=\"font-weight:bold\">\u00f1o\u00f1er\u00edas<\/span> no le importan a nadie, por eso las coloco aqu\u00ed donde nadie las ve; a la mitad de la depravada gente de internet que no est\u00e1 no le gustan los <span style=\"font-weight:bold\">\u00f1o\u00f1os<\/span> y el otro noventa por ciento no sabe lo que significa o no identifica su car\u00e1cter repetido, as\u00ed que estamos en paz. El despertar de los <span style=\"font-weight:bold\">\u00f1o\u00f1os<\/span> es de facto pueril, inapreciable, prescindible, de ser algo ser\u00eda innecesario pero apenas llega a tener esa capacidad, viene a ocupar un espacio que no existe, nadie a pedido que despertemos, ning\u00fan referendum de segunda someter\u00e1 jam\u00e1s a juicio tal demanda y sin embargo los <span style=\"font-weight:bold\">\u00f1o\u00f1os<\/span> despiertan del letargo, bajan su voz y susurran sin viento que la hora a llegado o por lo menos a y cuarto llega. La sociedad no puede arrinconarnos si no nos importa que nos arrincone, no est\u00e1 en la onda el <span style=\"font-weight:bold\">\u00f1o\u00f1o<\/span> pero nos da igual, reivindicamos s\u00f3lo la capacidad de autonegarnos de la manera que queramos. Este <span style=\"font-weight:bold\">\u00f1o\u00f1o<\/span> que despierta dibuja y escribe <span style=\"font-weight:bold\">\u00f1o\u00f1er\u00edas<\/span> que no importan y las encierra en un desv\u00e1n inundado donde el agua distorsiona la realidad y la contorsiona hasta el punto de hacerla adolecer de s\u00ed misma, escapar de lo que significa y reirse de lo que pretende. Aqu\u00ed reina la realidad del <span style=\"font-weight:bold\">\u00f1o\u00f1o<\/span>, bienvenidos a la rep\u00fablica.\u00a0<\/p>\n<p><\/span><\/span><\/div>\n<!-- AddThis Advanced Settings generic via filter on the_content --><!-- AddThis Share Buttons generic via filter on the_content -->","protected":false},"excerpt":{"rendered":"<p>As\u00ed es gente que no est\u00e1, se siente, podr\u00eda decir que despierto para hacer una prueba y ayudar a un colega, pero la verdad no vende a\u00fan cuando es muy de \u00f1o\u00f1os admitirla, aunque sea de mentira. Mis \u00f1o\u00f1er\u00edas no le importan a nadie, por eso las coloco aqu\u00ed donde nadie las ve; a la [&hellip;]<!-- AddThis Advanced Settings generic via filter on get_the_excerpt --><!-- AddThis Share Buttons generic via filter on get_the_excerpt --><\/p>\n","protected":false},"author":3,"featured_media":0,"comment_status":"open","ping_status":"open","sticky":false,"template":"","format":"standard","meta":[],"categories":[4],"tags":[20],"_links":{"self":[{"href":"https:\/\/blogs.elcomercio.es\/eldesvan\/wp-json\/wp\/v2\/posts\/12"}],"collection":[{"href":"https:\/\/blogs.elcomercio.es\/eldesvan\/wp-json\/wp\/v2\/posts"}],"about":[{"href":"https:\/\/blogs.elcomercio.es\/eldesvan\/wp-json\/wp\/v2\/types\/post"}],"author":[{"embeddable":true,"href":"https:\/\/blogs.elcomercio.es\/eldesvan\/wp-json\/wp\/v2\/users\/3"}],"replies":[{"embeddable":true,"href":"https:\/\/blogs.elcomercio.es\/eldesvan\/wp-json\/wp\/v2\/comments?post=12"}],"version-history":[{"count":0,"href":"https:\/\/blogs.elcomercio.es\/eldesvan\/wp-json\/wp\/v2\/posts\/12\/revisions"}],"wp:attachment":[{"href":"https:\/\/blogs.elcomercio.es\/eldesvan\/wp-json\/wp\/v2\/media?parent=12"}],"wp:term":[{"taxonomy":"category","embeddable":true,"href":"https:\/\/blogs.elcomercio.es\/eldesvan\/wp-json\/wp\/v2\/categories?post=12"},{"taxonomy":"post_tag","embeddable":true,"href":"https:\/\/blogs.elcomercio.es\/eldesvan\/wp-json\/wp\/v2\/tags?post=12"}],"curies":[{"name":"wp","href":"https:\/\/api.w.org\/{rel}","templated":true}]}}