{"id":13,"date":"2006-05-14T23:40:00","date_gmt":"2006-05-14T23:40:00","guid":{"rendered":"http:\/\/danexport.wordpress.com\/2006\/05\/14\/nonerias-1\/"},"modified":"2006-05-14T23:40:00","modified_gmt":"2006-05-14T23:40:00","slug":"nonerias-1","status":"publish","type":"post","link":"https:\/\/blogs.elcomercio.es\/eldesvan\/2006\/05\/14\/nonerias-1\/","title":{"rendered":"\u00d1o\u00f1er\u00edas 1"},"content":{"rendered":"<p style=\"text-align: center\"><a href=\"http:\/\/photos1.blogger.com\/blogger\/1937\/2964\/1600\/nono1.2.gif\" rel=\"external nofollow\"><img class=\"aligncenter\" style=\"text-align:center;margin:0 auto 10px\" src=\"\/\/photos1.blogger.com\/blogger\/1937\/2964\/320\/nono1.1.png\" border=\"0\" alt=\"\" \/><\/a><span style=\"color:#000066;font-size:100%\"><span style=\"font-family:arial\"><br \/>\n<\/span><\/span><\/p>\n<div style=\"text-align:center\"><span style=\"color:#000066;font-size:100%\"><span style=\"font-family:arial\">Las <span style=\"font-weight:bold\">\u00f1o\u00f1er\u00edas<\/span> no tienen mayor importancia y sentido que ser el verdadero <span style=\"font-style:italic;font-weight:bold\">leiv-motive<\/span> de todo este h\u00famedo y asexuado desv\u00e1n. Dany <span style=\"font-weight:bold\">El \u00d1o\u00f1o <\/span>podr\u00eda ser un insignificante personaje m\u00e1s en un mundo aberrante que no est\u00e1 hecho de su sustancia natural, la margarina vegetal sin marca. Pusil\u00e1nime lo define acertadamente; &#8220;Si se cae de cabeza abre un pantano&#8221; se ha dicho de \u00e9l, sin siquiera molestarse en hablar bajo para salvaguardar sus sentimientos. Desde que lo oy\u00f3 evita el garraf\u00f3n y se atiborra de pastillas contra el mareo gen\u00e9ricas. &#8220;No se vaya a caer un ni\u00f1o en el socav\u00f3n&#8221;, piensa. No lo odiar\u00e1s, gente que no est\u00e1, porque no tiene gancho para eso.<\/span><\/span><\/div>\n<div style=\"text-align:center\"><span style=\"color:#000066;font-size:100%\"><span style=\"font-family:arial\">Por si acaso evite riesgos.<\/span><\/span><\/div>\n<div style=\"text-align:center\"><span style=\"color:#000066;font-size:100%\"><span style=\"font-family:arial\">\u00a0<\/p>\n<p><\/span><\/span><\/div>\n<!-- AddThis Advanced Settings generic via filter on the_content --><!-- AddThis Share Buttons generic via filter on the_content -->","protected":false},"excerpt":{"rendered":"<p>Las \u00f1o\u00f1er\u00edas no tienen mayor importancia y sentido que ser el verdadero leiv-motive de todo este h\u00famedo y asexuado desv\u00e1n. Dany El \u00d1o\u00f1o podr\u00eda ser un insignificante personaje m\u00e1s en un mundo aberrante que no est\u00e1 hecho de su sustancia natural, la margarina vegetal sin marca. Pusil\u00e1nime lo define acertadamente; &#8220;Si se cae de cabeza [&hellip;]<!-- AddThis Advanced Settings generic via filter on get_the_excerpt --><!-- AddThis Share Buttons generic via filter on get_the_excerpt --><\/p>\n","protected":false},"author":3,"featured_media":0,"comment_status":"open","ping_status":"open","sticky":false,"template":"","format":"standard","meta":[],"categories":[3],"tags":[48],"_links":{"self":[{"href":"https:\/\/blogs.elcomercio.es\/eldesvan\/wp-json\/wp\/v2\/posts\/13"}],"collection":[{"href":"https:\/\/blogs.elcomercio.es\/eldesvan\/wp-json\/wp\/v2\/posts"}],"about":[{"href":"https:\/\/blogs.elcomercio.es\/eldesvan\/wp-json\/wp\/v2\/types\/post"}],"author":[{"embeddable":true,"href":"https:\/\/blogs.elcomercio.es\/eldesvan\/wp-json\/wp\/v2\/users\/3"}],"replies":[{"embeddable":true,"href":"https:\/\/blogs.elcomercio.es\/eldesvan\/wp-json\/wp\/v2\/comments?post=13"}],"version-history":[{"count":0,"href":"https:\/\/blogs.elcomercio.es\/eldesvan\/wp-json\/wp\/v2\/posts\/13\/revisions"}],"wp:attachment":[{"href":"https:\/\/blogs.elcomercio.es\/eldesvan\/wp-json\/wp\/v2\/media?parent=13"}],"wp:term":[{"taxonomy":"category","embeddable":true,"href":"https:\/\/blogs.elcomercio.es\/eldesvan\/wp-json\/wp\/v2\/categories?post=13"},{"taxonomy":"post_tag","embeddable":true,"href":"https:\/\/blogs.elcomercio.es\/eldesvan\/wp-json\/wp\/v2\/tags?post=13"}],"curies":[{"name":"wp","href":"https:\/\/api.w.org\/{rel}","templated":true}]}}