{"id":14,"date":"2006-05-17T16:48:00","date_gmt":"2006-05-17T16:48:00","guid":{"rendered":"http:\/\/danexport.wordpress.com\/2006\/05\/17\/orcos-si-gracias\/"},"modified":"2006-05-17T16:48:00","modified_gmt":"2006-05-17T16:48:00","slug":"orcos-si-gracias","status":"publish","type":"post","link":"https:\/\/blogs.elcomercio.es\/eldesvan\/2006\/05\/17\/orcos-si-gracias\/","title":{"rendered":"Orcos s\u00ed, gracias"},"content":{"rendered":"<p style=\"text-align: center\"><a href=\"http:\/\/photos1.blogger.com\/blogger\/1937\/2964\/1600\/orco.0.jpg\" rel=\"external nofollow\"><img class=\"aligncenter\" style=\"text-align:center;margin:0 auto 10px\" src=\"\/\/photos1.blogger.com\/blogger\/1937\/2964\/400\/orco.jpg\" border=\"0\" alt=\"\" \/><\/a><span style=\"color:#000066;font-size:100%\"><span style=\"font-family:arial\"><br \/>\n<\/span><\/span><\/p>\n<div style=\"text-align:center\"><span style=\"color:#000066;font-size:100%\"><span style=\"font-family:arial\">Estas enormes ranas sobredimensionadas se precian de ser los malos en buena parte de las obras de fantas\u00eda medieval que pululan entre nosotros. A este \u00f1o\u00f1o le cae simp\u00e1tico el g\u00e9nero y el bicho, quiz\u00e1s ampar\u00e1ndome en que en el fondo es un incomprendido, un ser atado a su aspecto como explicar\u00eda de s\u00ed mismo mediante un ejemplo y una hortaliza cierto ogro de oronda barriga y fama. De ese gusto raro surgi\u00f3 en su d\u00eda un proyecto que se hizo viejo a su pesar y que a veces retomo para ejercitar el pincel, eso s\u00ed con la parsimonia y el desenfado que s\u00f3lo te da el &#8220;por el amor al arte&#8221;. Tras el dibujo hay una historia que nunca ver\u00e1 la luz, que nunca contar\u00e9 a mis nietos por m\u00e1s de un motivo y que crece sin ser apuntada en ning\u00fan lado. Es a veces el destino de las malas historias y las buenas historias incomprendidas, atadas a su aspecto, sin ejemplos de hortalizas. El personaje en apuros escapa hasta donde yo s\u00e9, que no es mucho.<\/span><\/span><br \/>\n<span style=\"color:#000066;font-size:100%\"><span style=\"font-family:arial\"> Gente que no est\u00e1, espero les guste.\u00a0\u00a0<\/p>\n<p><\/span><\/span><\/div>\n<!-- AddThis Advanced Settings generic via filter on the_content --><!-- AddThis Share Buttons generic via filter on the_content -->","protected":false},"excerpt":{"rendered":"<p>Estas enormes ranas sobredimensionadas se precian de ser los malos en buena parte de las obras de fantas\u00eda medieval que pululan entre nosotros. A este \u00f1o\u00f1o le cae simp\u00e1tico el g\u00e9nero y el bicho, quiz\u00e1s ampar\u00e1ndome en que en el fondo es un incomprendido, un ser atado a su aspecto como explicar\u00eda de s\u00ed mismo [&hellip;]<!-- AddThis Advanced Settings generic via filter on get_the_excerpt --><!-- AddThis Share Buttons generic via filter on get_the_excerpt --><\/p>\n","protected":false},"author":3,"featured_media":0,"comment_status":"open","ping_status":"open","sticky":false,"template":"","format":"standard","meta":[],"categories":[4],"tags":[38],"_links":{"self":[{"href":"https:\/\/blogs.elcomercio.es\/eldesvan\/wp-json\/wp\/v2\/posts\/14"}],"collection":[{"href":"https:\/\/blogs.elcomercio.es\/eldesvan\/wp-json\/wp\/v2\/posts"}],"about":[{"href":"https:\/\/blogs.elcomercio.es\/eldesvan\/wp-json\/wp\/v2\/types\/post"}],"author":[{"embeddable":true,"href":"https:\/\/blogs.elcomercio.es\/eldesvan\/wp-json\/wp\/v2\/users\/3"}],"replies":[{"embeddable":true,"href":"https:\/\/blogs.elcomercio.es\/eldesvan\/wp-json\/wp\/v2\/comments?post=14"}],"version-history":[{"count":0,"href":"https:\/\/blogs.elcomercio.es\/eldesvan\/wp-json\/wp\/v2\/posts\/14\/revisions"}],"wp:attachment":[{"href":"https:\/\/blogs.elcomercio.es\/eldesvan\/wp-json\/wp\/v2\/media?parent=14"}],"wp:term":[{"taxonomy":"category","embeddable":true,"href":"https:\/\/blogs.elcomercio.es\/eldesvan\/wp-json\/wp\/v2\/categories?post=14"},{"taxonomy":"post_tag","embeddable":true,"href":"https:\/\/blogs.elcomercio.es\/eldesvan\/wp-json\/wp\/v2\/tags?post=14"}],"curies":[{"name":"wp","href":"https:\/\/api.w.org\/{rel}","templated":true}]}}