{"id":15,"date":"2006-05-21T23:36:00","date_gmt":"2006-05-21T23:36:00","guid":{"rendered":"http:\/\/danexport.wordpress.com\/2006\/05\/21\/los-nonos-se-dan-a-a-la-malavida\/"},"modified":"2006-05-21T23:36:00","modified_gmt":"2006-05-21T23:36:00","slug":"los-nonos-se-dan-a-a-la-malavida","status":"publish","type":"post","link":"https:\/\/blogs.elcomercio.es\/eldesvan\/2006\/05\/21\/los-nonos-se-dan-a-a-la-malavida\/","title":{"rendered":"Los \u00f1o\u00f1os se dan a a la Malavida"},"content":{"rendered":"<p style=\"text-align: center\"><a href=\"http:\/\/photos1.blogger.com\/blogger\/1937\/2964\/1600\/malavida.jpg\" rel=\"external nofollow\"><img class=\"aligncenter\" style=\"text-align:center;margin:0 auto 10px\" src=\"\/\/photos1.blogger.com\/blogger\/1937\/2964\/320\/malavida.jpg\" border=\"0\" alt=\"\" \/><\/a><br \/>\n<span style=\"color:#000066;font-size:100%\"><span style=\"font-family:arial\">As\u00ed es, somos \u00f1o\u00f1os pero en ocasiones nos gusta la mala vida, no de esa en la que se vive mal, no, hablo de la mala vida buena, la que tiene la fama de ser mala porque le gusta tenerla, es aquello, ya saben, que la otra enorme rubia del <span style=\"font-style:italic\">star-system<\/span> americano describi\u00f3 maravillosamente en s\u00ed misma: &#8220;When I&#8217;m good I&#8217;m very good, but when I&#8217;m bad I&#8217;m better&#8221; <span style=\"font-style:italic\">(&#8220;Cuando soy buena, soy muy buena, pero cuando soy mala, soy mejor&#8221;)<\/span>.<\/span><\/span><\/p>\n<div style=\"text-align:center\"><span style=\"color:#000066;font-size:100%\"><span style=\"font-family:arial\">Esta es la portada del pr\u00f3ximo <a href=\"http:\/\/www.malavida.tk\/\" rel=\"external nofollow\">Malavida<\/a> (fanzine de c\u00f3mics publicado por la <a href=\"http:\/\/editorialcornoque.blogspot.com\/\" rel=\"external nofollow\">Editorial Cornoque<\/a>), que tuvieron a bien en su d\u00eda encarg\u00e1rsela a un servidor junto a una p\u00e1gina interior. El tema de este n\u00famero es &#8220;Perros Callejeros&#8221;, vistos desde el horizonte de un humor gamberro y disparatado que acompa\u00f1a a toda la publicaci\u00f3n. Si quer\u00e9is pasar un buen rato, no os lo perd\u00e1is. Para m\u00e1s informaci\u00f3n sobre el Malavida o cualquiera de sus otras publicaciones (en estas fechas &#8220;Chocholoco&#8221; y &#8220;Mariano, el porrero medieval: Una tras otra&#8221;), entrad en los links anteriores o en su <a href=\"http:\/\/miarroba.com\/foros\/ver.php?id=182408\" rel=\"external nofollow\">foro.<\/a><\/span><\/span><br \/>\n<span style=\"color:#000066;font-size:100%\"><span style=\"font-family:arial\">Cuando sea malo, les cuento.<\/span><\/span><\/div>\n<div style=\"text-align:center\"><\/div>\n<div style=\"text-align:center\"><span style=\"color: #ffffff\">.<\/span><\/div>\n<!-- AddThis Advanced Settings generic via filter on the_content --><!-- AddThis Share Buttons generic via filter on the_content -->","protected":false},"excerpt":{"rendered":"<p>As\u00ed es, somos \u00f1o\u00f1os pero en ocasiones nos gusta la mala vida, no de esa en la que se vive mal, no, hablo de la mala vida buena, la que tiene la fama de ser mala porque le gusta tenerla, es aquello, ya saben, que la otra enorme rubia del star-system americano describi\u00f3 maravillosamente en [&hellip;]<!-- AddThis Advanced Settings generic via filter on get_the_excerpt --><!-- AddThis Share Buttons generic via filter on get_the_excerpt --><\/p>\n","protected":false},"author":3,"featured_media":0,"comment_status":"open","ping_status":"open","sticky":false,"template":"","format":"standard","meta":[],"categories":[3],"tags":[34,41],"_links":{"self":[{"href":"https:\/\/blogs.elcomercio.es\/eldesvan\/wp-json\/wp\/v2\/posts\/15"}],"collection":[{"href":"https:\/\/blogs.elcomercio.es\/eldesvan\/wp-json\/wp\/v2\/posts"}],"about":[{"href":"https:\/\/blogs.elcomercio.es\/eldesvan\/wp-json\/wp\/v2\/types\/post"}],"author":[{"embeddable":true,"href":"https:\/\/blogs.elcomercio.es\/eldesvan\/wp-json\/wp\/v2\/users\/3"}],"replies":[{"embeddable":true,"href":"https:\/\/blogs.elcomercio.es\/eldesvan\/wp-json\/wp\/v2\/comments?post=15"}],"version-history":[{"count":0,"href":"https:\/\/blogs.elcomercio.es\/eldesvan\/wp-json\/wp\/v2\/posts\/15\/revisions"}],"wp:attachment":[{"href":"https:\/\/blogs.elcomercio.es\/eldesvan\/wp-json\/wp\/v2\/media?parent=15"}],"wp:term":[{"taxonomy":"category","embeddable":true,"href":"https:\/\/blogs.elcomercio.es\/eldesvan\/wp-json\/wp\/v2\/categories?post=15"},{"taxonomy":"post_tag","embeddable":true,"href":"https:\/\/blogs.elcomercio.es\/eldesvan\/wp-json\/wp\/v2\/tags?post=15"}],"curies":[{"name":"wp","href":"https:\/\/api.w.org\/{rel}","templated":true}]}}