{"id":16,"date":"2006-05-28T22:23:00","date_gmt":"2006-05-28T22:23:00","guid":{"rendered":"http:\/\/danexport.wordpress.com\/2006\/05\/28\/nonerias-2-a-5-a-dany-el-nono-le-presentan-chicas\/"},"modified":"2006-05-28T22:23:00","modified_gmt":"2006-05-28T22:23:00","slug":"nonerias-2-a-5-a-dany-el-nono-le-presentan-chicas","status":"publish","type":"post","link":"https:\/\/blogs.elcomercio.es\/eldesvan\/2006\/05\/28\/nonerias-2-a-5-a-dany-el-nono-le-presentan-chicas\/","title":{"rendered":"\u00d1o\u00f1er\u00edas 2 a 5: A Dany El \u00d1o\u00f1o le presentan chicas"},"content":{"rendered":"<p style=\"text-align: center\"><a href=\"http:\/\/photos1.blogger.com\/blogger\/1937\/2964\/1600\/leches.jpg\" rel=\"external nofollow\"><img class=\"aligncenter\" style=\"text-align:center;margin:0 auto 10px\" src=\"\/\/photos1.blogger.com\/blogger\/1937\/2964\/320\/leches.jpg\" border=\"0\" alt=\"\" \/><\/a><\/p>\n<p style=\"text-align: center\"><a href=\"http:\/\/photos1.blogger.com\/blogger\/1937\/2964\/1600\/leches.jpg\" rel=\"external nofollow\"><\/a><a href=\"http:\/\/photos1.blogger.com\/blogger\/1937\/2964\/1600\/nono3.gif\" rel=\"external nofollow\"><img class=\"aligncenter\" style=\"text-align:center;margin:0 auto 10px\" src=\"\/\/photos1.blogger.com\/blogger\/1937\/2964\/320\/nono3.png\" border=\"0\" alt=\"\" \/><\/a><\/p>\n<p style=\"text-align: center\"><a href=\"http:\/\/photos1.blogger.com\/blogger\/1937\/2964\/1600\/nono3.gif\" rel=\"external nofollow\"><\/a><a href=\"http:\/\/photos1.blogger.com\/blogger\/1937\/2964\/1600\/nono4.jpg\" rel=\"external nofollow\"><img class=\"aligncenter\" style=\"text-align:center;margin:0 auto 10px\" src=\"\/\/photos1.blogger.com\/blogger\/1937\/2964\/320\/nono4.jpg\" border=\"0\" alt=\"\" \/><\/a><\/p>\n<p style=\"text-align: center\"><a href=\"http:\/\/photos1.blogger.com\/blogger\/1937\/2964\/1600\/nono4.jpg\" rel=\"external nofollow\"><\/a><a href=\"http:\/\/photos1.blogger.com\/blogger\/1937\/2964\/1600\/nono5.jpg\" rel=\"external nofollow\"><img class=\"aligncenter\" style=\"text-align:center;margin:0 auto 10px\" src=\"\/\/photos1.blogger.com\/blogger\/1937\/2964\/320\/nono5.jpg\" border=\"0\" alt=\"\" \/><\/a><span style=\"color:#000066;font-size:100%\"><span style=\"font-family:arial\"><br \/>\n<\/span><\/span><\/p>\n<div style=\"text-align:center\"><span style=\"color:#000066;font-size:100%\"><span style=\"font-family:arial\">No damas y caballeros, no entrar\u00e9 a continuaci\u00f3n a sacar brillo a los t\u00f3picos sexistas de siempre&#8230; No caballeros y damas, ya no lo har\u00e9 m\u00e1s. A las damas no hay quien las entienda y a los caballeros no hay dama que nos comprenda, tiene algo que ver con planetas diferentes, con astros peleados, con historias parciales, con partes del cuerpo enfrentadas a ratos y hasta, si me apuran, con las cosas del querer. Uno, que por \u00f1o\u00f1o nunca supo jugar a las damas, se apa\u00f1\u00f3 con el parch\u00eds largo tiempo y ote\u00f3 el panorma tras la barandilla acepta el indescifrable envite ensimismado en el fondo y en la forma, y no siempre en ese orden, del contricante. Eso s\u00ed, apuntando las derrotas y las victorias en el aire, que en estas lides los antecedentes entreveran m\u00e1s que nada. Uno, que admira a las mujeres m\u00e1s que nada, entiende que la lucha es una excusa o una forma de llamarlo, que, en realidad, llamarlo de alguna forma es s\u00f3lo una excusa m\u00e1s del te\u00f3rico sin causa. El \u00f1o\u00f1o de esp\u00edritu cuerpo y alma no sale en los sue\u00f1os de ellas, se lo digo yo que por \u00f1o\u00f1o me dejaron entrar en alguno.\u00a0\u00a0<\/p>\n<p><\/span><\/span><\/div>\n<!-- AddThis Advanced Settings generic via filter on the_content --><!-- AddThis Share Buttons generic via filter on the_content -->","protected":false},"excerpt":{"rendered":"<p>No damas y caballeros, no entrar\u00e9 a continuaci\u00f3n a sacar brillo a los t\u00f3picos sexistas de siempre&#8230; No caballeros y damas, ya no lo har\u00e9 m\u00e1s. A las damas no hay quien las entienda y a los caballeros no hay dama que nos comprenda, tiene algo que ver con planetas diferentes, con astros peleados, con [&hellip;]<!-- AddThis Advanced Settings generic via filter on get_the_excerpt --><!-- AddThis Share Buttons generic via filter on get_the_excerpt --><\/p>\n","protected":false},"author":3,"featured_media":0,"comment_status":"open","ping_status":"open","sticky":false,"template":"","format":"standard","meta":[],"categories":[3],"tags":[48],"_links":{"self":[{"href":"https:\/\/blogs.elcomercio.es\/eldesvan\/wp-json\/wp\/v2\/posts\/16"}],"collection":[{"href":"https:\/\/blogs.elcomercio.es\/eldesvan\/wp-json\/wp\/v2\/posts"}],"about":[{"href":"https:\/\/blogs.elcomercio.es\/eldesvan\/wp-json\/wp\/v2\/types\/post"}],"author":[{"embeddable":true,"href":"https:\/\/blogs.elcomercio.es\/eldesvan\/wp-json\/wp\/v2\/users\/3"}],"replies":[{"embeddable":true,"href":"https:\/\/blogs.elcomercio.es\/eldesvan\/wp-json\/wp\/v2\/comments?post=16"}],"version-history":[{"count":0,"href":"https:\/\/blogs.elcomercio.es\/eldesvan\/wp-json\/wp\/v2\/posts\/16\/revisions"}],"wp:attachment":[{"href":"https:\/\/blogs.elcomercio.es\/eldesvan\/wp-json\/wp\/v2\/media?parent=16"}],"wp:term":[{"taxonomy":"category","embeddable":true,"href":"https:\/\/blogs.elcomercio.es\/eldesvan\/wp-json\/wp\/v2\/categories?post=16"},{"taxonomy":"post_tag","embeddable":true,"href":"https:\/\/blogs.elcomercio.es\/eldesvan\/wp-json\/wp\/v2\/tags?post=16"}],"curies":[{"name":"wp","href":"https:\/\/api.w.org\/{rel}","templated":true}]}}