{"id":17,"date":"2006-06-04T23:37:00","date_gmt":"2006-06-04T23:37:00","guid":{"rendered":"http:\/\/danexport.wordpress.com\/2006\/06\/04\/soy-el-nino-de-ayer\/"},"modified":"2006-06-04T23:37:00","modified_gmt":"2006-06-04T23:37:00","slug":"soy-el-nino-de-ayer","status":"publish","type":"post","link":"https:\/\/blogs.elcomercio.es\/eldesvan\/2006\/06\/04\/soy-el-nino-de-ayer\/","title":{"rendered":"Soy el ni\u00f1o de ayer"},"content":{"rendered":"<p style=\"text-align: center\"><a href=\"http:\/\/photos1.blogger.com\/blogger\/1937\/2964\/1600\/ninaviajera.jpg\" rel=\"external nofollow\"><img class=\"aligncenter\" style=\"text-align:center;margin:0 auto 10px\" src=\"\/\/photos1.blogger.com\/blogger\/1937\/2964\/320\/ninaviajera.jpg\" border=\"0\" alt=\"\" \/><\/a><\/p>\n<div style=\"text-align:center\"><span style=\"color:#000066;font-size:100%\"><span style=\"font-family:arial\">Hace poco descubr\u00ed por casualidad, para no perder la costumbre, que la vida no te hace as\u00ed ni de ning\u00fan modo, que la vida te la haces t\u00fa seg\u00fan te vienen dadas. Puede parecer lo mismo pero no es igual, la responsabilidad sobre el asunto es la clave. A m\u00ed me vino dada hace ya mucho una sobrina, f\u00edjense cu\u00e1nto hace ya que me vino que es justo toda una vida de ella, unos cinco a\u00f1os m\u00e1s o menos. Vino avisando, eso s\u00ed, esto avisa de largo, pero no prepara lo mismo. Vino y yo hice de mi vida algo m\u00e1s rico, algo m\u00e1s alegre, algo menos trivial. Aunque la tenga muy de a poquito me hace t\u00edo igual, y de propina padrino; y aqu\u00ed el del teclado que apenas es hermano de vocaci\u00f3n e hijo raspando no puede m\u00e1s que reflexionar y mirar para todos lados a ver si encuentra el manual de todos los torpes. No hay ninguno que valga, claro, ya lo saben, sean magn\u00e1nimos que las casualidades no florecen por las esquinas. A la espera de otro descubrimiento me quedo con la impresi\u00f3n de que se crece a nuestro pesar, de que en el ciclo de la vida no me preguntaron a m\u00ed o las cosas ser\u00edan bien distintas. De que el ni\u00f1o que llevamos dentro no hace m\u00e1s que re\u00f1ir al adulto que paseo a la intemperie por no portarme como tal, por no arremangarme lo suficiente, por no decir esta voca es m\u00eda, qu\u00e9 se yo. .. No le hago mucho caso, al fin y al cabo s\u00f3lo es el ni\u00f1o que fu\u00ed, el que soy ahora cree saber un poquito m\u00e1s. Ya lo dijo Quino alguna vez y no ser\u00e1 la \u00faltima que lo cite.<\/span><\/span><\/div>\n<div style=\"text-align:center\"><span style=\"color:#000066;font-size:100%\"><span style=\"font-family:arial\">La ilustraci\u00f3n que acompa\u00f1a la hice para un art\u00edculo del peri\u00f3dico sobre qu\u00e9 hacer con los ni\u00f1os en los viajes largos. Habr\u00e1n adivinado el problema, <\/span><\/span><span style=\"color:#000066;font-size:100%\"><span style=\"font-family:arial\">si viajo largo <\/span><\/span><span style=\"color:#000066;font-size:100%\"><span style=\"font-family:arial\">que har\u00e9 conmigo si yo solo valgo por dos.<\/span><\/span><\/div>\n<p><span style=\"color:#000066;font-size:100%\"><span style=\"font-family:arial\"><br \/>\n<\/span><\/span><\/p>\n<!-- AddThis Advanced Settings generic via filter on the_content --><!-- AddThis Share Buttons generic via filter on the_content -->","protected":false},"excerpt":{"rendered":"<p>Hace poco descubr\u00ed por casualidad, para no perder la costumbre, que la vida no te hace as\u00ed ni de ning\u00fan modo, que la vida te la haces t\u00fa seg\u00fan te vienen dadas. Puede parecer lo mismo pero no es igual, la responsabilidad sobre el asunto es la clave. A m\u00ed me vino dada hace ya [&hellip;]<!-- AddThis Advanced Settings generic via filter on get_the_excerpt --><!-- AddThis Share Buttons generic via filter on get_the_excerpt --><\/p>\n","protected":false},"author":3,"featured_media":0,"comment_status":"open","ping_status":"open","sticky":false,"template":"","format":"standard","meta":[],"categories":[4],"tags":[19],"_links":{"self":[{"href":"https:\/\/blogs.elcomercio.es\/eldesvan\/wp-json\/wp\/v2\/posts\/17"}],"collection":[{"href":"https:\/\/blogs.elcomercio.es\/eldesvan\/wp-json\/wp\/v2\/posts"}],"about":[{"href":"https:\/\/blogs.elcomercio.es\/eldesvan\/wp-json\/wp\/v2\/types\/post"}],"author":[{"embeddable":true,"href":"https:\/\/blogs.elcomercio.es\/eldesvan\/wp-json\/wp\/v2\/users\/3"}],"replies":[{"embeddable":true,"href":"https:\/\/blogs.elcomercio.es\/eldesvan\/wp-json\/wp\/v2\/comments?post=17"}],"version-history":[{"count":0,"href":"https:\/\/blogs.elcomercio.es\/eldesvan\/wp-json\/wp\/v2\/posts\/17\/revisions"}],"wp:attachment":[{"href":"https:\/\/blogs.elcomercio.es\/eldesvan\/wp-json\/wp\/v2\/media?parent=17"}],"wp:term":[{"taxonomy":"category","embeddable":true,"href":"https:\/\/blogs.elcomercio.es\/eldesvan\/wp-json\/wp\/v2\/categories?post=17"},{"taxonomy":"post_tag","embeddable":true,"href":"https:\/\/blogs.elcomercio.es\/eldesvan\/wp-json\/wp\/v2\/tags?post=17"}],"curies":[{"name":"wp","href":"https:\/\/api.w.org\/{rel}","templated":true}]}}