{"id":18,"date":"2006-07-15T01:31:00","date_gmt":"2006-07-15T01:31:00","guid":{"rendered":"http:\/\/danexport.wordpress.com\/2006\/07\/15\/los-sapos-tambien-cantan\/"},"modified":"2006-07-15T01:31:00","modified_gmt":"2006-07-15T01:31:00","slug":"los-sapos-tambien-cantan","status":"publish","type":"post","link":"https:\/\/blogs.elcomercio.es\/eldesvan\/2006\/07\/15\/los-sapos-tambien-cantan\/","title":{"rendered":"Los sapos tambi\u00e9n cantan"},"content":{"rendered":"<p style=\"text-align: center\"><a href=\"http:\/\/photos1.blogger.com\/blogger\/1937\/2964\/1600\/crokoo.0.jpg\" rel=\"external nofollow\"><img class=\"aligncenter\" style=\"text-align: center;margin: 0 auto 10px\" src=\"\/\/photos1.blogger.com\/blogger\/1937\/2964\/320\/crokoo.0.jpg\" alt=\"\" border=\"0\" \/><\/a><\/p>\n<div style=\"text-align: center\"><span style=\"color: #000066;font-size: 100%\"><span style=\"font-family: arial\">En el fondo del mar, muy en el fondo, han de ocurrir cosas de esas que s\u00f3lo ocurren en los cuentos para ni\u00f1os y que tanto disfrutamos los ni\u00f1os de ayer. All\u00ed mismo, sin m\u00e1s luz que la de la imaginaci\u00f3n los peces han de ir a la escuela en caracolas, asustar a los chiquitos en buques hundidos por Drake y sus secuaces all\u00e1 por el a\u00f1o del imperio espa\u00f1ol, ir al autocine en la cabina coralizada del \u00faltimo kamikaze, tomarse un tentempi\u00e9 con el m\u00e1s peque\u00f1o de turno, tener pesadillas con el enigm\u00e1tico sushi, jugar al tiovivo temerario alrededor de los anzuelos y re\u00edrse abiertamente con los visitantes ocasionales, los sapos cantarines. El sapo es el animal m\u00e1s ilusionante del panorama cuentista, el m\u00e1s encantado consigo mismo o por los dem\u00e1s, el que m\u00e1s reniega de su naturaleza, el sempiterno aspirante al hijo del rey pitufo. Cu\u00e1ntas cosas caben en un buen sapo de felpa y, no se puede negar, puestos a croar que bien cantan. Crokoo es un poco de todo eso, naci\u00f3 de una canci\u00f3n y no habla ni croa, s\u00f3lo canta, siempre canta, menos cuando se ducha. Es un sapo como cualquier otro que vive rodeado de pira\u00f1as amarillas en un bello macuario y que aspira a la gloria eterna emulando a La Voz. &#8220;Voy a grabar un videoclip&#8221; me dice cantando, y yo le creo porque en el fondo, muy en el fondo, me lo creo casi todo.<\/span><\/span><\/div>\n<div style=\"text-align: center\"><span style=\"color: #000066;font-size: 100%\"><span style=\"font-family: arial\">Crokoo es adem\u00e1s una prueba de un personaje para una animaci\u00f3n en flash que planeamos entre unos colegas del <a href=\"http:\/\/www.macuarium.com\/foro\/index.php?act=SF&#038;s=8d48b59ebc8827f14af71000c13bce5e&#038;f=59\" rel=\"external nofollow\">foro de macuarium<\/a> y que nunca acabaremos, naturalmente. Hac\u00e9dlo girar, le gusta <\/span><\/span><span style=\"color: #000066;font-size: 100%\"><span style=\"font-family: arial\">bastante.<\/span><\/span><\/div>\n<div style=\"text-align: center\">[SWF]http:\/\/usuarios.multimania.es\/artsuli\/PrueCroc.swf, 400, 355[\/SWF]<\/div>\n<!-- AddThis Advanced Settings generic via filter on the_content --><!-- AddThis Share Buttons generic via filter on the_content -->","protected":false},"excerpt":{"rendered":"<p>En el fondo del mar, muy en el fondo, han de ocurrir cosas de esas que s\u00f3lo ocurren en los cuentos para ni\u00f1os y que tanto disfrutamos los ni\u00f1os de ayer. All\u00ed mismo, sin m\u00e1s luz que la de la imaginaci\u00f3n los peces han de ir a la escuela en caracolas, asustar a los chiquitos [&hellip;]<!-- AddThis Advanced Settings generic via filter on get_the_excerpt --><!-- AddThis Share Buttons generic via filter on get_the_excerpt --><\/p>\n","protected":false},"author":3,"featured_media":0,"comment_status":"open","ping_status":"open","sticky":false,"template":"","format":"standard","meta":[],"categories":[2],"tags":[32,53],"_links":{"self":[{"href":"https:\/\/blogs.elcomercio.es\/eldesvan\/wp-json\/wp\/v2\/posts\/18"}],"collection":[{"href":"https:\/\/blogs.elcomercio.es\/eldesvan\/wp-json\/wp\/v2\/posts"}],"about":[{"href":"https:\/\/blogs.elcomercio.es\/eldesvan\/wp-json\/wp\/v2\/types\/post"}],"author":[{"embeddable":true,"href":"https:\/\/blogs.elcomercio.es\/eldesvan\/wp-json\/wp\/v2\/users\/3"}],"replies":[{"embeddable":true,"href":"https:\/\/blogs.elcomercio.es\/eldesvan\/wp-json\/wp\/v2\/comments?post=18"}],"version-history":[{"count":0,"href":"https:\/\/blogs.elcomercio.es\/eldesvan\/wp-json\/wp\/v2\/posts\/18\/revisions"}],"wp:attachment":[{"href":"https:\/\/blogs.elcomercio.es\/eldesvan\/wp-json\/wp\/v2\/media?parent=18"}],"wp:term":[{"taxonomy":"category","embeddable":true,"href":"https:\/\/blogs.elcomercio.es\/eldesvan\/wp-json\/wp\/v2\/categories?post=18"},{"taxonomy":"post_tag","embeddable":true,"href":"https:\/\/blogs.elcomercio.es\/eldesvan\/wp-json\/wp\/v2\/tags?post=18"}],"curies":[{"name":"wp","href":"https:\/\/api.w.org\/{rel}","templated":true}]}}