{"id":19,"date":"2006-07-29T23:10:00","date_gmt":"2006-07-29T23:10:00","guid":{"rendered":"http:\/\/danexport.wordpress.com\/2006\/07\/29\/quattrocento-uno\/"},"modified":"2006-07-29T23:10:00","modified_gmt":"2006-07-29T23:10:00","slug":"quattrocento-uno","status":"publish","type":"post","link":"https:\/\/blogs.elcomercio.es\/eldesvan\/2006\/07\/29\/quattrocento-uno\/","title":{"rendered":"Quattrocento: Uno"},"content":{"rendered":"<p style=\"text-align: center\"><a href=\"http:\/\/photos1.blogger.com\/blogger\/1937\/2964\/1600\/prota.gif\" rel=\"external nofollow\"><img class=\"aligncenter\" style=\"text-align:center;margin:0 auto 10px\" src=\"\/\/photos1.blogger.com\/blogger\/1937\/2964\/320\/prota.png\" border=\"0\" alt=\"\" \/><\/a><\/p>\n<div style=\"text-align:center\"><span style=\"color:#000066;font-size:100%\"><span style=\"font-family:arial\">Fue cuesti\u00f3n de la ca\u00edda de Constantinopla, dicen, los sabios bizantinos tomaron las de Villadiego  huyendo de los otomanos direcci\u00f3n la rica Florencia; por ah\u00ed y por entonces enredaron los <span style=\"font-style:italic\">Medici<\/span> y entre dimes y diretes empez\u00f3 el comienzo del Renacimiento, el <span style=\"font-style:italic\">Quattrocento<\/span><\/span><\/span><span style=\"color:#000066;font-size:100%\"><span style=\"font-family:arial\">, preciosa palabra que como muchas endulza el idioma italiano.<\/span><\/span>\u00a0<\/p>\n<p><span style=\"color:#000066;font-size:100%\"><span style=\"font-family:arial\">Pero Quattrocento tambi\u00e9n es por aqu\u00ed y por ahora un proyecto de c\u00f3mic de la editorial Dolmen en el que me veo envuelto para mi delicia y mi tormento (esto \u00faltimo tan s\u00f3lo por falta de <span style=\"font-style:italic\">tempo). <\/span><\/span><\/span><span style=\"color:#000066;font-size:100%\"><span style=\"font-family:arial\">Consiste en sacar de un autor m\u00e1s o menos novel cuatro historias diferentes, un estilo y once p\u00e1ginas para cada una, cuatro miradas distintas del mismo observador. Una empresa personal y fascinante de la que ir\u00e9 dando cuenta por el desv\u00e1n de cuando en cuando. Para m\u00e1s informaci\u00f3n sobre todo el proyecto (antiguos y pr\u00f3ximos autores, tem\u00e1ticas, etc), y sobre el mundo de Dolmen en particular y el c\u00f3mic en general pod\u00e9is visitar <a href=\"http:\/\/www.desdemimundo.blogspot.com\/\/\" rel=\"external nofollow\">Desdemimundo<\/a><\/span><\/span><span style=\"color:#000066;font-size:100%\"><span style=\"font-family:arial\">, el blog de Jorge Iv\u00e1n Argiz, culpable directo adem\u00e1s de que el \u00f1o\u00f1o que escribe luzca garabatos en la colecci\u00f3n (y <a href=\"http:\/\/desdemimundo.blogspot.com\/2006\/07\/siurell-71-un-nuevo-autor-para.html\" rel=\"external nofollow\">aqu\u00ed<\/a> la entrada en la que salgo yo, \u00a1viva!).<\/span><\/span><\/p>\n<p><span style=\"color:#000066;font-size:100%\"><span style=\"font-family:arial\">La primera historia en la que estoy tiene ya su rinconcito entre las bambalines del desv\u00e1n en forma de rana sobredimensionada (aquello de <a href=\"http:\/\/ilustradanus.blogspot.com\/2006\/05\/orcos-s-gracias.html\" rel=\"external nofollow\">&#8220;Orcos s\u00ed, gracias&#8221;<\/a>). La ilustraci\u00f3n que encabeza la entrada son dise\u00f1os de personajes y la que os dejo a continuaci\u00f3n es la primera p\u00e1gina del cuento. No cuento m\u00e1s por ahora, hasta la siguiente historia&#8230;<\/span><\/span><\/p>\n<p><a href=\"http:\/\/photos1.blogger.com\/blogger\/1937\/2964\/1600\/pag1.gif\" rel=\"external nofollow\"><img style=\"text-align:center;margin:0 auto 10px\" src=\"\/\/photos1.blogger.com\/blogger\/1937\/2964\/320\/pag1.png\" border=\"0\" alt=\"\" \/><\/a><\/p>\n<p><span style=\"color:#000066;font-size:100%\"><span style=\"font-family:arial\"> <\/span><\/span><\/div>\n<!-- AddThis Advanced Settings generic via filter on the_content --><!-- AddThis Share Buttons generic via filter on the_content -->","protected":false},"excerpt":{"rendered":"<p>Fue cuesti\u00f3n de la ca\u00edda de Constantinopla, dicen, los sabios bizantinos tomaron las de Villadiego huyendo de los otomanos direcci\u00f3n la rica Florencia; por ah\u00ed y por entonces enredaron los Medici y entre dimes y diretes empez\u00f3 el comienzo del Renacimiento, el Quattrocento, preciosa palabra que como muchas endulza el idioma italiano.\u00a0 Pero Quattrocento tambi\u00e9n [&hellip;]<!-- AddThis Advanced Settings generic via filter on get_the_excerpt --><!-- AddThis Share Buttons generic via filter on get_the_excerpt --><\/p>\n","protected":false},"author":3,"featured_media":0,"comment_status":"open","ping_status":"open","sticky":false,"template":"","format":"standard","meta":[],"categories":[3],"tags":[42],"_links":{"self":[{"href":"https:\/\/blogs.elcomercio.es\/eldesvan\/wp-json\/wp\/v2\/posts\/19"}],"collection":[{"href":"https:\/\/blogs.elcomercio.es\/eldesvan\/wp-json\/wp\/v2\/posts"}],"about":[{"href":"https:\/\/blogs.elcomercio.es\/eldesvan\/wp-json\/wp\/v2\/types\/post"}],"author":[{"embeddable":true,"href":"https:\/\/blogs.elcomercio.es\/eldesvan\/wp-json\/wp\/v2\/users\/3"}],"replies":[{"embeddable":true,"href":"https:\/\/blogs.elcomercio.es\/eldesvan\/wp-json\/wp\/v2\/comments?post=19"}],"version-history":[{"count":0,"href":"https:\/\/blogs.elcomercio.es\/eldesvan\/wp-json\/wp\/v2\/posts\/19\/revisions"}],"wp:attachment":[{"href":"https:\/\/blogs.elcomercio.es\/eldesvan\/wp-json\/wp\/v2\/media?parent=19"}],"wp:term":[{"taxonomy":"category","embeddable":true,"href":"https:\/\/blogs.elcomercio.es\/eldesvan\/wp-json\/wp\/v2\/categories?post=19"},{"taxonomy":"post_tag","embeddable":true,"href":"https:\/\/blogs.elcomercio.es\/eldesvan\/wp-json\/wp\/v2\/tags?post=19"}],"curies":[{"name":"wp","href":"https:\/\/api.w.org\/{rel}","templated":true}]}}