{"id":21,"date":"2006-10-29T02:26:00","date_gmt":"2006-10-29T02:26:00","guid":{"rendered":"http:\/\/danexport.wordpress.com\/2006\/10\/29\/nonerias-6-a-8-tutifruti\/"},"modified":"2006-10-29T02:26:00","modified_gmt":"2006-10-29T02:26:00","slug":"nonerias-6-a-8-tutifruti","status":"publish","type":"post","link":"https:\/\/blogs.elcomercio.es\/eldesvan\/2006\/10\/29\/nonerias-6-a-8-tutifruti\/","title":{"rendered":"\u00d1o\u00f1er\u00edas 6 a 8: Tutifruti"},"content":{"rendered":"<p style=\"text-align: center\"><a href=\"http:\/\/photos1.blogger.com\/blogger\/1937\/2964\/1600\/nano7.0.jpg\" rel=\"external nofollow\"><img class=\"aligncenter\" style=\"text-align:center;margin:0 auto 10px\" src=\"\/\/photos1.blogger.com\/blogger\/1937\/2964\/320\/nano7.0.jpg\" border=\"0\" alt=\"\" \/><\/a><\/p>\n<div style=\"text-align:center\"><a href=\"http:\/\/photos1.blogger.com\/blogger\/1937\/2964\/1600\/nono6.0.jpg\" rel=\"external nofollow\"><img style=\"text-align:center;margin:0 auto 10px\" src=\"\/\/photos1.blogger.com\/blogger\/1937\/2964\/320\/nono6.0.jpg\" border=\"0\" alt=\"\" \/><\/a><\/div>\n<div style=\"text-align:center\"><a href=\"http:\/\/photos1.blogger.com\/blogger\/1937\/2964\/1600\/nono3.jpg\" rel=\"external nofollow\"><img style=\"text-align:center;margin:0 auto 10px\" src=\"\/\/photos1.blogger.com\/blogger\/1937\/2964\/320\/nono3.jpg\" border=\"0\" alt=\"\" \/><\/a><\/div>\n<div style=\"text-align:center\"><span style=\"color:#000066;font-size:100%\"><span style=\"font-family:arial\">Dany El \u00d1o\u00f1o expande sus fronteras, emigra de s\u00ed mismo y alcanza latitudes y, por que no, longitudes insospechadas. Su influencia en la juventud de hoy en d\u00eda se refuerza mediante la difusi\u00f3n en <a href=\"http:\/\/www.ojodepez-fanzine.net\/\" rel=\"external nofollow\">ODP<\/a> (ver entrada anterior para m\u00e1s inri), dos de estos tres pellizcos del anecdotario que compone su vida salieron publicadas en ese panfleto infravalorado y acuoso y sus respectivos temas tienen que ver con los respectivos temas de aquel. Cada quince d\u00edas en su quiosco virtual m\u00e1s de este pizpireto rapaz, y cada cierto y poco definido tiempo recopilaci\u00f3n en este inundado desv\u00e1n junto a obras in\u00e9ditas como la tira (o lo que sea), que encabeza todo este guirigay, repitan conmigo. En esta tira (o lo que sea), Dany se enfada. \u00bfTienen esa capacidad los \u00f1o\u00f1os, se preguntar\u00e1n? Voto a brios que s\u00ed, y cuando tal sucede su ira es indescriptible, insondable, pizpireta. De pronto, toda su furia almacenada por el desequilibrio agresivo-pasivo que les embarga estalla a modo de popurri desbordado y al que pilla en su camino se lo lleva por delante en una marea de descontrol y palomas al viento. \u00bfEl motivo de esta barbarie? Puede ser irrelevante o pueden ser, repitan conmigo, los putos sms que la humanidad decidi\u00f3 necesitar para subsistir hace bien poco. Mire a donde mire y sin falta de descuidarse alguien te demanda, te pide, te aconseja, te reclama, te manda uno de estos coitos interruptus de la prosa malhablada del hoy y, me temo, del ma\u00f1ana. Yo paso, no concurso, no quiero politonos, no quiero a Bisbal, ni a la Oreja, no quiero juegos ni ganar un bmv por 0,25, no quiero enviar uno para que me devuelvan 25 gratis o razonablemente m\u00e1s baratos, no quiero publicidad insana en mi anacr\u00f3nico y pesado como una jabal\u00ed pre\u00f1ada tel\u00e9fono m\u00f3vil.<\/span><\/span><span style=\"color:#000066;font-size:100%\"><span style=\"font-family:arial\">El otro d\u00eda escuch\u00e9 que s\u00f3lo queda un puesto de palomas mensajeras operativo en la pen\u00ednsula, a donde iremos a parar.<\/span><\/span><\/div>\n<!-- AddThis Advanced Settings generic via filter on the_content --><!-- AddThis Share Buttons generic via filter on the_content -->","protected":false},"excerpt":{"rendered":"<p>Dany El \u00d1o\u00f1o expande sus fronteras, emigra de s\u00ed mismo y alcanza latitudes y, por que no, longitudes insospechadas. Su influencia en la juventud de hoy en d\u00eda se refuerza mediante la difusi\u00f3n en ODP (ver entrada anterior para m\u00e1s inri), dos de estos tres pellizcos del anecdotario que compone su vida salieron publicadas en [&hellip;]<!-- AddThis Advanced Settings generic via filter on get_the_excerpt --><!-- AddThis Share Buttons generic via filter on get_the_excerpt --><\/p>\n","protected":false},"author":3,"featured_media":0,"comment_status":"open","ping_status":"open","sticky":false,"template":"","format":"standard","meta":[],"categories":[3],"tags":[48],"_links":{"self":[{"href":"https:\/\/blogs.elcomercio.es\/eldesvan\/wp-json\/wp\/v2\/posts\/21"}],"collection":[{"href":"https:\/\/blogs.elcomercio.es\/eldesvan\/wp-json\/wp\/v2\/posts"}],"about":[{"href":"https:\/\/blogs.elcomercio.es\/eldesvan\/wp-json\/wp\/v2\/types\/post"}],"author":[{"embeddable":true,"href":"https:\/\/blogs.elcomercio.es\/eldesvan\/wp-json\/wp\/v2\/users\/3"}],"replies":[{"embeddable":true,"href":"https:\/\/blogs.elcomercio.es\/eldesvan\/wp-json\/wp\/v2\/comments?post=21"}],"version-history":[{"count":0,"href":"https:\/\/blogs.elcomercio.es\/eldesvan\/wp-json\/wp\/v2\/posts\/21\/revisions"}],"wp:attachment":[{"href":"https:\/\/blogs.elcomercio.es\/eldesvan\/wp-json\/wp\/v2\/media?parent=21"}],"wp:term":[{"taxonomy":"category","embeddable":true,"href":"https:\/\/blogs.elcomercio.es\/eldesvan\/wp-json\/wp\/v2\/categories?post=21"},{"taxonomy":"post_tag","embeddable":true,"href":"https:\/\/blogs.elcomercio.es\/eldesvan\/wp-json\/wp\/v2\/tags?post=21"}],"curies":[{"name":"wp","href":"https:\/\/api.w.org\/{rel}","templated":true}]}}