{"id":548,"date":"2020-01-08T17:16:52","date_gmt":"2020-01-08T16:16:52","guid":{"rendered":"https:\/\/blogs.elcomercio.es\/entre-montanas\/?p=548"},"modified":"2020-01-08T17:16:52","modified_gmt":"2020-01-08T16:16:52","slug":"atontamiento-global","status":"publish","type":"post","link":"https:\/\/blogs.elcomercio.es\/entre-montanas\/2020\/01\/08\/atontamiento-global\/","title":{"rendered":"Atontamiento global"},"content":{"rendered":"<p>El a\u00f1o pasado, la Cumbre del Clima finaliz\u00f3 sin resultados, aumentando las posibilidades de que los seres humanos acabemos por exterminarnos a nosotros mismos. Sin embargo, no creo que el calentamiento global, que era lo que all\u00ed se trataba de controlar, sea nuestra amenaza m\u00e1s inmediata, sino el idiotizamiento global, que fue la causa de su fracaso.<\/p>\n<p>Desde siempre, los individuos poderosos y sin escr\u00fapulos han intentado mantener al resto de la gente en la ignorancia para poder manipularlos f\u00e1cilmente. Pero el nivel de atontamiento logrado por los modernos medios de comunicaci\u00f3n no tiene precedentes en la historia. La que deber\u00eda haber sido la Era de la Informaci\u00f3n se ha convertido tan r\u00e1pido en la Era de la Desinformaci\u00f3n que apenas nos percatamos cuando se a\u00f1adi\u00f3 el prefijo.<\/p>\n<p>La capacidad de convicci\u00f3n de las actuales redes sociales es tan alta que pocos son siquiera conscientes de estar siendo manipulados y menos aun los que intentan cuestionarse los mensajes que reciben y pensar por s\u00ed mismos. Supongo que est\u00e1 en la naturaleza humana seguir los cantos de sirena hasta que chocamos contra el arrecife.<\/p>\n<p>Seg\u00fan un estudio de una universidad americana, las mentiras agradables se difunden entre tres y cuatro veces m\u00e1s que las verdades duras y son cre\u00eddas por un 87% m\u00e1s de receptores. Este informe, no quiero enga\u00f1arles, lo acabo de inventar. Curiosamente, cada semana recibo un buen mont\u00f3n de mensajes con datos tan falsos como \u00e9stos y nadie se ha molestado a\u00fan en advert\u00edrmelo ni previa ni posteriormente.<\/p>\n<p>Semejante avalancha de basura te ofusca la mente, haci\u00e9ndote tan dif\u00edcil identificar las informaciones relevantes y las ideas valiosas como ser\u00eda encontrar un diamante en medio de un lodazal. Y quiz\u00e1s es de eso de lo que se trata, quiz\u00e1s sea todo fruto de una conspiraci\u00f3n. Dicen que las ratas nos suceder\u00e1n en el dominio del planeta cuando nos extingamos; quiz\u00e1s est\u00e9n intentando acelerar el proceso. El otro d\u00eda, al pasar junto a un vertedero, me pareci\u00f3 ver una que me miraba con ojillos maliciosos y sarc\u00e1sticos.<\/p>\n<!-- AddThis Advanced Settings generic via filter on the_content --><!-- AddThis Share Buttons generic via filter on the_content -->","protected":false},"excerpt":{"rendered":"<p>El a\u00f1o pasado, la Cumbre del Clima finaliz\u00f3 sin resultados, aumentando las posibilidades de que los seres humanos acabemos por exterminarnos a nosotros mismos. Sin embargo, no creo que el calentamiento global, que era lo que all\u00ed se trataba de controlar, sea nuestra amenaza m\u00e1s inmediata, sino el idiotizamiento global, que fue la causa de [&hellip;]<!-- AddThis Advanced Settings generic via filter on get_the_excerpt --><!-- AddThis Share Buttons generic via filter on get_the_excerpt --><\/p>\n","protected":false},"author":11,"featured_media":0,"comment_status":"open","ping_status":"closed","sticky":false,"template":"","format":"standard","meta":[],"categories":[1],"tags":[],"_links":{"self":[{"href":"https:\/\/blogs.elcomercio.es\/entre-montanas\/wp-json\/wp\/v2\/posts\/548"}],"collection":[{"href":"https:\/\/blogs.elcomercio.es\/entre-montanas\/wp-json\/wp\/v2\/posts"}],"about":[{"href":"https:\/\/blogs.elcomercio.es\/entre-montanas\/wp-json\/wp\/v2\/types\/post"}],"author":[{"embeddable":true,"href":"https:\/\/blogs.elcomercio.es\/entre-montanas\/wp-json\/wp\/v2\/users\/11"}],"replies":[{"embeddable":true,"href":"https:\/\/blogs.elcomercio.es\/entre-montanas\/wp-json\/wp\/v2\/comments?post=548"}],"version-history":[{"count":1,"href":"https:\/\/blogs.elcomercio.es\/entre-montanas\/wp-json\/wp\/v2\/posts\/548\/revisions"}],"predecessor-version":[{"id":549,"href":"https:\/\/blogs.elcomercio.es\/entre-montanas\/wp-json\/wp\/v2\/posts\/548\/revisions\/549"}],"wp:attachment":[{"href":"https:\/\/blogs.elcomercio.es\/entre-montanas\/wp-json\/wp\/v2\/media?parent=548"}],"wp:term":[{"taxonomy":"category","embeddable":true,"href":"https:\/\/blogs.elcomercio.es\/entre-montanas\/wp-json\/wp\/v2\/categories?post=548"},{"taxonomy":"post_tag","embeddable":true,"href":"https:\/\/blogs.elcomercio.es\/entre-montanas\/wp-json\/wp\/v2\/tags?post=548"}],"curies":[{"name":"wp","href":"https:\/\/api.w.org\/{rel}","templated":true}]}}