{"id":569,"date":"2020-03-07T10:39:23","date_gmt":"2020-03-07T09:39:23","guid":{"rendered":"https:\/\/blogs.elcomercio.es\/entre-montanas\/?p=569"},"modified":"2020-03-07T10:39:23","modified_gmt":"2020-03-07T09:39:23","slug":"el-tontovirus","status":"publish","type":"post","link":"https:\/\/blogs.elcomercio.es\/entre-montanas\/2020\/03\/07\/el-tontovirus\/","title":{"rendered":"El tontovirus"},"content":{"rendered":"<p>Me asombra la polvareda que se ha montado a cuenta del dichoso coronavirus. Hay que cambiar la forma de ense\u00f1ar las matem\u00e1ticas porque la gente no las entiende. Examinando las cifras vemos que, hasta ahora, ha habido en todo el mundo unos 80.000 afectados y han muerto unas 2.700 personas. Pueden parecer muchos, pero si lo comparamos con la gripe com\u00fan, por ejemplo, que afect\u00f3 la pasada campa\u00f1a a unos 525.000 espa\u00f1oles y mat\u00f3 a 6.300, no son nada. Caus\u00f3 seis veces m\u00e1s afectados y m\u00e1s del doble de muertes s\u00f3lo en Espa\u00f1a que ahora a nivel mundial y ni hubo histeria ni portadas de medios.<\/p>\n<p>Los que nos manipulan a base de contarnos milongas saben bien que la \u00fanica enfermedad para la que no hay esperanza de cura es la tonter\u00eda que cursa con ignorancia y se aprovechan de ello. Y no escarmentamos. Ya nos pas\u00f3 con las \u201cvacas locas\u201d, con la \u201cgripe del cerdo\u201d y con muchas m\u00e1s. La OMS ha gritado tantas veces \u201c\u00a1Que viene el lobo!\u201d que el d\u00eda que sea verdad nadie los va a creer. Ver a alguien subirse al coche (m\u00e1s de mil muertos el pasado a\u00f1o) con mascarilla y sin casco demuestra que la estupidez humana no tiene l\u00edmites.<\/p>\n<p>Yo entiendo que hay colectivos concretos que es razonable que est\u00e9n especialmente vigilantes. Para un republicano, por ejemplo, es una ignominia ideol\u00f3gica permitir que te tumbe un coronavirus. Tambi\u00e9n est\u00e1n las personas que son negadas para los idiomas. Tiene que ser imposible para ellos aprender a estornudar y toser en chino (\u00bfC\u00f3mo se escribir\u00e1 \u00a1AAATTCHIS! y \u00a1COH, COH! en mandar\u00edn?). Para el resto, es mejor emplear el dinero de la mascarilla en echar una primitiva. Las posibilidades de que te sirva para algo son m\u00e1s o menos las mismas y una s\u00f3lo te evita unos d\u00edas de cama y la otra te garantiza a\u00f1os de disfrute. Las tomaduras de pelo est\u00e1n proliferando de tal manera que al dicho \u201cen cien a\u00f1os, todos calvos\u201d va a haber que restarle muchas d\u00e9cadas\u201d.<\/p>\n<!-- AddThis Advanced Settings generic via filter on the_content --><!-- AddThis Share Buttons generic via filter on the_content -->","protected":false},"excerpt":{"rendered":"<p>Me asombra la polvareda que se ha montado a cuenta del dichoso coronavirus. Hay que cambiar la forma de ense\u00f1ar las matem\u00e1ticas porque la gente no las entiende. Examinando las cifras vemos que, hasta ahora, ha habido en todo el mundo unos 80.000 afectados y han muerto unas 2.700 personas. Pueden parecer muchos, pero si [&hellip;]<!-- AddThis Advanced Settings generic via filter on get_the_excerpt --><!-- AddThis Share Buttons generic via filter on get_the_excerpt --><\/p>\n","protected":false},"author":11,"featured_media":0,"comment_status":"open","ping_status":"closed","sticky":false,"template":"","format":"standard","meta":[],"categories":[1],"tags":[],"_links":{"self":[{"href":"https:\/\/blogs.elcomercio.es\/entre-montanas\/wp-json\/wp\/v2\/posts\/569"}],"collection":[{"href":"https:\/\/blogs.elcomercio.es\/entre-montanas\/wp-json\/wp\/v2\/posts"}],"about":[{"href":"https:\/\/blogs.elcomercio.es\/entre-montanas\/wp-json\/wp\/v2\/types\/post"}],"author":[{"embeddable":true,"href":"https:\/\/blogs.elcomercio.es\/entre-montanas\/wp-json\/wp\/v2\/users\/11"}],"replies":[{"embeddable":true,"href":"https:\/\/blogs.elcomercio.es\/entre-montanas\/wp-json\/wp\/v2\/comments?post=569"}],"version-history":[{"count":1,"href":"https:\/\/blogs.elcomercio.es\/entre-montanas\/wp-json\/wp\/v2\/posts\/569\/revisions"}],"predecessor-version":[{"id":570,"href":"https:\/\/blogs.elcomercio.es\/entre-montanas\/wp-json\/wp\/v2\/posts\/569\/revisions\/570"}],"wp:attachment":[{"href":"https:\/\/blogs.elcomercio.es\/entre-montanas\/wp-json\/wp\/v2\/media?parent=569"}],"wp:term":[{"taxonomy":"category","embeddable":true,"href":"https:\/\/blogs.elcomercio.es\/entre-montanas\/wp-json\/wp\/v2\/categories?post=569"},{"taxonomy":"post_tag","embeddable":true,"href":"https:\/\/blogs.elcomercio.es\/entre-montanas\/wp-json\/wp\/v2\/tags?post=569"}],"curies":[{"name":"wp","href":"https:\/\/api.w.org\/{rel}","templated":true}]}}