{"id":1195,"date":"2015-11-05T08:00:18","date_gmt":"2015-11-05T07:00:18","guid":{"rendered":"http:\/\/blogs.elcomercio.es\/explorando-paraiso-moto\/?p=1195"},"modified":"2015-11-05T08:00:18","modified_gmt":"2015-11-05T07:00:18","slug":"la-laguna-de-lago-de-babia","status":"publish","type":"post","link":"https:\/\/blogs.elcomercio.es\/explorando-paraiso-moto\/2015\/11\/05\/la-laguna-de-lago-de-babia\/","title":{"rendered":"La Laguna de Lago de Babia"},"content":{"rendered":"<p>Cuando asist\u00ed a la concentraci\u00f3n de AKK ( Astur Kustom Kulture ) en Sevares, escuch\u00e9 de \u00a0boca de To\u00f1o, su presidente, el nombre de un pueblo que no conoc\u00eda. Se trata de La Cueta\u00a0de Babia, la localidad m\u00e1s alta de la provincia de Le\u00f3n.<\/p>\n<p>Situada en un precioso lugar a lo largo del cual se extienden unos imponentes ca\u00f1ones y unas angostas gargantas en las cuales baila el r\u00edo Sil,cuyo nacimiento podremos encontrar\u00a0realizando\u00a0una ruta de senderismo hasta pe\u00f1a Orniz.<\/p>\n<p>&nbsp;<\/p>\n<p><a href=\"\/explorando-paraiso-moto\/wp-content\/uploads\/sites\/13\/2015\/07\/IMG_20150715_171924.jpg\"><img loading=\"lazy\" src=\"\/explorando-paraiso-moto\/wp-content\/uploads\/sites\/13\/2015\/07\/IMG_20150715_171924.jpg\" alt=\"\" width=\"866\" height=\"653\" \/><\/a><\/p>\n<p><!--more--><\/p>\n<p>&nbsp;<\/p>\n<p>Siempre es un placer rodar por el Puerto de Somiedo, el cual atravesamos\u00a0&#8221; Trailera&#8221; y yo con un calor sofocante que, poco a poco, iba haci\u00e9ndose a\u00fan m\u00e1s insoportable.<\/p>\n<p>&nbsp;<\/p>\n<p><a href=\"\/explorando-paraiso-moto\/wp-content\/uploads\/sites\/13\/2015\/07\/IMG_20150715_145355.jpg\"><img loading=\"lazy\" src=\"\/explorando-paraiso-moto\/wp-content\/uploads\/sites\/13\/2015\/07\/IMG_20150715_145355.jpg\" alt=\"\" width=\"716\" height=\"541\" \/><\/a><\/p>\n<p>&nbsp;<\/p>\n<p><a href=\"\/explorando-paraiso-moto\/wp-content\/uploads\/sites\/13\/2015\/07\/IMG_20150715_150005.jpg\"><img loading=\"lazy\" src=\"\/explorando-paraiso-moto\/wp-content\/uploads\/sites\/13\/2015\/07\/IMG_20150715_150005.jpg\" alt=\"\" width=\"716\" height=\"541\" \/><\/a><\/p>\n<p>&nbsp;<\/p>\n<p>El pueblo de La Peral al fondo .<\/p>\n<p>&nbsp;<\/p>\n<p><a href=\"\/explorando-paraiso-moto\/wp-content\/uploads\/sites\/13\/2015\/07\/IMG_20150715_145437.jpg\"><img loading=\"lazy\" src=\"\/explorando-paraiso-moto\/wp-content\/uploads\/sites\/13\/2015\/07\/IMG_20150715_145437.jpg\" alt=\"\" width=\"716\" height=\"541\" \/><\/a><\/p>\n<p>&nbsp;<\/p>\n<p>En territorio leon\u00e9s, un paisaje de perfectas carreteras e imponentes monta\u00f1as se abr\u00eda ante mis ojos. Estaba en &#8220;Babia&#8221;.<\/p>\n<p>&nbsp;<\/p>\n<p><a href=\"\/explorando-paraiso-moto\/wp-content\/uploads\/sites\/13\/2015\/07\/IMG_20150715_150556.jpg\"><img loading=\"lazy\" src=\"\/explorando-paraiso-moto\/wp-content\/uploads\/sites\/13\/2015\/07\/IMG_20150715_150556.jpg\" alt=\"\" width=\"716\" height=\"541\" \/><\/a><\/p>\n<p>&nbsp;<\/p>\n<p>Donde prima una excelente educaci\u00f3n recibiendo y despidiendo al visitante.<\/p>\n<p>&nbsp;<\/p>\n<p><a href=\"\/explorando-paraiso-moto\/wp-content\/uploads\/sites\/13\/2015\/07\/IMG_20150715_150619.jpg\"><img loading=\"lazy\" src=\"\/explorando-paraiso-moto\/wp-content\/uploads\/sites\/13\/2015\/07\/IMG_20150715_150619.jpg\" alt=\"\" width=\"716\" height=\"541\" \/><\/a><\/p>\n<p>&nbsp;<\/p>\n<p>Por una carretera estrecha horadada por los ca\u00f1ones del r\u00edo Sil y rodeada\u00a0de enormes pliegues, atravieso los tres valles que forman La Cueta.<\/p>\n<p>&nbsp;<\/p>\n<p><a href=\"\/explorando-paraiso-moto\/wp-content\/uploads\/sites\/13\/2015\/07\/IMG_20150715_152227.jpg\"><img loading=\"lazy\" src=\"\/explorando-paraiso-moto\/wp-content\/uploads\/sites\/13\/2015\/07\/IMG_20150715_152227.jpg\" alt=\"\" width=\"716\" height=\"541\" \/><\/a><\/p>\n<p>&nbsp;<\/p>\n<p><a href=\"\/explorando-paraiso-moto\/wp-content\/uploads\/sites\/13\/2015\/07\/IMG_20150715_151755.jpg\"><img loading=\"lazy\" src=\"\/explorando-paraiso-moto\/wp-content\/uploads\/sites\/13\/2015\/07\/IMG_20150715_151755.jpg\" alt=\"\" width=\"716\" height=\"541\" \/><\/a><\/p>\n<p>&nbsp;<\/p>\n<p><a href=\"\/explorando-paraiso-moto\/wp-content\/uploads\/sites\/13\/2015\/07\/IMG_20150715_152528.jpg\"><img loading=\"lazy\" src=\"\/explorando-paraiso-moto\/wp-content\/uploads\/sites\/13\/2015\/07\/IMG_20150715_152528.jpg\" alt=\"\" width=\"716\" height=\"541\" \/><\/a><\/p>\n<p>&nbsp;<\/p>\n<p><a href=\"\/explorando-paraiso-moto\/wp-content\/uploads\/sites\/13\/2015\/07\/FHD3172.jpg\"><img loading=\"lazy\" src=\"\/explorando-paraiso-moto\/wp-content\/uploads\/sites\/13\/2015\/07\/FHD3172.jpg\" alt=\"\" width=\"716\" height=\"541\" \/><\/a><\/p>\n<p>&nbsp;<\/p>\n<p>De La Cueta parte una<em> <a href=\"http:\/\/www.jfcamina.es\/rutas\/082-jfc-PenaOrniz\/082-jfc.htm\" target=\"_blank\" rel=\"external nofollow\">ruta<\/a> <\/em>de senderismo hacia Pe\u00f1a Orniz, en cuya base nace el r\u00edo Sil.<\/p>\n<p>&nbsp;<\/p>\n<p><a href=\"\/explorando-paraiso-moto\/wp-content\/uploads\/sites\/13\/2015\/07\/IMG_20150715_153905.jpg\"><img loading=\"lazy\" src=\"\/explorando-paraiso-moto\/wp-content\/uploads\/sites\/13\/2015\/07\/IMG_20150715_153905.jpg\" alt=\"\" width=\"716\" height=\"541\" \/><\/a><\/p>\n<p>&nbsp;<\/p>\n<p>A la entrada, el guardi\u00e1n avisa de mi llegada\u00a0.. Espero poder pasar.<\/p>\n<p>&nbsp;<\/p>\n<p><a href=\"\/explorando-paraiso-moto\/wp-content\/uploads\/sites\/13\/2015\/07\/IMG_7440.jpg\"><img loading=\"lazy\" src=\"\/explorando-paraiso-moto\/wp-content\/uploads\/sites\/13\/2015\/07\/IMG_7440.jpg\" alt=\"\" width=\"716\" height=\"482\" \/><\/a><\/p>\n<p>&nbsp;<\/p>\n<p>Un gran n\u00famero de pintorescos rincones se abrigan al cobijo de tan bellas moles calizas.<\/p>\n<p>&nbsp;<\/p>\n<p><a href=\"\/explorando-paraiso-moto\/wp-content\/uploads\/sites\/13\/2015\/07\/IMG_7453.jpg\"><img loading=\"lazy\" src=\"\/explorando-paraiso-moto\/wp-content\/uploads\/sites\/13\/2015\/07\/IMG_7453.jpg\" alt=\"\" width=\"716\" height=\"482\" \/><\/a><\/p>\n<p>&nbsp;<\/p>\n<p><a href=\"\/explorando-paraiso-moto\/wp-content\/uploads\/sites\/13\/2015\/07\/IMG_7496.jpg\"><img loading=\"lazy\" src=\"\/explorando-paraiso-moto\/wp-content\/uploads\/sites\/13\/2015\/07\/IMG_7496.jpg\" alt=\"\" width=\"716\" height=\"482\" \/><\/a><\/p>\n<p>&nbsp;<\/p>\n<p><a href=\"\/explorando-paraiso-moto\/wp-content\/uploads\/sites\/13\/2015\/07\/IMG_20150715_155823.jpg\"><img loading=\"lazy\" src=\"\/explorando-paraiso-moto\/wp-content\/uploads\/sites\/13\/2015\/07\/IMG_20150715_155823.jpg\" alt=\"\" width=\"716\" height=\"541\" \/><\/a><\/p>\n<p>&nbsp;<\/p>\n<p><a href=\"\/explorando-paraiso-moto\/wp-content\/uploads\/sites\/13\/2015\/07\/IMG_7454.jpg\"><img loading=\"lazy\" src=\"\/explorando-paraiso-moto\/wp-content\/uploads\/sites\/13\/2015\/07\/IMG_7454.jpg\" alt=\"\" width=\"716\" height=\"482\" \/><\/a><\/p>\n<p>&nbsp;<\/p>\n<p>La &#8221; Fuente Divina &#8220;.<\/p>\n<p>&nbsp;<\/p>\n<p><a href=\"\/explorando-paraiso-moto\/wp-content\/uploads\/sites\/13\/2015\/07\/IMG_7461.jpg\"><img loading=\"lazy\" src=\"\/explorando-paraiso-moto\/wp-content\/uploads\/sites\/13\/2015\/07\/IMG_7461.jpg\" alt=\"\" width=\"716\" height=\"482\" \/><\/a><\/p>\n<p>&nbsp;<\/p>\n<p>Y dominando todo el conjunto, la iglesia parroquial de San Mateo. Esta tarde , mi balc\u00f3n.<\/p>\n<p>&nbsp;<\/p>\n<p><a href=\"\/explorando-paraiso-moto\/wp-content\/uploads\/sites\/13\/2015\/07\/IMG_20150715_155533.jpg\"><img loading=\"lazy\" src=\"\/explorando-paraiso-moto\/wp-content\/uploads\/sites\/13\/2015\/07\/IMG_20150715_155533.jpg\" alt=\"\" width=\"716\" height=\"541\" \/><\/a><\/p>\n<p>&nbsp;<\/p>\n<p>Desde lo alto&#8230;<\/p>\n<p>&nbsp;<\/p>\n<p><a href=\"\/explorando-paraiso-moto\/wp-content\/uploads\/sites\/13\/2015\/07\/FHD3183.jpg\"><img loading=\"lazy\" src=\"\/explorando-paraiso-moto\/wp-content\/uploads\/sites\/13\/2015\/07\/FHD3183.jpg\" alt=\"\" width=\"716\" height=\"541\" \/><\/a><\/p>\n<p>&nbsp;<\/p>\n<p><a href=\"\/explorando-paraiso-moto\/wp-content\/uploads\/sites\/13\/2015\/07\/IMG_7490.jpg\"><img loading=\"lazy\" src=\"\/explorando-paraiso-moto\/wp-content\/uploads\/sites\/13\/2015\/07\/IMG_7490.jpg\" alt=\"\" width=\"716\" height=\"482\" \/><\/a><\/p>\n<p>&nbsp;<\/p>\n<p>32 grados de temperatura y contin\u00fao mi ruta hacia un lugar algo m\u00e1s\u00a0&#8220;refrescante&#8221;.<\/p>\n<p>&nbsp;<\/p>\n<p><a href=\"\/explorando-paraiso-moto\/wp-content\/uploads\/sites\/13\/2015\/07\/IMG_20150715_165951.jpg\"><img loading=\"lazy\" src=\"\/explorando-paraiso-moto\/wp-content\/uploads\/sites\/13\/2015\/07\/IMG_20150715_165951.jpg\" alt=\"\" width=\"716\" height=\"541\" \/><\/a><\/p>\n<p>&nbsp;<\/p>\n<p>Un sofocante y pegajoso calor no ayuda nada a explorar. Escaso, por no decir nulo , tr\u00e1fico a mi paso por los solitarios pueblos.<\/p>\n<p>\u00a1 Qu\u00e9 precioso y, hoy, solitario lugar !. Pude disfrutar este sitio en soledad..<\/p>\n<p>&nbsp;<\/p>\n<p><a href=\"\/explorando-paraiso-moto\/wp-content\/uploads\/sites\/13\/2015\/07\/IMG_7515.jpg\"><img loading=\"lazy\" src=\"\/explorando-paraiso-moto\/wp-content\/uploads\/sites\/13\/2015\/07\/IMG_7515.jpg\" alt=\"\" width=\"816\" height=\"548\" \/><\/a><\/p>\n<p>&nbsp;<\/p>\n<p>Soy una intrusa en un aut\u00e9ntico\u00a0para\u00edso. Un paseo por los alrededores me lleva a contemplar estas vistas.<\/p>\n<p>&nbsp;<\/p>\n<p><a href=\"\/explorando-paraiso-moto\/wp-content\/uploads\/sites\/13\/2015\/07\/IMG_7534.jpg\"><img loading=\"lazy\" src=\"\/explorando-paraiso-moto\/wp-content\/uploads\/sites\/13\/2015\/07\/IMG_7534.jpg\" alt=\"\" width=\"716\" height=\"482\" \/><\/a><\/p>\n<p>&nbsp;<\/p>\n<p><a href=\"\/explorando-paraiso-moto\/wp-content\/uploads\/sites\/13\/2015\/07\/IMG_20150715_172815.jpg\"><img loading=\"lazy\" src=\"\/explorando-paraiso-moto\/wp-content\/uploads\/sites\/13\/2015\/07\/IMG_20150715_172815.jpg\" alt=\"\" width=\"766\" height=\"374\" \/><\/a><\/p>\n<p>&nbsp;<\/p>\n<p>Y a tener una perspectiva diferente de este adorable rinc\u00f3n.<\/p>\n<p>&nbsp;<\/p>\n<p><a href=\"\/explorando-paraiso-moto\/wp-content\/uploads\/sites\/13\/2015\/07\/IMG_7546.jpg\"><img loading=\"lazy\" src=\"\/explorando-paraiso-moto\/wp-content\/uploads\/sites\/13\/2015\/07\/IMG_7546.jpg\" alt=\"\" width=\"716\" height=\"482\" \/><\/a><\/p>\n<p>&nbsp;<\/p>\n<p>Del cual me enamoro mientras lo exploro.. Es imposible no hacerlo.<\/p>\n<p>&nbsp;<\/p>\n<p><a href=\"\/explorando-paraiso-moto\/wp-content\/uploads\/sites\/13\/2015\/07\/IMG_20150715_174126.jpg\"><img loading=\"lazy\" src=\"\/explorando-paraiso-moto\/wp-content\/uploads\/sites\/13\/2015\/07\/IMG_20150715_174126.jpg\" alt=\"\" width=\"816\" height=\"616\" \/><\/a><\/p>\n<p>&nbsp;<\/p>\n<p>Parece que hoy es d\u00eda de estar en familia.<\/p>\n<p>&nbsp;<\/p>\n<p><a href=\"\/explorando-paraiso-moto\/wp-content\/uploads\/sites\/13\/2015\/07\/IMG_7566.jpg\"><img loading=\"lazy\" src=\"\/explorando-paraiso-moto\/wp-content\/uploads\/sites\/13\/2015\/07\/IMG_7566.jpg\" alt=\"\" width=\"716\" height=\"482\" \/><\/a><\/p>\n<p>&nbsp;<\/p>\n<p>Y si ellas vienen, yo tengo que ir pensando en continuar ruta, no sin antes despedirme con una visi\u00f3n m\u00e1s amplia del\u00a0 lugar.<\/p>\n<p>&nbsp;<\/p>\n<p><a href=\"\/explorando-paraiso-moto\/wp-content\/uploads\/sites\/13\/2015\/07\/IMG_20150715_175343.jpg\"><img loading=\"lazy\" src=\"\/explorando-paraiso-moto\/wp-content\/uploads\/sites\/13\/2015\/07\/IMG_20150715_175343.jpg\" alt=\"\" width=\"716\" height=\"541\" \/><\/a><\/p>\n<p>&nbsp;<\/p>\n<p>Hacia Puerto Ventana, una parada en la poblaci\u00f3n de Torrebarrio detr\u00e1s de la cual se levanta\u00a0la pared de Las Ubi\u00f1as\u00a0 a modo de tel\u00f3n de fondo creando un paisaje de postal.<\/p>\n<p>&nbsp;<\/p>\n<p><a href=\"\/explorando-paraiso-moto\/wp-content\/uploads\/sites\/13\/2015\/07\/IMG_20150715_182439.jpg\"><img loading=\"lazy\" src=\"\/explorando-paraiso-moto\/wp-content\/uploads\/sites\/13\/2015\/07\/IMG_20150715_182439.jpg\" alt=\"\" width=\"716\" height=\"541\" \/><\/a><\/p>\n<p>&nbsp;<\/p>\n<p>Y desde el mirador del puerto, un abismo de monta\u00f1as, prader\u00edas y un cielo azul que me ha acompa\u00f1ado durante toda mi ruta por territorio leon\u00e9s.<\/p>\n<p>&nbsp;<\/p>\n<p><a href=\"\/explorando-paraiso-moto\/wp-content\/uploads\/sites\/13\/2015\/07\/IMG_20150715_183550.jpg\"><img loading=\"lazy\" src=\"\/explorando-paraiso-moto\/wp-content\/uploads\/sites\/13\/2015\/07\/IMG_20150715_183550.jpg\" alt=\"\" width=\"716\" height=\"541\" \/><\/a><\/p>\n<p>&nbsp;<\/p>\n<p><a href=\"\/explorando-paraiso-moto\/wp-content\/uploads\/sites\/13\/2015\/07\/FHD4124.jpg\"><img loading=\"lazy\" src=\"\/explorando-paraiso-moto\/wp-content\/uploads\/sites\/13\/2015\/07\/FHD4124.jpg\" alt=\"\" width=\"716\" height=\"541\" \/><\/a><\/p>\n<p>&nbsp;<\/p>\n<p><a href=\"\/explorando-paraiso-moto\/wp-content\/uploads\/sites\/13\/2015\/07\/IMG_20150715_183620.jpg\"><img loading=\"lazy\" src=\"\/explorando-paraiso-moto\/wp-content\/uploads\/sites\/13\/2015\/07\/IMG_20150715_183620.jpg\" alt=\"\" width=\"766\" height=\"374\" \/><\/a><\/p>\n<p>&nbsp;<\/p>\n<p>Para regresar a un territorio\u00a0 donde las oscuras\u00a0nubes y un descenso de las temperaturas me hacen saber que ya estoy en la tierrina, que ya estoy en Asturias.<\/p>\n<p>&nbsp;<\/p>\n<p><a href=\"\/explorando-paraiso-moto\/wp-content\/uploads\/sites\/13\/2015\/07\/IMG_20150715_192456.jpg\"><img loading=\"lazy\" src=\"\/explorando-paraiso-moto\/wp-content\/uploads\/sites\/13\/2015\/07\/IMG_20150715_192456.jpg\" alt=\"\" width=\"716\" height=\"541\" \/><\/a><\/p>\n<p>&nbsp;<\/p>\n<p>Espero que os haya gustado. V\u00b4SSSS.<\/p>\n<p><em><a href=\"https:\/\/www.google.es\/maps\/dir\/Piedras+Blancas\/Belmonte+de+Miranda,+Asturias\/La+Cueta\/Lago+de+Babia\/La+Laguna+de+Lago,+Le%C3%B3n\/La+Plaza\/Trubia\/Arl%C3%B3s,+Asturias\/Piedras+Blancas\/@43.2568572,-6.3933851,10z\/data=!3m1!4b1!4m58!4m57!1m5!1m1!1s0xd369c08811bbde7:0x7ddb1aec7275028c!2m2!1d-5.9769949!2d43.5591713!1m5!1m1!1s0xd36c62a5d664bdb:0x404f58273cb0260!2m2!1d-6.2588369!2d43.2549639!1m5!1m1!1s0xd36d88441ca7287:0x41fa7d1edc41581a!2m2!1d-6.1872573!2d43.0135206!1m5!1m1!1s0xd3726c984307689:0x89be2ef3030ced25!2m2!1d-6.1583807!2d42.9531575!1m5!1m1!1s0xd372707e258f40b:0x6bb7016680217ca!2m2!1d-6.1954636!2d42.9785262!1m5!1m1!1s0xd36dd2f6e2a2443:0xd20c1b13c9ac2d71!2m2!1d-6.1028435!2d43.1583532!1m5!1m1!1s0xd3694a81f4296bf:0x7f7aa8dfb5a3c34e!2m2!1d-5.9835091!2d43.335942!1m5!1m1!1s0xd3690011fcb2089:0xa45186731eb05d86!2m2!1d-5.9005453!2d43.4831759!1m5!1m1!1s0xd369c08811bbde7:0x7ddb1aec7275028c!2m2!1d-5.9769949!2d43.5591713!2m1!1b1!3e0\" target=\"_blank\" rel=\"external nofollow\">Mapa<\/a> <\/em>de la ruta:<\/p>\n<p><a href=\"\/explorando-paraiso-moto\/wp-content\/uploads\/sites\/13\/2015\/07\/IMG_20150721_095435.jpg\"><img loading=\"lazy\" src=\"\/explorando-paraiso-moto\/wp-content\/uploads\/sites\/13\/2015\/07\/IMG_20150721_095435.jpg\" alt=\"\" width=\"300\" height=\"225\" \/><\/a><\/p>\n<p>&nbsp;<\/p>\n<p>Enlaces de inter\u00e9s: <a href=\"http:\/\/www.infobabia.com\" rel=\"external nofollow\">www.<\/a><a href=\"http:\/\/www.infobabia.com\/\" target=\"_blank\" rel=\"external nofollow\">infobabia<\/a><a href=\"http:\/\/www.infobabia.com\" rel=\"external nofollow\">.com<\/a>.<\/p>\n<!-- AddThis Advanced Settings generic via filter on the_content --><!-- AddThis Share Buttons generic via filter on the_content -->","protected":false},"excerpt":{"rendered":"<p>Cuando asist\u00ed a la concentraci\u00f3n de AKK ( Astur Kustom Kulture ) en Sevares, escuch\u00e9 de \u00a0boca de To\u00f1o, su presidente, el nombre de un pueblo que no conoc\u00eda. Se trata de La Cueta\u00a0de Babia, la localidad m\u00e1s alta de la provincia de Le\u00f3n. Situada en un precioso lugar a lo largo del cual se [&hellip;]<!-- AddThis Advanced Settings generic via filter on get_the_excerpt --><!-- AddThis Share Buttons generic via filter on get_the_excerpt --><\/p>\n","protected":false},"author":14,"featured_media":0,"comment_status":"open","ping_status":"closed","sticky":false,"template":"","format":"standard","meta":[],"categories":[37],"tags":[109,206,249,431,456,502,525,533,544,608,710,742,785,786,791,907,944],"_links":{"self":[{"href":"https:\/\/blogs.elcomercio.es\/explorando-paraiso-moto\/wp-json\/wp\/v2\/posts\/1195"}],"collection":[{"href":"https:\/\/blogs.elcomercio.es\/explorando-paraiso-moto\/wp-json\/wp\/v2\/posts"}],"about":[{"href":"https:\/\/blogs.elcomercio.es\/explorando-paraiso-moto\/wp-json\/wp\/v2\/types\/post"}],"author":[{"embeddable":true,"href":"https:\/\/blogs.elcomercio.es\/explorando-paraiso-moto\/wp-json\/wp\/v2\/users\/14"}],"replies":[{"embeddable":true,"href":"https:\/\/blogs.elcomercio.es\/explorando-paraiso-moto\/wp-json\/wp\/v2\/comments?post=1195"}],"version-history":[{"count":0,"href":"https:\/\/blogs.elcomercio.es\/explorando-paraiso-moto\/wp-json\/wp\/v2\/posts\/1195\/revisions"}],"wp:attachment":[{"href":"https:\/\/blogs.elcomercio.es\/explorando-paraiso-moto\/wp-json\/wp\/v2\/media?parent=1195"}],"wp:term":[{"taxonomy":"category","embeddable":true,"href":"https:\/\/blogs.elcomercio.es\/explorando-paraiso-moto\/wp-json\/wp\/v2\/categories?post=1195"},{"taxonomy":"post_tag","embeddable":true,"href":"https:\/\/blogs.elcomercio.es\/explorando-paraiso-moto\/wp-json\/wp\/v2\/tags?post=1195"}],"curies":[{"name":"wp","href":"https:\/\/api.w.org\/{rel}","templated":true}]}}