{"id":1276,"date":"2015-12-03T00:14:01","date_gmt":"2015-12-02T23:14:01","guid":{"rendered":"http:\/\/blogs.elcomercio.es\/explorando-paraiso-moto\/?p=1276"},"modified":"2015-12-03T00:14:01","modified_gmt":"2015-12-02T23:14:01","slug":"la-ruta-de-la-escanda","status":"publish","type":"post","link":"https:\/\/blogs.elcomercio.es\/explorando-paraiso-moto\/2015\/12\/03\/la-ruta-de-la-escanda\/","title":{"rendered":"La ruta de La Escanda"},"content":{"rendered":"<p>Gratamente me sorprendi\u00f3 el concejo de Grado despu\u00e9s de la realizaci\u00f3n de esta ruta en la cual pude disfrutar de esas carreteras aisladas y poco frecuentadas que tanto me gustan, as\u00ed como de unas impresionantes vistas de los Valles del Cubia y del Narcea.<\/p>\n<p>&nbsp;<\/p>\n<p><a href=\"\/explorando-paraiso-moto\/wp-content\/uploads\/sites\/13\/2015\/08\/IMG_7748.jpg\"><img loading=\"lazy\" src=\"\/explorando-paraiso-moto\/wp-content\/uploads\/sites\/13\/2015\/08\/IMG_7748.jpg\" alt=\"\" width=\"874\" height=\"590\" \/><\/a><\/p>\n<p><!--more--><\/p>\n<p>&nbsp;<\/p>\n<p>Esa tarde hac\u00eda mucho viento. No consigo a\u00fan saber c\u00f3mo me decid\u00ed a salir con\u00a0&#8221; Trailera&#8221;. Supongo que las ganas de rodar eran tan evidentes que no lo consiguieron evitar.<\/p>\n<p>Desde el Alto de la Cabru\u00f1ana ( aunque en realidad\u00a0el punto de partida es Grado )\u00a0inicio la &#8220;<em><a href=\"http:\/\/www.ayto-grado.es\/la-ruta-de-la-escanda\" target=\"_blank\" rel=\"external nofollow\">Ruta de la escanda<\/a><\/em>\u00a0&#8221; siguiendo las indicaciones hacia Las Cruces, El Freisnu,.. No muy lejos se alza el <a href=\"http:\/\/www.vivirasturias.com\/asturias\/grado\/santuario-de-nuestra-se%C3%B1ora-del-fresno\/es\" target=\"_blank\" rel=\"external nofollow\">Santuario de Nuestra Se\u00f1ora del Fresno <\/a>de estilo barroco popular con transformaciones posteriores ( para visitas: <em><a href=\"http:\/\/www.ayto-grado.es\/oficina-de-turismo\" target=\"_blank\" rel=\"external nofollow\">Oficina de Turismo de Grado <\/a><\/em>).<\/p>\n<p>&nbsp;<\/p>\n<p><a href=\"\/explorando-paraiso-moto\/wp-content\/uploads\/sites\/13\/2015\/08\/IMG_7731.jpg\"><img loading=\"lazy\" src=\"\/explorando-paraiso-moto\/wp-content\/uploads\/sites\/13\/2015\/08\/IMG_7731.jpg\" alt=\"\" width=\"674\" height=\"457\" \/><\/a><\/p>\n<p>&nbsp;<\/p>\n<p><a href=\"\/explorando-paraiso-moto\/wp-content\/uploads\/sites\/13\/2015\/08\/IMG_20150726_170335.jpg\"><img loading=\"lazy\" src=\"\/explorando-paraiso-moto\/wp-content\/uploads\/sites\/13\/2015\/08\/IMG_20150726_170335.jpg\" alt=\"\" width=\"724\" height=\"549\" \/><\/a><\/p>\n<p>&nbsp;<\/p>\n<p><a href=\"\/explorando-paraiso-moto\/wp-content\/uploads\/sites\/13\/2015\/08\/IMG_7738.jpg\"><img loading=\"lazy\" src=\"\/explorando-paraiso-moto\/wp-content\/uploads\/sites\/13\/2015\/08\/IMG_7738.jpg\" alt=\"\" width=\"724\" height=\"490\" \/><\/a><\/p>\n<p>&nbsp;<\/p>\n<p><a href=\"\/explorando-paraiso-moto\/wp-content\/uploads\/sites\/13\/2015\/08\/IMG_7735.jpg\"><img loading=\"lazy\" src=\"\/explorando-paraiso-moto\/wp-content\/uploads\/sites\/13\/2015\/08\/IMG_7735.jpg\" alt=\"\" width=\"724\" height=\"490\" \/><\/a><\/p>\n<p>&nbsp;<\/p>\n<p><a href=\"\/explorando-paraiso-moto\/wp-content\/uploads\/sites\/13\/2015\/08\/IMG_7733.jpg\"><img loading=\"lazy\" src=\"\/explorando-paraiso-moto\/wp-content\/uploads\/sites\/13\/2015\/08\/IMG_7733.jpg\" alt=\"\" width=\"724\" height=\"490\" \/><\/a><\/p>\n<p>&nbsp;<\/p>\n<p><a href=\"\/explorando-paraiso-moto\/wp-content\/uploads\/sites\/13\/2015\/08\/IMG_7732.jpg\"><img loading=\"lazy\" src=\"\/explorando-paraiso-moto\/wp-content\/uploads\/sites\/13\/2015\/08\/IMG_7732.jpg\" alt=\"\" width=\"724\" height=\"490\" \/><\/a><\/p>\n<p>&nbsp;<\/p>\n<p>Un elevado lugar donde deleitar la vista.<\/p>\n<p>&nbsp;<\/p>\n<p><a href=\"\/explorando-paraiso-moto\/wp-content\/uploads\/sites\/13\/2015\/08\/IMG_7724.jpg\"><img loading=\"lazy\" src=\"\/explorando-paraiso-moto\/wp-content\/uploads\/sites\/13\/2015\/08\/IMG_7724.jpg\" alt=\"\" width=\"724\" height=\"490\" \/><\/a><\/p>\n<p>&nbsp;<\/p>\n<p>Una enorme cruz con una inscripci\u00f3n casi ilegible recuerda el lugar donde fue levantada la primera iglesia all\u00e1 por el S. IX.<\/p>\n<p>&nbsp;<\/p>\n<p><a href=\"\/explorando-paraiso-moto\/wp-content\/uploads\/sites\/13\/2015\/08\/IMG_20150726_164025.jpg\"><img loading=\"lazy\" src=\"\/explorando-paraiso-moto\/wp-content\/uploads\/sites\/13\/2015\/08\/IMG_20150726_164025.jpg\" alt=\"\" width=\"624\" height=\"301\" \/><\/a><\/p>\n<p>&nbsp;<\/p>\n<p>No quiero marcharme de aqu\u00ed sin tener un recuerdo.<\/p>\n<p>&nbsp;<\/p>\n<p><a href=\"\/explorando-paraiso-moto\/wp-content\/uploads\/sites\/13\/2015\/08\/IMG_7729.jpg\"><img loading=\"lazy\" src=\"\/explorando-paraiso-moto\/wp-content\/uploads\/sites\/13\/2015\/08\/IMG_7729.jpg\" alt=\"\" width=\"724\" height=\"490\" \/><\/a><\/p>\n<p>&nbsp;<\/p>\n<p>El viento segu\u00eda soplando a\u00fan con fuerza. A\u00fan as\u00ed, continu\u00e9 con la ruta como hab\u00eda previsto: Alvar\u00e9, La Carid\u00e1,.. Hasta llegar a Moutas.<\/p>\n<p>&nbsp;<\/p>\n<p><a href=\"\/explorando-paraiso-moto\/wp-content\/uploads\/sites\/13\/2015\/08\/IMG_20150726_173252.jpg\"><img loading=\"lazy\" src=\"\/explorando-paraiso-moto\/wp-content\/uploads\/sites\/13\/2015\/08\/IMG_20150726_173252.jpg\" alt=\"\" width=\"674\" height=\"511\" \/><\/a><\/p>\n<p>&nbsp;<\/p>\n<p>Una mara\u00f1a de caleyas pero, sin desviarme de mi itinerario, no tardo en contemplar los bellos paisajes que me rodean, los de Asturias.<\/p>\n<p>&nbsp;<\/p>\n<p><a href=\"\/explorando-paraiso-moto\/wp-content\/uploads\/sites\/13\/2015\/08\/IMG_7764.jpg\"><img loading=\"lazy\" src=\"\/explorando-paraiso-moto\/wp-content\/uploads\/sites\/13\/2015\/08\/IMG_7764.jpg\" alt=\"\" width=\"724\" height=\"490\" \/><\/a><\/p>\n<p>&nbsp;<\/p>\n<p><a href=\"\/explorando-paraiso-moto\/wp-content\/uploads\/sites\/13\/2015\/08\/IMG_7763.jpg\"><img loading=\"lazy\" src=\"\/explorando-paraiso-moto\/wp-content\/uploads\/sites\/13\/2015\/08\/IMG_7763.jpg\" alt=\"\" width=\"724\" height=\"490\" \/><\/a><\/p>\n<p>&nbsp;<\/p>\n<p><a href=\"\/explorando-paraiso-moto\/wp-content\/uploads\/sites\/13\/2015\/08\/IMG_7793.jpg\"><img loading=\"lazy\" src=\"\/explorando-paraiso-moto\/wp-content\/uploads\/sites\/13\/2015\/08\/IMG_7793.jpg\" alt=\"\" width=\"824\" height=\"557\" \/><\/a><\/p>\n<p>&nbsp;<\/p>\n<p>No entorpezco a nadie porque apenas encuentro a nadie en mi camino. Ganado suelto en los prados y alguno interrumpiendo su hora de la comida al o\u00edrnos pasar. Otros , en cambio, prefieren seguir descansando.<\/p>\n<p>&nbsp;<\/p>\n<p><a href=\"\/explorando-paraiso-moto\/wp-content\/uploads\/sites\/13\/2015\/08\/IMG_7787.jpg\"><img loading=\"lazy\" src=\"\/explorando-paraiso-moto\/wp-content\/uploads\/sites\/13\/2015\/08\/IMG_7787.jpg\" alt=\"\" width=\"724\" height=\"490\" \/><\/a><\/p>\n<p>&nbsp;<\/p>\n<p><a href=\"\/explorando-paraiso-moto\/wp-content\/uploads\/sites\/13\/2015\/08\/IMG_7791.jpg\"><img loading=\"lazy\" src=\"\/explorando-paraiso-moto\/wp-content\/uploads\/sites\/13\/2015\/08\/IMG_7791.jpg\" alt=\"\" width=\"724\" height=\"490\" \/><\/a><\/p>\n<p>&nbsp;<\/p>\n<p>Y contemplo la elegancia con la que se visten los prados en esta \u00e9poca del a\u00f1o.<\/p>\n<p>&nbsp;<\/p>\n<p><a href=\"\/explorando-paraiso-moto\/wp-content\/uploads\/sites\/13\/2015\/08\/IMG_7781.jpg\"><img loading=\"lazy\" src=\"\/explorando-paraiso-moto\/wp-content\/uploads\/sites\/13\/2015\/08\/IMG_7781.jpg\" alt=\"\" width=\"724\" height=\"490\" \/><\/a><\/p>\n<p>&nbsp;<\/p>\n<p><a href=\"\/explorando-paraiso-moto\/wp-content\/uploads\/sites\/13\/2015\/08\/IMG_7761.jpg\"><img loading=\"lazy\" src=\"\/explorando-paraiso-moto\/wp-content\/uploads\/sites\/13\/2015\/08\/IMG_7761.jpg\" alt=\"\" width=\"724\" height=\"490\" \/><\/a><\/p>\n<p>&nbsp;<\/p>\n<p><a href=\"\/explorando-paraiso-moto\/wp-content\/uploads\/sites\/13\/2015\/08\/IMG_7758.jpg\"><img loading=\"lazy\" src=\"\/explorando-paraiso-moto\/wp-content\/uploads\/sites\/13\/2015\/08\/IMG_7758.jpg\" alt=\"\" width=\"724\" height=\"490\" \/><\/a><\/p>\n<p>&nbsp;<\/p>\n<p>Como alguna vez dije: Se trata de seguir escribiendo cap\u00edtulos porque constituyen nuestras experiencias y yo espero poder seguir haci\u00e9ndolo durante mucho tiempo. Con ellos, llenar\u00e9 el libro de mi vida.<\/p>\n<p>&nbsp;<\/p>\n<p><a href=\"\/explorando-paraiso-moto\/wp-content\/uploads\/sites\/13\/2015\/08\/IMG_20150726_180557.jpg\"><img loading=\"lazy\" src=\"\/explorando-paraiso-moto\/wp-content\/uploads\/sites\/13\/2015\/08\/IMG_20150726_180557.jpg\" alt=\"\" width=\"674\" height=\"511\" \/><\/a><\/p>\n<p>&nbsp;<\/p>\n<p>Y poco antes de llegar a Las Cruces encuentro otro para\u00edso.<\/p>\n<p>&nbsp;<\/p>\n<p><a href=\"\/explorando-paraiso-moto\/wp-content\/uploads\/sites\/13\/2015\/08\/IMG_20150726_181919.jpg\"><img loading=\"lazy\" src=\"\/explorando-paraiso-moto\/wp-content\/uploads\/sites\/13\/2015\/08\/IMG_20150726_181919.jpg\" alt=\"\" width=\"674\" height=\"250\" \/><\/a><\/p>\n<p>&nbsp;<\/p>\n<p><a href=\"\/explorando-paraiso-moto\/wp-content\/uploads\/sites\/13\/2015\/08\/MG_7807.jpg\"><img loading=\"lazy\" src=\"\/explorando-paraiso-moto\/wp-content\/uploads\/sites\/13\/2015\/08\/MG_7807.jpg\" alt=\"\" width=\"824\" height=\"557\" \/><\/a><\/p>\n<p>&nbsp;<\/p>\n<p><a href=\"\/explorando-paraiso-moto\/wp-content\/uploads\/sites\/13\/2015\/08\/MG_7797.jpg\"><img loading=\"lazy\" src=\"\/explorando-paraiso-moto\/wp-content\/uploads\/sites\/13\/2015\/08\/MG_7797.jpg\" alt=\"\" width=\"724\" height=\"490\" \/><\/a><\/p>\n<p>&nbsp;<\/p>\n<p>Poco despu\u00e9s de pasar Viga\u00f1a, contin\u00fao por la GR-4, de perfecto asfalto y acompa\u00f1ada por el r\u00edo Vega en su recorrido. Sin pasar de largo, por supuesto, esta joya junto a la carretera, el Mol\u00edn de La Pe\u00f1a, en el cual se rodaron varias escenas de la pel\u00edcula &#8221; Bajo el cielo de Asturias &#8221; ( 1950 ).<\/p>\n<p>&nbsp;<\/p>\n<p><a href=\"\/explorando-paraiso-moto\/wp-content\/uploads\/sites\/13\/2015\/08\/MG_7815.jpg\"><img loading=\"lazy\" src=\"\/explorando-paraiso-moto\/wp-content\/uploads\/sites\/13\/2015\/08\/MG_7815.jpg\" alt=\"\" width=\"724\" height=\"490\" \/><\/a><\/p>\n<p>&nbsp;<\/p>\n<p><a href=\"\/explorando-paraiso-moto\/wp-content\/uploads\/sites\/13\/2015\/08\/IMG_7819.jpg\"><img loading=\"lazy\" src=\"\/explorando-paraiso-moto\/wp-content\/uploads\/sites\/13\/2015\/08\/IMG_7819.jpg\" alt=\"\" width=\"724\" height=\"490\" \/><\/a><\/p>\n<p>&nbsp;<\/p>\n<p>En San Pedro de los Burros enlazo con la AS-311 hacia Grado en la cual pude avistar la torre medieval de Villanueva.<\/p>\n<p>Una ruta completa por &#8221; buenas\u00a0&#8221; carreteras y escenarios perfectos que, sin duda, repetir\u00e9.<\/p>\n<p>Espero que os haya gustado. V\u00b4SSSSS.<\/p>\n<p>Enlace de inter\u00e9s:<a href=\"http:\/\/soniabarbosa.es\/category\/comercio\/\" target=\"_blank\" rel=\"external nofollow\"> www.soniabarbosa.es<\/a><\/p>\n<p><em><a href=\"http:\/\/www.ayto-grado.es\/bienvenida-institucional1\" target=\"_blank\" rel=\"external nofollow\">Ayuntamiento de Grado<\/a><\/em>.<\/p>\n<p><em><a href=\"https:\/\/www.google.es\/maps\/dir\/Piedras+Blancas\/43.4123066,-6.1489392\/El+Fresno,+Asturias\/Viga%C3%B1a,+Asturias\/San+Pedro+de+los+Burros,+San+Padru\/Grado\/Piedras+Blancas\/@43.4296837,-6.1198325,11z\/data=!4m49!4m48!1m5!1m1!1s0xd369c08811bbde7:0x7ddb1aec7275028c!2m2!1d-5.9769949!2d43.5591713!1m10!3m4!1m2!1d-6.1361402!2d43.4044682!3s0xd36bc1837581d5f:0xc665aff68cf4a15f!3m4!1m2!1d-6.1370095!2d43.4031535!3s0xd36bc18ff3e0a65:0x6d75ce458a458c7a!1m5!1m1!1s0xd36be8fdc6fe601:0x221adf26c3d6a3!2m2!1d-6.1204411!2d43.3860926!1m5!1m1!1s0xd36c76d8ce0df47:0xcd3f6223f7635647!2m2!1d-6.1840402!2d43.3010845!1m5!1m1!1s0xd36bf7442e5e99d:0xfabb3f6f331dc60c!2m2!1d-6.1141397!2d43.3367096!1m5!1m1!1s0xd36be02ad3cf7ab:0xbff9909d61247a55!2m2!1d-6.074386!2d43.3870548!1m5!1m1!1s0xd369c08811bbde7:0x7ddb1aec7275028c!2m2!1d-5.9769949!2d43.5591713!3e0\" rel=\"external nofollow\">Mapa<\/a><\/em> de la ruta.<\/p>\n<p>&nbsp;<\/p>\n<!-- AddThis Advanced Settings generic via filter on the_content --><!-- AddThis Share Buttons generic via filter on the_content -->","protected":false},"excerpt":{"rendered":"<p>Gratamente me sorprendi\u00f3 el concejo de Grado despu\u00e9s de la realizaci\u00f3n de esta ruta en la cual pude disfrutar de esas carreteras aisladas y poco frecuentadas que tanto me gustan, as\u00ed como de unas impresionantes vistas de los Valles del Cubia y del Narcea. &nbsp;<!-- AddThis Advanced Settings generic via filter on get_the_excerpt --><!-- AddThis Share Buttons generic via filter on get_the_excerpt --><\/p>\n","protected":false},"author":14,"featured_media":0,"comment_status":"open","ping_status":"closed","sticky":false,"template":"","format":"standard","meta":[],"categories":[28],"tags":[124,132,188,377,421,430,469,521,532,548,623,638,639,668,691,853,886,983,987],"_links":{"self":[{"href":"https:\/\/blogs.elcomercio.es\/explorando-paraiso-moto\/wp-json\/wp\/v2\/posts\/1276"}],"collection":[{"href":"https:\/\/blogs.elcomercio.es\/explorando-paraiso-moto\/wp-json\/wp\/v2\/posts"}],"about":[{"href":"https:\/\/blogs.elcomercio.es\/explorando-paraiso-moto\/wp-json\/wp\/v2\/types\/post"}],"author":[{"embeddable":true,"href":"https:\/\/blogs.elcomercio.es\/explorando-paraiso-moto\/wp-json\/wp\/v2\/users\/14"}],"replies":[{"embeddable":true,"href":"https:\/\/blogs.elcomercio.es\/explorando-paraiso-moto\/wp-json\/wp\/v2\/comments?post=1276"}],"version-history":[{"count":0,"href":"https:\/\/blogs.elcomercio.es\/explorando-paraiso-moto\/wp-json\/wp\/v2\/posts\/1276\/revisions"}],"wp:attachment":[{"href":"https:\/\/blogs.elcomercio.es\/explorando-paraiso-moto\/wp-json\/wp\/v2\/media?parent=1276"}],"wp:term":[{"taxonomy":"category","embeddable":true,"href":"https:\/\/blogs.elcomercio.es\/explorando-paraiso-moto\/wp-json\/wp\/v2\/categories?post=1276"},{"taxonomy":"post_tag","embeddable":true,"href":"https:\/\/blogs.elcomercio.es\/explorando-paraiso-moto\/wp-json\/wp\/v2\/tags?post=1276"}],"curies":[{"name":"wp","href":"https:\/\/api.w.org\/{rel}","templated":true}]}}