{"id":1841,"date":"2016-03-17T21:01:39","date_gmt":"2016-03-17T20:01:39","guid":{"rendered":"http:\/\/blogs.elcomercio.es\/explorando-paraiso-moto\/?p=1841"},"modified":"2016-03-17T21:01:39","modified_gmt":"2016-03-17T20:01:39","slug":"gueirua","status":"publish","type":"post","link":"https:\/\/blogs.elcomercio.es\/explorando-paraiso-moto\/2016\/03\/17\/gueirua\/","title":{"rendered":"Gueir\u00faa"},"content":{"rendered":"<p><span style=\"font-size: medium\">Hace tres d\u00edas que la &#8221; ciclog\u00e9nesis explosiva &#8221; que irrumpi\u00f3 en el norte peninsular nos ha dejado. Los vientos huracanados han dejado de soplar y la calma ha vuelto a la tierrina. A\u00f1adido a todo \u00e9sto, estamos en Septiembre y comienza, la que considero una de las mejores estaciones para rodar en moto: el oto\u00f1o. Una temperatura adecuada huyendo del excesivo calor de la \u00e9poca estival que no va muy acorde con la indumentaria motera. Una tarde por delante y una playa como destino: Gueir\u00faa.<\/span><\/p>\n<p>&nbsp;<\/p>\n<p><a href=\"\/explorando-paraiso-moto\/wp-content\/uploads\/sites\/13\/2015\/10\/IMG_0146.jpg\"><img loading=\"lazy\" src=\"\/explorando-paraiso-moto\/wp-content\/uploads\/sites\/13\/2015\/10\/IMG_0146.jpg\" alt=\"\" width=\"830\" height=\"563\" \/><\/a><\/p>\n<p><!--more--><\/p>\n<p>&nbsp;<\/p>\n<p><span style=\"font-size: large\"><span style=\"font-family: Calibri\">Nunca hab\u00eda estado pero s\u00ed es verdad que hab\u00eda visto much\u00edsimas fotograf\u00edas de la misma en la red. Finalmente, aconsejada por Loli GR ,de la p\u00e1gina \u201c <a href=\"https:\/\/www.facebook.com\/Retratando-la-Vida-297542906978328\/?fref=ts\" target=\"_blank\" rel=\"external nofollow\">Retratando la Vida<\/a> \u201c, la cual recomiendo, me d\u00ed cuenta de que ya iba siendo hora de conocerla y comprobar por m\u00ed misma, lo impresionante que es.<\/span><\/span><\/p>\n<p><span style=\"font-size: large\"><span style=\"font-family: Calibri\">La N-632 o \u201c carretera de la costa \u201c, con escaso tr\u00e1fico desde que abrieron la A-8, no es precisamente de mis preferidas. Eso s\u00ed, est\u00e1 bastante frecuentada por motoristas. Hoy me he encontrado con varios.<\/span><\/span><\/p>\n<p>&nbsp;<\/p>\n<p><span style=\"font-size: large\"><span style=\"font-family: Calibri\"><a href=\"\/explorando-paraiso-moto\/wp-content\/uploads\/sites\/13\/2015\/10\/FHD0009.jpg\"><img loading=\"lazy\" src=\"\/explorando-paraiso-moto\/wp-content\/uploads\/sites\/13\/2015\/10\/FHD0009.jpg\" alt=\"\" width=\"674\" height=\"511\" \/><\/a><\/span><\/span><\/p>\n<p>&nbsp;<\/p>\n<p><span style=\"font-size: large\"><span style=\"font-family: Calibri\">Algo de humedad en alguna zona sombr\u00eda pero nada comparado con lo que a\u00fan nos queda por llegar. En el pueblo de Santa Marina, justo donde se encuentra el cartel del nombre del pueblo, una estrecha caleya a la derecha es la que debemos seguir para enfocar el camino de descenso a la playa. Una casa azul nos servir\u00e1 de referencia.<\/span><\/span><\/p>\n<p>&nbsp;<\/p>\n<p><span style=\"font-size: large\"><span style=\"font-family: Calibri\"><a href=\"\/explorando-paraiso-moto\/wp-content\/uploads\/sites\/13\/2015\/10\/IMG_0052.jpg\"><img loading=\"lazy\" src=\"\/explorando-paraiso-moto\/wp-content\/uploads\/sites\/13\/2015\/10\/IMG_0052.jpg\" alt=\"\" width=\"674\" height=\"457\" \/><\/a><\/span><\/span><\/p>\n<p>&nbsp;<\/p>\n<p>&nbsp;<\/p>\n<p><span style=\"font-size: large\"><span style=\"font-family: Calibri\"><a href=\"\/explorando-paraiso-moto\/wp-content\/uploads\/sites\/13\/2015\/10\/IMG_0250.jpg\"><img loading=\"lazy\" src=\"\/explorando-paraiso-moto\/wp-content\/uploads\/sites\/13\/2015\/10\/IMG_0250.jpg\" alt=\"\" width=\"674\" height=\"457\" \/><\/a><\/span><\/span><\/p>\n<p>&nbsp;<\/p>\n<p><span style=\"font-size: large\"><span style=\"font-family: Calibri\">Un perro ladra al o\u00edrme llegar. No parece que le gusten mucho los extra\u00f1os cerca de \u201c su \u201c casa ( aunque deber\u00eda estar m\u00e1s que acostumbrado). \u201c Ya me voy, ya me voy..\u201d.<\/span><\/span><\/p>\n<p><span style=\"font-size: large\"><span style=\"font-family: Calibri\">Por suerte, el calor hoy no hace acto de presencia aunque la sudada que me espera\u2026. Ya sabr\u00e9is porqu\u00e9\u2026 Estos son los inicios del camino\u2026.<\/span><\/span><\/p>\n<p>&nbsp;<\/p>\n<p><span style=\"font-size: large\"><span style=\"font-family: Calibri\"><a href=\"\/explorando-paraiso-moto\/wp-content\/uploads\/sites\/13\/2015\/10\/IMG_0057.jpg\"><img loading=\"lazy\" src=\"\/explorando-paraiso-moto\/wp-content\/uploads\/sites\/13\/2015\/10\/IMG_0057.jpg\" alt=\"\" width=\"674\" height=\"457\" \/><\/a><\/span><\/span><\/p>\n<p>&nbsp;<\/p>\n<p>&nbsp;<\/p>\n<p>&nbsp;<\/p>\n<p><a href=\"\/explorando-paraiso-moto\/wp-content\/uploads\/sites\/13\/2015\/10\/IMG_0248.jpg\"><img loading=\"lazy\" src=\"\/explorando-paraiso-moto\/wp-content\/uploads\/sites\/13\/2015\/10\/IMG_0248.jpg\" alt=\"\" width=\"674\" height=\"457\" \/><\/a><\/p>\n<p>&nbsp;<\/p>\n<p><span style=\"font-size: large\"><span style=\"font-family: Calibri\">Y la parte que menos me gust\u00f3. Nada m\u00e1s y nada menos que 209 escalones cont\u00e9 al subir ( de aqu\u00ed la sudada) , aunque estoy convencida de que alguno se me escap\u00f3 en la cuenta.<br \/>\n<\/span><\/span><\/p>\n<p>&nbsp;<\/p>\n<p><span style=\"font-size: large\"><span style=\"font-family: Calibri\"><a href=\"\/explorando-paraiso-moto\/wp-content\/uploads\/sites\/13\/2015\/10\/IMG_0116.jpg\"><img loading=\"lazy\" src=\"\/explorando-paraiso-moto\/wp-content\/uploads\/sites\/13\/2015\/10\/IMG_0116.jpg\" alt=\"\" width=\"674\" height=\"457\" \/><\/a><\/span><\/span><\/p>\n<p>&nbsp;<\/p>\n<p><span style=\"font-size: large\"><span style=\"font-family: Calibri\">Un peque\u00f1o mirador antes de llegar a la playa.<\/span><\/span><\/p>\n<p>&nbsp;<\/p>\n<p><span style=\"font-size: large\"><span style=\"font-family: Calibri\"><a href=\"\/explorando-paraiso-moto\/wp-content\/uploads\/sites\/13\/2015\/10\/IMG_0093.jpg\"><img loading=\"lazy\" src=\"\/explorando-paraiso-moto\/wp-content\/uploads\/sites\/13\/2015\/10\/IMG_0093.jpg\" alt=\"\" width=\"674\" height=\"457\" \/><\/a><\/span><\/span><\/p>\n<p>&nbsp;<\/p>\n<p><a href=\"\/explorando-paraiso-moto\/wp-content\/uploads\/sites\/13\/2015\/10\/IMG_0073.jpg\"><img loading=\"lazy\" src=\"\/explorando-paraiso-moto\/wp-content\/uploads\/sites\/13\/2015\/10\/IMG_0073.jpg\" alt=\"\" width=\"674\" height=\"457\" \/><\/a><\/p>\n<p>&nbsp;<\/p>\n<p><span style=\"font-size: medium\">Sin palabras para tanta armon\u00eda en el paisaje.<\/span><\/p>\n<p>&nbsp;<\/p>\n<p><a href=\"\/explorando-paraiso-moto\/wp-content\/uploads\/sites\/13\/2015\/10\/IMG_20150923_171222.jpg\"><img loading=\"lazy\" src=\"\/explorando-paraiso-moto\/wp-content\/uploads\/sites\/13\/2015\/10\/IMG_20150923_171222.jpg\" alt=\"\" width=\"724\" height=\"265\" \/><\/a><\/p>\n<p>&nbsp;<\/p>\n<p>&nbsp;<\/p>\n<p><span style=\"font-size: large\"><span style=\"font-family: Calibri\">Por el camino, el fruto oto\u00f1al nos recuerda que ya empezamos una nueva estaci\u00f3n&#8230;<\/span><\/span><\/p>\n<p>&nbsp;<\/p>\n<p><span style=\"font-size: large\"><span style=\"font-family: Calibri\"><a href=\"\/explorando-paraiso-moto\/wp-content\/uploads\/sites\/13\/2015\/10\/IMG_0064.jpg\"><img loading=\"lazy\" src=\"\/explorando-paraiso-moto\/wp-content\/uploads\/sites\/13\/2015\/10\/IMG_0064.jpg\" alt=\"\" width=\"674\" height=\"457\" \/><\/a><\/span><\/span><\/p>\n<p>&nbsp;<\/p>\n<p><span style=\"font-size: large\"><span style=\"font-family: Calibri\">Y el \u00faltimo tramo, donde hay una peque\u00f1a cuerda para ayudar a aquellos que m\u00e1s lo necesiten en el descenso.<\/span><\/span><\/p>\n<p>&nbsp;<\/p>\n<p><span style=\"font-size: large\"><span style=\"font-family: Calibri\"><a href=\"\/explorando-paraiso-moto\/wp-content\/uploads\/sites\/13\/2015\/10\/IMG_0138.jpg\"><img loading=\"lazy\" src=\"\/explorando-paraiso-moto\/wp-content\/uploads\/sites\/13\/2015\/10\/IMG_0138.jpg\" alt=\"\" width=\"674\" height=\"457\" \/><\/a><\/span><\/span><\/p>\n<p>&nbsp;<\/p>\n<p><span style=\"font-size: large\"><span style=\"font-family: Calibri\">Unas peque\u00f1as, pero resbaladizas pozas naturales, alrededor de las cuales camino con cuidado.<\/span><\/span><\/p>\n<p>&nbsp;<\/p>\n<p><span style=\"font-size: large\"><span style=\"font-family: Calibri\"><a href=\"\/explorando-paraiso-moto\/wp-content\/uploads\/sites\/13\/2015\/10\/IMG_0152.jpg\"><img loading=\"lazy\" src=\"\/explorando-paraiso-moto\/wp-content\/uploads\/sites\/13\/2015\/10\/IMG_0152.jpg\" alt=\"Gueir\u00faa\" width=\"674\" height=\"457\" \/><\/a><\/span><\/span><\/p>\n<p>&nbsp;<\/p>\n<p><span style=\"font-size: large\"><span style=\"font-family: Calibri\">Cambiando la perspectiva..<\/span><\/span><\/p>\n<p>&nbsp;<\/p>\n<p><span style=\"font-size: large\"><span style=\"font-family: Calibri\"><a href=\"\/explorando-paraiso-moto\/wp-content\/uploads\/sites\/13\/2015\/10\/IMG_0128.jpg\"><img loading=\"lazy\" src=\"\/explorando-paraiso-moto\/wp-content\/uploads\/sites\/13\/2015\/10\/IMG_0128.jpg\" alt=\"\" width=\"650\" height=\"441\" \/><\/a><\/span><\/span><\/p>\n<p>&nbsp;<\/p>\n<p><span style=\"font-size: large\"><span style=\"font-family: Calibri\">Y \u00e9sta , una de las m\u00e1s fotografiadas de la playa.<\/span><\/span><\/p>\n<p>&nbsp;<\/p>\n<p><span style=\"font-size: large\"><span style=\"font-family: Calibri\"><a href=\"\/explorando-paraiso-moto\/wp-content\/uploads\/sites\/13\/2015\/10\/IMG_0158.jpg\"><img loading=\"lazy\" src=\"\/explorando-paraiso-moto\/wp-content\/uploads\/sites\/13\/2015\/10\/IMG_0158.jpg\" alt=\"\" width=\"820\" height=\"554\" \/><\/a><\/span><\/span><\/p>\n<p>&nbsp;<\/p>\n<p><span style=\"font-size: large\"><span style=\"font-family: Calibri\">Realmente es mucho m\u00e1s bonita \u201c in situ \u201c que en cualquier imagen que haya visto antes.<\/span><\/span><\/p>\n<p>&nbsp;<\/p>\n<p><span style=\"font-size: large\"><span style=\"font-family: Calibri\"><a href=\"\/explorando-paraiso-moto\/wp-content\/uploads\/sites\/13\/2015\/10\/IMG_20150923_164934.jpg\"><img loading=\"lazy\" src=\"\/explorando-paraiso-moto\/wp-content\/uploads\/sites\/13\/2015\/10\/IMG_20150923_164934.jpg\" alt=\"\" width=\"774\" height=\"274\" \/><\/a><\/span><\/span><\/p>\n<p>&nbsp;<\/p>\n<p><span style=\"font-size: large\"><span style=\"font-family: Calibri\">Momentos de descanso, con la m\u00fasica de las olas de fondo. Rondaba por all\u00ed\u00a0 otro espectador que se quiso sumar a este concierto.<\/span><\/span><\/p>\n<p>&nbsp;<\/p>\n<p><span style=\"font-size: large\"><span style=\"font-family: Calibri\"><a href=\"\/explorando-paraiso-moto\/wp-content\/uploads\/sites\/13\/2015\/10\/IMG_0205.jpg\"><img loading=\"lazy\" src=\"\/explorando-paraiso-moto\/wp-content\/uploads\/sites\/13\/2015\/10\/IMG_0205.jpg\" alt=\"\" width=\"650\" height=\"441\" \/><\/a><\/span><\/span><\/p>\n<p>&nbsp;<\/p>\n<p><a href=\"\/explorando-paraiso-moto\/wp-content\/uploads\/sites\/13\/2015\/10\/IMG_0213.jpg\"><img loading=\"lazy\" src=\"\/explorando-paraiso-moto\/wp-content\/uploads\/sites\/13\/2015\/10\/IMG_0213.jpg\" alt=\"\" width=\"674\" height=\"457\" \/><\/a><\/p>\n<p>&nbsp;<\/p>\n<p><a href=\"\/explorando-paraiso-moto\/wp-content\/uploads\/sites\/13\/2015\/10\/IMG_0195.jpg\"><img loading=\"lazy\" src=\"\/explorando-paraiso-moto\/wp-content\/uploads\/sites\/13\/2015\/10\/IMG_0195.jpg\" alt=\"\" width=\"674\" height=\"457\" \/><\/a><\/p>\n<p>&nbsp;<\/p>\n<p><span style=\"font-size: large\"><span style=\"font-family: Calibri\">Las aguas est\u00e1n tranquilas hoy, el cielo encapotado y las playas des\u00e9rticas. La temporada alta ha terminado. Los turistas han vuelto a sus casas , sus trabajos, su vida cotidiana.<\/span><\/span><\/p>\n<p><span style=\"font-size: large\"><span style=\"font-family: Calibri\">Pero nosotros, los que nos quedamos, tenemos razones de sobra para seguir disfrutando de estos paisajes de enorme belleza, de esta Asturias tan nuestra.<\/span><\/span><\/p>\n<p><span style=\"font-size: large\"><span style=\"font-family: Calibri\">Espero que os haya gustado. V\u00b4SSSS.<\/span><\/span><\/p>\n<p><span style=\"font-size: medium\">Enlaces de inter\u00e9s: <a href=\"http:\/\/soniabarbosa.es\/\" target=\"_blank\" rel=\"external nofollow\">www.soniabarbosa.es<\/a><\/span><\/p>\n<p>&nbsp;<\/p>\n<!-- AddThis Advanced Settings generic via filter on the_content --><!-- AddThis Share Buttons generic via filter on the_content -->","protected":false},"excerpt":{"rendered":"<p>Hace tres d\u00edas que la &#8221; ciclog\u00e9nesis explosiva &#8221; que irrumpi\u00f3 en el norte peninsular nos ha dejado. Los vientos huracanados han dejado de soplar y la calma ha vuelto a la tierrina. A\u00f1adido a todo \u00e9sto, estamos en Septiembre y comienza, la que considero una de las mejores estaciones para rodar en moto: el [&hellip;]<!-- AddThis Advanced Settings generic via filter on get_the_excerpt --><!-- AddThis Share Buttons generic via filter on get_the_excerpt --><\/p>\n","protected":false},"author":14,"featured_media":0,"comment_status":"open","ping_status":"closed","sticky":false,"template":"","format":"standard","meta":[],"categories":[22],"tags":[95,195,430,475,638,652,691],"_links":{"self":[{"href":"https:\/\/blogs.elcomercio.es\/explorando-paraiso-moto\/wp-json\/wp\/v2\/posts\/1841"}],"collection":[{"href":"https:\/\/blogs.elcomercio.es\/explorando-paraiso-moto\/wp-json\/wp\/v2\/posts"}],"about":[{"href":"https:\/\/blogs.elcomercio.es\/explorando-paraiso-moto\/wp-json\/wp\/v2\/types\/post"}],"author":[{"embeddable":true,"href":"https:\/\/blogs.elcomercio.es\/explorando-paraiso-moto\/wp-json\/wp\/v2\/users\/14"}],"replies":[{"embeddable":true,"href":"https:\/\/blogs.elcomercio.es\/explorando-paraiso-moto\/wp-json\/wp\/v2\/comments?post=1841"}],"version-history":[{"count":0,"href":"https:\/\/blogs.elcomercio.es\/explorando-paraiso-moto\/wp-json\/wp\/v2\/posts\/1841\/revisions"}],"wp:attachment":[{"href":"https:\/\/blogs.elcomercio.es\/explorando-paraiso-moto\/wp-json\/wp\/v2\/media?parent=1841"}],"wp:term":[{"taxonomy":"category","embeddable":true,"href":"https:\/\/blogs.elcomercio.es\/explorando-paraiso-moto\/wp-json\/wp\/v2\/categories?post=1841"},{"taxonomy":"post_tag","embeddable":true,"href":"https:\/\/blogs.elcomercio.es\/explorando-paraiso-moto\/wp-json\/wp\/v2\/tags?post=1841"}],"curies":[{"name":"wp","href":"https:\/\/api.w.org\/{rel}","templated":true}]}}