{"id":2116,"date":"2016-04-21T09:30:53","date_gmt":"2016-04-21T07:30:53","guid":{"rendered":"http:\/\/blogs.elcomercio.es\/explorando-paraiso-moto\/?p=2116"},"modified":"2016-04-21T09:30:53","modified_gmt":"2016-04-21T07:30:53","slug":"el-santuario-virgen-de-la-cabeza","status":"publish","type":"post","link":"https:\/\/blogs.elcomercio.es\/explorando-paraiso-moto\/2016\/04\/21\/el-santuario-virgen-de-la-cabeza\/","title":{"rendered":"El Santuario Virgen de la Cabeza"},"content":{"rendered":"<p>&nbsp;<\/p>\n<p>Esta noche hemos retrasado una hora al reloj con lo que, el f\u00edsico y el biol\u00f3gico, tardar\u00e1n unos d\u00edas en volver a sincronizarse e, incluso, puede que m\u00e1s. Una ma\u00f1ana ocupada me deja por delante una corta tarde para explorar. Un lugar, el Santuario Virgen de la Cabeza, en un concejo, Siero, que tiene un amplio abanico tur\u00edstico que ofrecer pero, desgraciadamente, no muy conocido. Yo ya he empezado a interesarme por \u00e9l. Espero que, poco a poco, se una m\u00e1s gente.<\/p>\n<p>&nbsp;<\/p>\n<p><a href=\"\/explorando-paraiso-moto\/wp-content\/uploads\/sites\/13\/2015\/12\/IMG_0824.jpg\"><img loading=\"lazy\" class=\"alignleft size-full wp-image-2119\" src=\"\/explorando-paraiso-moto\/wp-content\/uploads\/sites\/13\/2015\/12\/IMG_0824.jpg\" alt=\"\" width=\"720\" height=\"486\" srcset=\"https:\/\/static-blogs.elcomercio.es\/wp-content\/uploads\/sites\/13\/2015\/12\/IMG_0824.jpg 720w, https:\/\/static-blogs.elcomercio.es\/wp-content\/uploads\/sites\/13\/2015\/12\/IMG_0824-300x203.jpg 300w\" sizes=\"(max-width: 720px) 100vw, 720px\" \/><\/a><\/p>\n<p><!--more--><\/p>\n<p>&nbsp;<\/p>\n<p>En Los Campos me desv\u00edo por la AS-233 hacia Trubia. Una carretera siempre dispuesta a ofrecernos a quienes rodamos por ella aut\u00e9nticos regalos. Un entorno rural cercano pero al que no debemos quitarle, por ello, nada de importancia. Los inicios del oto\u00f1o empiezan a hacer estragos en el asfalto y todo lo bonito que se ponen los paisajes, se ponen de peligrosas las carreteras.<\/p>\n<p>&nbsp;<\/p>\n<p><a href=\"\/explorando-paraiso-moto\/wp-content\/uploads\/sites\/13\/2015\/12\/IMG_20151025_164724.jpg\"><img loading=\"lazy\" src=\"\/explorando-paraiso-moto\/wp-content\/uploads\/sites\/13\/2015\/12\/IMG_20151025_164724.jpg\" alt=\"\" width=\"620\" height=\"470\" \/><\/a><\/p>\n<p>&nbsp;<\/p>\n<p>El sonido de &#8220;Trailera&#8221; parece que no nos ayuda a pasar desapercibidas a nuestro paso.<\/p>\n<p>&nbsp;<\/p>\n<p><a href=\"\/explorando-paraiso-moto\/wp-content\/uploads\/sites\/13\/2015\/12\/IMG_20151025_164328-01.jpg\"><img loading=\"lazy\" src=\"\/explorando-paraiso-moto\/wp-content\/uploads\/sites\/13\/2015\/12\/IMG_20151025_164328-01.jpg\" alt=\"\" width=\"620\" height=\"470\" \/><\/a><\/p>\n<p>&nbsp;<\/p>\n<p>Y algunas situaciones debemos tom\u00e1rnoslas con paciencia y tranquilidad. Nunca sabe uno lo que se puede encontrar y yo, que me paso tantas horas al volante, de eso s\u00e9 bastante. De hecho, recuerdo cuando realizaba transporte escolar por la carretera de Arl\u00f3s que de aquella no estaba tan bien asfaltada como ahora pero que sigue siendo igual de estrecha. Toca esperar un poco a que pasen,..<\/p>\n<p>&nbsp;<\/p>\n<p><a href=\"\/explorando-paraiso-moto\/wp-content\/uploads\/sites\/13\/2015\/12\/IMG_20151025_164546.jpg\"><img loading=\"lazy\" src=\"\/explorando-paraiso-moto\/wp-content\/uploads\/sites\/13\/2015\/12\/IMG_20151025_164546.jpg\" alt=\"\" width=\"620\" height=\"470\" \/><\/a><\/p>\n<p>&nbsp;<\/p>\n<p><a href=\"\/explorando-paraiso-moto\/wp-content\/uploads\/sites\/13\/2015\/12\/FHD0361.jpg\"><img loading=\"lazy\" src=\"\/explorando-paraiso-moto\/wp-content\/uploads\/sites\/13\/2015\/12\/FHD0361.jpg\" alt=\"\" width=\"620\" height=\"470\" \/><\/a><\/p>\n<p>&nbsp;<\/p>\n<p>Muchas casta\u00f1as y hojas ca\u00eddas sobre el suelo aumentan la dificultad. Todo ello unido a numerosas zonas sombr\u00edas. Una peligrosidad que alcanzar\u00e1 su culmen con la presencia de hielo o nieve en la venidera \u00e9poca invernal. Llego hasta el\u00a0 Santuario por una caleya por la que deseo no encontrarme con nadie y agradezco su escasa longitud. Cuando llego el port\u00f3n est\u00e1 cerrado pero puede visitarse f\u00e1cilmente pues est\u00e1 ubicado en un espacio abierto.<\/p>\n<p>&nbsp;<\/p>\n<p><a href=\"\/explorando-paraiso-moto\/wp-content\/uploads\/sites\/13\/2015\/12\/IMG_20151025_173229-01.jpg\"><img loading=\"lazy\" src=\"\/explorando-paraiso-moto\/wp-content\/uploads\/sites\/13\/2015\/12\/IMG_20151025_173229-01.jpg\" alt=\"\" width=\"720\" height=\"545\" \/><\/a><\/p>\n<p>&nbsp;<\/p>\n<p><a href=\"\/explorando-paraiso-moto\/wp-content\/uploads\/sites\/13\/2015\/12\/IMG_0815.jpg\"><img loading=\"lazy\" src=\"\/explorando-paraiso-moto\/wp-content\/uploads\/sites\/13\/2015\/12\/IMG_0815.jpg\" alt=\"\" width=\"720\" height=\"486\" \/><\/a><\/p>\n<p>&nbsp;<\/p>\n<p>En mi visita sigo escuchando los ladridos de un perro que, desde una casa cercana, a\u00fan no ha dejado de avisar de mi llegada. Aunque, finalmente, parece que acaba acostumbr\u00e1ndose a que est\u00e9 por all\u00ed y dejo de oirle.<\/p>\n<p>Ahora, el lugar est\u00e1 tranquilo. Un remanso de paz y el hilo musical de alg\u00fan diminuto p\u00e1jaro que se escond\u00eda tras las tupidas ramas del texu. Los caballos pastan libremente sin parecer importarle nada lo que haya a su alrededor.<\/p>\n<p>&nbsp;<\/p>\n<p><a href=\"\/explorando-paraiso-moto\/wp-content\/uploads\/sites\/13\/2015\/12\/IMG_0844.jpg\"><img loading=\"lazy\" src=\"\/explorando-paraiso-moto\/wp-content\/uploads\/sites\/13\/2015\/12\/IMG_0844.jpg\" alt=\"\" width=\"620\" height=\"420\" \/><\/a><\/p>\n<p>&nbsp;<\/p>\n<p><a href=\"\/explorando-paraiso-moto\/wp-content\/uploads\/sites\/13\/2015\/12\/IMG_0845.jpg\"><img loading=\"lazy\" src=\"\/explorando-paraiso-moto\/wp-content\/uploads\/sites\/13\/2015\/12\/IMG_0845.jpg\" alt=\"\" width=\"620\" height=\"420\" \/><\/a><\/p>\n<p>&nbsp;<\/p>\n<p><a href=\"\/explorando-paraiso-moto\/wp-content\/uploads\/sites\/13\/2015\/12\/IMG_0826.jpg\"><img loading=\"lazy\" src=\"\/explorando-paraiso-moto\/wp-content\/uploads\/sites\/13\/2015\/12\/IMG_0826.jpg\" alt=\"\" width=\"620\" height=\"420\" \/><\/a><\/p>\n<p>&nbsp;<\/p>\n<p>Seg\u00fan el cap\u00edtulo &#8220;El Santuario de la Virgen de la Cabeza&#8221;(p\u00e1ginas 256 y 257 del libro &#8220;El concejo de Siero en sus fiestas-Datos de su Historia&#8221;) de Mar\u00eda Dolores Alonso Cabeza:<\/p>\n<div>\n<p>&#8220;<em>El Santuario de la Virgen de la Cabeza de Siero daba comienzo en 1990. Con sugerencias de D. Manuel, hicieron el proyecto los arquitectos de La Pola D. Juan Roces y D. Javier Arbes\u00fa. Procuraron recuperar los escasos vestigios hist\u00f3ricos, que han quedado protegidos por la nueva traza y totalmente visibles: \u201cLa cabecera de la Iglesia, \u00fanico elemento que se conserva en casi su totalidad primitiva y a la que se accede a trav\u00e9s de un arco, se mantiene como lugar de ubicaci\u00f3n del altar\u201d.\u00a0\u00a0<\/em><\/p>\n<\/div>\n<div>\n<p><em>Don Manuel L\u00f3pez \u00c1lvarez pensaba en un magn\u00edfica edificaci\u00f3n, falleci\u00f3 en 1993 y la obra no lleg\u00f3 a su conclusi\u00f3n definitiva.\u00a0\u00a0<\/em><\/p>\n<\/div>\n<div>\n<p><em>En los a\u00f1os 1995 a 1999 fue continuada por el p\u00e1rroco D. Jos\u00e9 Manuel Rodr\u00edguez Fueyo con realizaciones como la vidriera con el simbolismo de Pentecost\u00e9s junto a la Virgen Mar\u00eda, trabajos en piedra vista, etc.\u00a0\u00a0<\/em><\/p>\n<\/div>\n<div>\n<p><em>Y contin\u00faan por el actual p\u00e1rroco, D. Jes\u00fas Fern\u00e1ndez, con mejoras, reparaciones y cuidados; aumentan las celebraciones lit\u00fargicas principalmente en Semana Santa y meses de verano.\u00a0\u00a0<\/em><\/p>\n<\/div>\n<div>\n<p><em>\u00a0Los vecinos de Meres cuidan el entorno de la Capilla, en la orilla derecha del r\u00edo Nora. La Sociedad de Festejos Virgen de la Cabeza tiene en proyecto interesantes rehabilitaciones de este entorno.\u00a0<\/em><\/p>\n<p>Para indagar m\u00e1s en su historia, recomiendo la lectura del mismo. La fiesta se celebra el lunes de Pentecost\u00e9s y es la primera de las fiestas importantes del concejo de Siero.<\/p>\n<p>Sin duda, un espacio que acoge al que quiera ir a visitarle.<\/p>\n<p>&nbsp;<\/p>\n<p><a href=\"\/explorando-paraiso-moto\/wp-content\/uploads\/sites\/13\/2015\/12\/IMG_0862.jpg\"><img loading=\"lazy\" src=\"\/explorando-paraiso-moto\/wp-content\/uploads\/sites\/13\/2015\/12\/IMG_0862.jpg\" alt=\"\" width=\"620\" height=\"420\" \/><\/a><\/p>\n<p>&nbsp;<\/p>\n<p><a href=\"\/explorando-paraiso-moto\/wp-content\/uploads\/sites\/13\/2015\/12\/IMG_0850.jpg\"><img loading=\"lazy\" src=\"\/explorando-paraiso-moto\/wp-content\/uploads\/sites\/13\/2015\/12\/IMG_0850.jpg\" alt=\"\" width=\"620\" height=\"420\" \/><\/a><\/p>\n<p>&nbsp;<\/p>\n<p><a href=\"\/explorando-paraiso-moto\/wp-content\/uploads\/sites\/13\/2015\/12\/IMG_0846.jpg\"><img loading=\"lazy\" src=\"\/explorando-paraiso-moto\/wp-content\/uploads\/sites\/13\/2015\/12\/IMG_0846.jpg\" alt=\"\" width=\"620\" height=\"420\" \/><\/a><\/p>\n<p>&nbsp;<\/p>\n<p><a href=\"\/explorando-paraiso-moto\/wp-content\/uploads\/sites\/13\/2015\/12\/IMG_0848.jpg\"><img loading=\"lazy\" src=\"\/explorando-paraiso-moto\/wp-content\/uploads\/sites\/13\/2015\/12\/IMG_0848.jpg\" alt=\"\" width=\"620\" height=\"420\" \/><\/a><\/p>\n<p>&nbsp;<\/p>\n<p><a href=\"\/explorando-paraiso-moto\/wp-content\/uploads\/sites\/13\/2015\/12\/IMG_0839.jpg\"><img loading=\"lazy\" src=\"\/explorando-paraiso-moto\/wp-content\/uploads\/sites\/13\/2015\/12\/IMG_0839.jpg\" alt=\"\" width=\"620\" height=\"420\" \/><\/a><\/p>\n<p>&nbsp;<\/p>\n<p>Est\u00e1 anocheciendo y a\u00fan sigo en Meres. Dicen que&#8221;el tiempo pasa muy r\u00e1pido cuando uno est\u00e1 a gusto&#8221;. \u00a1Qu\u00e9 gran verdad! . Sobre &#8220;Trailera&#8221; abandono el Santuario por un puente sobre el r\u00edo Nora.<\/p>\n<p>&nbsp;<\/p>\n<p><a href=\"\/explorando-paraiso-moto\/wp-content\/uploads\/sites\/13\/2015\/12\/IMG_0875.jpg\"><img loading=\"lazy\" src=\"\/explorando-paraiso-moto\/wp-content\/uploads\/sites\/13\/2015\/12\/IMG_0875.jpg\" alt=\"\" width=\"670\" height=\"453\" \/><\/a><\/p>\n<p>&nbsp;<\/p>\n<p><a href=\"\/explorando-paraiso-moto\/wp-content\/uploads\/sites\/13\/2015\/12\/IMG_0891.jpg\"><img loading=\"lazy\" src=\"\/explorando-paraiso-moto\/wp-content\/uploads\/sites\/13\/2015\/12\/IMG_0891.jpg\" alt=\"\" width=\"670\" height=\"453\" \/><\/a><\/p>\n<p>&nbsp;<\/p>\n<p>Soy consciente de lo poco que conozco y de los muchos lugares que me quedan por explorar.Pero, poco a poco y, sobre todo con mucha ilusi\u00f3n. La misma con la que me subo siempre a mi moto que es la que hace que todos estos viajes tengan un valor incalculable.<\/p>\n<p>Espero que os haya gustado.V\u00b4SSSSS.<\/p>\n<p>Enlaces de inter\u00e9s: <a href=\"http:\/\/soniabarbosa.es\/\" target=\"_blank\" rel=\"external nofollow\">www.soniabarbosa.es<\/a><\/p>\n<\/div>\n<!-- AddThis Advanced Settings generic via filter on the_content --><!-- AddThis Share Buttons generic via filter on the_content -->","protected":false},"excerpt":{"rendered":"<p>&nbsp; Esta noche hemos retrasado una hora al reloj con lo que, el f\u00edsico y el biol\u00f3gico, tardar\u00e1n unos d\u00edas en volver a sincronizarse e, incluso, puede que m\u00e1s. Una ma\u00f1ana ocupada me deja por delante una corta tarde para explorar. Un lugar, el Santuario Virgen de la Cabeza, en un concejo, Siero, que tiene [&hellip;]<!-- AddThis Advanced Settings generic via filter on get_the_excerpt --><!-- AddThis Share Buttons generic via filter on get_the_excerpt --><\/p>\n","protected":false},"author":14,"featured_media":0,"comment_status":"open","ping_status":"closed","sticky":false,"template":"","format":"standard","meta":[],"categories":[74],"tags":[157,177,574,599,811,888,904,951],"_links":{"self":[{"href":"https:\/\/blogs.elcomercio.es\/explorando-paraiso-moto\/wp-json\/wp\/v2\/posts\/2116"}],"collection":[{"href":"https:\/\/blogs.elcomercio.es\/explorando-paraiso-moto\/wp-json\/wp\/v2\/posts"}],"about":[{"href":"https:\/\/blogs.elcomercio.es\/explorando-paraiso-moto\/wp-json\/wp\/v2\/types\/post"}],"author":[{"embeddable":true,"href":"https:\/\/blogs.elcomercio.es\/explorando-paraiso-moto\/wp-json\/wp\/v2\/users\/14"}],"replies":[{"embeddable":true,"href":"https:\/\/blogs.elcomercio.es\/explorando-paraiso-moto\/wp-json\/wp\/v2\/comments?post=2116"}],"version-history":[{"count":0,"href":"https:\/\/blogs.elcomercio.es\/explorando-paraiso-moto\/wp-json\/wp\/v2\/posts\/2116\/revisions"}],"wp:attachment":[{"href":"https:\/\/blogs.elcomercio.es\/explorando-paraiso-moto\/wp-json\/wp\/v2\/media?parent=2116"}],"wp:term":[{"taxonomy":"category","embeddable":true,"href":"https:\/\/blogs.elcomercio.es\/explorando-paraiso-moto\/wp-json\/wp\/v2\/categories?post=2116"},{"taxonomy":"post_tag","embeddable":true,"href":"https:\/\/blogs.elcomercio.es\/explorando-paraiso-moto\/wp-json\/wp\/v2\/tags?post=2116"}],"curies":[{"name":"wp","href":"https:\/\/api.w.org\/{rel}","templated":true}]}}