{"id":291,"date":"2015-03-19T08:05:42","date_gmt":"2015-03-19T07:05:42","guid":{"rendered":"http:\/\/blogs.elcomercio.es\/explorando-paraiso-moto\/?p=291"},"modified":"2015-03-19T08:05:42","modified_gmt":"2015-03-19T07:05:42","slug":"el-partenon-de-las-fraguas-neoclasicismo-en-cantabria","status":"publish","type":"post","link":"https:\/\/blogs.elcomercio.es\/explorando-paraiso-moto\/2015\/03\/19\/el-partenon-de-las-fraguas-neoclasicismo-en-cantabria\/","title":{"rendered":"El &#8221; Parten\u00f3n &#8221; de Las Fraguas, Neoclasicismo en Cantabria"},"content":{"rendered":"<p>Curiosa forma en la que conoc\u00ed este peculiar lugar. El mes de Febrero ha sido duro en cuanto a lluvias y nieves y parece ser que numerosos pueblos han quedado incomunicados. Anunciaban en los telediarios que la autopista A-67 que une Cantabria con Palencia estaba cortada. Poblaci\u00f3n m\u00e1s afectada: Arenas de Igu\u00f1a. Mi evidente curiosidad por conocer sitios nuevos me llev\u00f3\u00a0 a teclear en Google tan singular nombre y cuando v\u00ed las fotos de este sitio, me encantaron.\u00a0&#8221; Tengo que ir!&#8221; , pens\u00e9.<\/p>\n<p>&nbsp;<\/p>\n<p><a href=\"\/explorando-paraiso-moto\/wp-content\/uploads\/sites\/13\/2015\/03\/IMG_3568.jpg\"><img loading=\"lazy\" src=\"\/explorando-paraiso-moto\/wp-content\/uploads\/sites\/13\/2015\/03\/IMG_3568.jpg\" alt=\"el partenon\" width=\"834\" height=\"567\" \/><\/a><\/p>\n<p><!--more--><\/p>\n<p>&nbsp;<\/p>\n<p>Desde Torrelavega debemos seguir la N-611. Construido sobre un cerro, es dif\u00edcil no verlo. Su nombre, en realidad, es la iglesia de San Jorge pero se le di\u00f3 ese sobrenombre por su parecido con la construcci\u00f3n ateniense. La verdad que me hubiese gustado sacar una foto con\u00a0&#8220;trailera&#8221;\u00a0junto a \u00e9l pero esto fue lo m\u00e1ximo que nos pudimos acercar debido a una portilla que imped\u00eda el paso a veh\u00edculos.<\/p>\n<p>&nbsp;<\/p>\n<p><a href=\"\/explorando-paraiso-moto\/wp-content\/uploads\/sites\/13\/2015\/03\/el-partenon-1.jpg\"><img loading=\"lazy\" src=\"\/explorando-paraiso-moto\/wp-content\/uploads\/sites\/13\/2015\/03\/el-partenon-1.jpg\" alt=\"el partenon\" width=\"834\" height=\"634\" \/><\/a><\/p>\n<p>&nbsp;<\/p>\n<p>Aprovechamos para comer algo antes de empezar nuestra visita cultural.\u00a0 \u00a1Pero qu\u00e9 frio hac\u00eda\u00a0! \u00a1C\u00f3mo enga\u00f1a ver un d\u00eda soleado !.<\/p>\n<p>Teniendo en cuenta mi debilidad por la Historia y, sobre todo, por las civilizaciones cl\u00e1sicas, esta visita ocupar\u00e1 un lugar especial dentro de mis\u00a0 \u00a0&#8220;lugares preferidos&#8221;. Y es que este tipo de arquitectura te traslada, quieras o no, siglos atr\u00e1s en el tiempo.<\/p>\n<p>Construido en 1890 como capilla-pante\u00f3n por deseo de los duques de Santo Mauro sobre las ruinas de una ermita medieval fue ,posteriormente, donado al pueblo como iglesia parroquial.<\/p>\n<p>Como se ve, la carretera est\u00e1 muy cerca&#8230;<\/p>\n<p>&nbsp;<\/p>\n<p><a href=\"\/explorando-paraiso-moto\/wp-content\/uploads\/sites\/13\/2015\/03\/IMG_3555.jpg\"><img loading=\"lazy\" src=\"\/explorando-paraiso-moto\/wp-content\/uploads\/sites\/13\/2015\/03\/IMG_3555.jpg\" alt=\"el partenon\" width=\"834\" height=\"567\" \/><\/a><\/p>\n<p>&nbsp;<\/p>\n<p>Exploramos el edificio en todos sus \u00e1ngulos&#8230;<\/p>\n<p>&nbsp;<\/p>\n<p><a href=\"\/explorando-paraiso-moto\/wp-content\/uploads\/sites\/13\/2015\/03\/IMG_3567.jpg\"><img loading=\"lazy\" src=\"\/explorando-paraiso-moto\/wp-content\/uploads\/sites\/13\/2015\/03\/IMG_3567.jpg\" alt=\"el partenon\" width=\"834\" height=\"567\" \/><\/a><\/p>\n<p>&nbsp;<\/p>\n<p><a href=\"\/explorando-paraiso-moto\/wp-content\/uploads\/sites\/13\/2015\/03\/IMG_3519.jpg\"><img loading=\"lazy\" src=\"\/explorando-paraiso-moto\/wp-content\/uploads\/sites\/13\/2015\/03\/IMG_3519.jpg\" alt=\"el partenon\" width=\"834\" height=\"567\" \/><\/a><\/p>\n<p>&nbsp;<\/p>\n<p>&nbsp;<\/p>\n<p><a href=\"\/explorando-paraiso-moto\/wp-content\/uploads\/sites\/13\/2015\/03\/IMG_3516.jpg\"><img loading=\"lazy\" src=\"\/explorando-paraiso-moto\/wp-content\/uploads\/sites\/13\/2015\/03\/IMG_3516.jpg\" alt=\"el partenon\" width=\"834\" height=\"567\" \/><\/a><\/p>\n<p>&nbsp;<\/p>\n<p>40 columnas lo flanquean&#8230;<\/p>\n<p>&nbsp;<\/p>\n<p><a href=\"\/explorando-paraiso-moto\/wp-content\/uploads\/sites\/13\/2015\/03\/IMG_3554.jpg\"><img loading=\"lazy\" src=\"\/explorando-paraiso-moto\/wp-content\/uploads\/sites\/13\/2015\/03\/IMG_3554.jpg\" alt=\"el partenon\" width=\"834\" height=\"567\" \/><\/a><\/p>\n<p>&nbsp;<\/p>\n<p>Las hojas de acanto propias del estilo corintio..Aqu\u00ed no falta detalle&#8230;<\/p>\n<p>&nbsp;<\/p>\n<p><a href=\"\/explorando-paraiso-moto\/wp-content\/uploads\/sites\/13\/2015\/03\/IMG_3551.jpg\"><img loading=\"lazy\" src=\"\/explorando-paraiso-moto\/wp-content\/uploads\/sites\/13\/2015\/03\/IMG_3551.jpg\" alt=\"el partenon\" width=\"834\" height=\"567\" \/><\/a><\/p>\n<p>&nbsp;<\/p>\n<p>No es el m\u00e1rmol de Carrara ( y menos mal que no resbala tanto ) pero su gran parecido\u00a0evoca mi viaje a la acr\u00f3polis a\u00f1os atr\u00e1s..tray\u00e9ndome muy buenos recuerdos.<\/p>\n<p>Y junto a esta belleza c\u00e1ntabra otra no menos importante: el Palacio de los Hornillos ( que algunos reconocer\u00e1n por ser la casona donde\u00a0 Alejandro Amen\u00e1bar grab\u00f3 la pel\u00edcula &#8220;Los otros&#8221; protagonizada por Nicole Kidman).<\/p>\n<p>&nbsp;<\/p>\n<p><a href=\"\/explorando-paraiso-moto\/wp-content\/uploads\/sites\/13\/2015\/03\/IMG_3506.jpg\"><img loading=\"lazy\" src=\"\/explorando-paraiso-moto\/wp-content\/uploads\/sites\/13\/2015\/03\/IMG_3506.jpg\" alt=\"palacio de hornillos\" width=\"834\" height=\"567\" \/><\/a><\/p>\n<p>&nbsp;<\/p>\n<p>Su estilo est\u00e1 basado en la arquitectura r\u00fastica medieval inglesa y fue mandada construir para el duque de Santo Mauro, jefe de palacio de Alfonso XIII, por el arquitecto ingl\u00e9s Ralph Selden entre 1897 y 1904.<\/p>\n<p>Err\u00f3neamente pens\u00e9 que ser\u00eda m\u00e1s dif\u00edcil poder fotografiarla pero , todo lo contrario, est\u00e1 perfectamente a la vista. El sentido de la intimidad est\u00e1 anulado, pese a un cartel que dice &#8220;No pasar. Propiedad privada&#8221;. Destaca su majestuosidad y ostentosidad en una extensa \u00e1rea dedicada a jardines.<\/p>\n<p>&nbsp;<\/p>\n<p><a href=\"\/explorando-paraiso-moto\/wp-content\/uploads\/sites\/13\/2015\/03\/IMG_3495.jpg\"><img loading=\"lazy\" src=\"\/explorando-paraiso-moto\/wp-content\/uploads\/sites\/13\/2015\/03\/IMG_3495.jpg\" alt=\"palacio de hornillos\" width=\"834\" height=\"567\" \/><\/a><\/p>\n<p>&nbsp;<\/p>\n<p><a href=\"\/explorando-paraiso-moto\/wp-content\/uploads\/sites\/13\/2015\/03\/el-partenon.jpg\"><img loading=\"lazy\" src=\"\/explorando-paraiso-moto\/wp-content\/uploads\/sites\/13\/2015\/03\/el-partenon.jpg\" alt=\"el partenon\" width=\"834\" height=\"567\" \/><\/a><\/p>\n<p>&nbsp;<\/p>\n<p>Una se\u00f1ora que paseaba por all\u00ed nos comenta que es f\u00e1cil encontrarse con gente de la realeza y del coraz\u00f3n paseando por los alrededores del palacio en verano, sobre todo. Nos pone el ejemplo de Nati Abascal y alg\u00fan miembro\u00a0\u00a0de la familia Hohenlohe&#8230;Nosotros no vimos a nadie&#8230;.<\/p>\n<p>Le explicamos la forma en la que conocimos el sitio y nos dice que la nieve &#8220;ha puesto a Arenas en el mapa&#8221;. A veces acontecimientos desfavorables no traen tan malas consecuencias&#8230;<\/p>\n<p>La verdad es que est\u00e1n ambos edificios uno al lado del otro&#8230;.Hemos matado dos p\u00e1jaros de un tiro\u00a0en esta visita.<\/p>\n<p>&nbsp;<\/p>\n<p><a href=\"\/explorando-paraiso-moto\/wp-content\/uploads\/sites\/13\/2015\/03\/IMG_3515.jpg\"><img loading=\"lazy\" src=\"\/explorando-paraiso-moto\/wp-content\/uploads\/sites\/13\/2015\/03\/IMG_3515.jpg\" alt=\"palacio de hornillos\" width=\"834\" height=\"567\" \/><\/a><\/p>\n<p>&nbsp;<\/p>\n<p>Vistas del Palacio de los Hornillos desde &#8221; el Parten\u00f3n&#8221;&#8230;.<\/p>\n<p>&nbsp;<\/p>\n<p><a href=\"\/explorando-paraiso-moto\/wp-content\/uploads\/sites\/13\/2015\/03\/IMG_3544.jpg\"><img loading=\"lazy\" src=\"\/explorando-paraiso-moto\/wp-content\/uploads\/sites\/13\/2015\/03\/IMG_3544.jpg\" alt=\"el partenon\" width=\"834\" height=\"567\" \/><\/a><\/p>\n<p>&nbsp;<\/p>\n<p>Nos quedan unos cuantos kil\u00f3metros de vuelta y decidimos hacerlos por la v\u00eda r\u00e1pida, muy a nuestro pesar, pero no pudimos salir por la ma\u00f1ana tan pronto como quisimos. De vuelta se levanta un\u00a0viento horrible y la sensaci\u00f3n t\u00e9rmica es a\u00fan m\u00e1s baja. Paramos en un \u00e1rea de servicio a tomar algo para calentar un poquito y proseguir.<\/p>\n<p>Llegamos a casa\u00a0a casa\u00a0justo con el ocaso&#8230;..<\/p>\n<p>Espero que os hayan gustado estas curiosidades de nuestra vecina Cantabria. V\u00b4SSSSS.<\/p>\n<p>Para ver ruta <a href=\"https:\/\/www.google.es\/maps\/dir\/Piedras+Blancas,+Asturias\/Villaviciosa\/Ribadesella,+Asturias\/Arenas+de+Igu%C3%B1a,+Cantabria\/@43.3750202,-5.6039918,9z\/data=!3m1!4b1!4m28!4m27!1m5!1m1!1s0xd369c08811bbde7:0x7ddb1aec7275028c!2m2!1d-5.9769949!2d43.5591713!1m5!1m1!1s0xd366d08e5b678ab:0xa79c22ace15635bd!2m2!1d-5.4355748!2d43.4817214!1m5!1m1!1s0xd361e765dc7745b:0x404f58273cb0590!2m2!1d-5.0561012!2d43.463085!1m5!1m1!1s0xd492221c97e64b9:0xc94af0f260f80dbc!2m2!1d-4.0496044!2d43.1856124!2m1!1b1!3e0\" target=\"_blank\" rel=\"external nofollow\">aqu\u00ed<\/a>.<\/p>\n<!-- AddThis Advanced Settings generic via filter on the_content --><!-- AddThis Share Buttons generic via filter on the_content -->","protected":false},"excerpt":{"rendered":"<p>Curiosa forma en la que conoc\u00ed este peculiar lugar. El mes de Febrero ha sido duro en cuanto a lluvias y nieves y parece ser que numerosos pueblos han quedado incomunicados. Anunciaban en los telediarios que la autopista A-67 que une Cantabria con Palencia estaba cortada. Poblaci\u00f3n m\u00e1s afectada: Arenas de Igu\u00f1a. Mi evidente curiosidad [&hellip;]<!-- AddThis Advanced Settings generic via filter on get_the_excerpt --><!-- AddThis Share Buttons generic via filter on get_the_excerpt --><\/p>\n","protected":false},"author":14,"featured_media":0,"comment_status":"open","ping_status":"closed","sticky":false,"template":"","format":"standard","meta":[],"categories":[12],"tags":[152,430,487,496,512,549,638,648,660,685,691,697,841],"_links":{"self":[{"href":"https:\/\/blogs.elcomercio.es\/explorando-paraiso-moto\/wp-json\/wp\/v2\/posts\/291"}],"collection":[{"href":"https:\/\/blogs.elcomercio.es\/explorando-paraiso-moto\/wp-json\/wp\/v2\/posts"}],"about":[{"href":"https:\/\/blogs.elcomercio.es\/explorando-paraiso-moto\/wp-json\/wp\/v2\/types\/post"}],"author":[{"embeddable":true,"href":"https:\/\/blogs.elcomercio.es\/explorando-paraiso-moto\/wp-json\/wp\/v2\/users\/14"}],"replies":[{"embeddable":true,"href":"https:\/\/blogs.elcomercio.es\/explorando-paraiso-moto\/wp-json\/wp\/v2\/comments?post=291"}],"version-history":[{"count":0,"href":"https:\/\/blogs.elcomercio.es\/explorando-paraiso-moto\/wp-json\/wp\/v2\/posts\/291\/revisions"}],"wp:attachment":[{"href":"https:\/\/blogs.elcomercio.es\/explorando-paraiso-moto\/wp-json\/wp\/v2\/media?parent=291"}],"wp:term":[{"taxonomy":"category","embeddable":true,"href":"https:\/\/blogs.elcomercio.es\/explorando-paraiso-moto\/wp-json\/wp\/v2\/categories?post=291"},{"taxonomy":"post_tag","embeddable":true,"href":"https:\/\/blogs.elcomercio.es\/explorando-paraiso-moto\/wp-json\/wp\/v2\/tags?post=291"}],"curies":[{"name":"wp","href":"https:\/\/api.w.org\/{rel}","templated":true}]}}