{"id":3624,"date":"2017-09-21T10:55:59","date_gmt":"2017-09-21T08:55:59","guid":{"rendered":"http:\/\/blogs.elcomercio.es\/explorando-paraiso-moto\/?p=3624"},"modified":"2017-09-21T11:25:17","modified_gmt":"2017-09-21T09:25:17","slug":"las-hoces-de-valdeteja","status":"publish","type":"post","link":"https:\/\/blogs.elcomercio.es\/explorando-paraiso-moto\/2017\/09\/21\/las-hoces-de-valdeteja\/","title":{"rendered":"Las Hoces de Valdeteja"},"content":{"rendered":"<p>Todos sabemos lo que es esa sensaci\u00f3n agria de llevar varios d\u00edas sin pilotar nuestras motocicletas. Personalmente, m\u00e1s de una semana me resulta casi impensable y lo que entra dentro de mi normalidad es bajarme del autob\u00fas y ponerme el traje de la moto. Eso, cuando no me pierdo unos cuantos d\u00edas por cualquier lugar, ni siquiera voy a concretar nombre, porque alguna vez he ido algo a ciegas y no se me ha ocurrido m\u00e1s que susurrarle a \u00b4Trailera\u00b4 uno de nuestros dichos populares asturianos: \u00b4Yo conduzco, t\u00fa me gu\u00edas\u00b4. Suele darse el caso de que muchos para\u00edsos quedan ocultos tras la relevancia tur\u00edstica que han ido adquiriendo otros. Cuando hablo de esto siempre pongo como ejemplo la cascada del P\u00edmpano, en el concejo de Villay\u00f3n que, a escasos 50 metros de la carretera, sin se\u00f1alizaci\u00f3n alguna para llegar hasta ella, se ha convertido en uno de mis escondites preferidos. Pese a ello, las cascadas de Oneta son las que gozan de un reconocimiento pleno dejando de lado a las anteriormente citadas. Puede que la primera no lleve tanta agua como las segundas pero el emplazamiento en el que se ubican es tan exageradamente m\u00e1gico que cualquiera que las contemple no olvidar\u00e1 nunca el haberlas visitado.<\/p>\n<p>Todo esto viene a ra\u00edz de uno de los destinos escogidos durante este viaje: las desconocidas Hoces de Valdeteja cuya val\u00eda ha sido desplazada por la gran importancia que desde siempre han adquirido las archifamosas Hoces de Vegacervera.<\/p>\n<p>&nbsp;<\/p>\n<p><a href=\"https:\/\/static-blogs.elcomercio.es\/wp-content\/uploads\/sites\/13\/2017\/09\/P60606-110106-01.jpeg\"><img loading=\"lazy\" class=\"alignnone size-full wp-image-3625\" src=\"https:\/\/static-blogs.elcomercio.es\/wp-content\/uploads\/sites\/13\/2017\/09\/P60606-110106-01.jpeg\" alt=\"valdeteja\" width=\"800\" height=\"592\" srcset=\"https:\/\/static-blogs.elcomercio.es\/wp-content\/uploads\/sites\/13\/2017\/09\/P60606-110106-01.jpeg 800w, https:\/\/static-blogs.elcomercio.es\/wp-content\/uploads\/sites\/13\/2017\/09\/P60606-110106-01-300x222.jpeg 300w, https:\/\/static-blogs.elcomercio.es\/wp-content\/uploads\/sites\/13\/2017\/09\/P60606-110106-01-768x568.jpeg 768w\" sizes=\"(max-width: 800px) 100vw, 800px\" \/><\/a><\/p>\n<p><!--more--><\/p>\n<p>&nbsp;<\/p>\n<p>&nbsp;<\/p>\n<p>Atravesadas por una calzada romana, han sido formadas por la erosi\u00f3n del rio Curue\u00f1o y a lo largo de su recorrido nos encontraremos con varios puentes romanos y medievales. El m\u00e1s conocido el del Verdugo, nombre que le viene porque antiguamente era un lugar donde se administraba justicia. Las de Valdeteja poco o nada tienen que envidiar a Vegacervera. Puede que su longitud sea algo menor pero eso, desde luego, no le resta espectacularidad. En este viaje, el cual viene caracterizado porque un 95% lo pas\u00e9 bajo la lluvia, atravesaremos una de las mancomunidades m\u00e1s agrestes de Le\u00f3n.<\/p>\n<p>&nbsp;<\/p>\n<p><a href=\"https:\/\/static-blogs.elcomercio.es\/wp-content\/uploads\/sites\/13\/2017\/09\/P60606-111046.jpg\"><img loading=\"lazy\" class=\"alignnone size-full wp-image-3628\" src=\"https:\/\/static-blogs.elcomercio.es\/wp-content\/uploads\/sites\/13\/2017\/09\/P60606-111046.jpg\" alt=\"valdeteja\" width=\"800\" height=\"592\" srcset=\"https:\/\/static-blogs.elcomercio.es\/wp-content\/uploads\/sites\/13\/2017\/09\/P60606-111046.jpg 800w, https:\/\/static-blogs.elcomercio.es\/wp-content\/uploads\/sites\/13\/2017\/09\/P60606-111046-300x222.jpg 300w, https:\/\/static-blogs.elcomercio.es\/wp-content\/uploads\/sites\/13\/2017\/09\/P60606-111046-768x568.jpg 768w\" sizes=\"(max-width: 800px) 100vw, 800px\" \/><\/a><\/p>\n<p>&nbsp;<\/p>\n<p><a href=\"https:\/\/static-blogs.elcomercio.es\/wp-content\/uploads\/sites\/13\/2017\/09\/P60606-105335.jpg\"><img loading=\"lazy\" class=\"alignnone size-full wp-image-3629\" src=\"https:\/\/static-blogs.elcomercio.es\/wp-content\/uploads\/sites\/13\/2017\/09\/P60606-105335.jpg\" alt=\"valdeteja\" width=\"800\" height=\"592\" srcset=\"https:\/\/static-blogs.elcomercio.es\/wp-content\/uploads\/sites\/13\/2017\/09\/P60606-105335.jpg 800w, https:\/\/static-blogs.elcomercio.es\/wp-content\/uploads\/sites\/13\/2017\/09\/P60606-105335-300x222.jpg 300w, https:\/\/static-blogs.elcomercio.es\/wp-content\/uploads\/sites\/13\/2017\/09\/P60606-105335-768x568.jpg 768w\" sizes=\"(max-width: 800px) 100vw, 800px\" \/><\/a><\/p>\n<p>&nbsp;<\/p>\n<p>Paisajes que parecen v\u00edrgenes entre monta\u00f1as calizas y aposentadas sobre una base de verdes prader\u00edas. Una mezcla afrodis\u00edaca para la vista de cualquiera y unas carreteras multiparcheadas cuyo asfalto parece desaparecer por momentos y en las que pondremos a prueba las suspensiones de nuestras motocicletas. Por la zona de la cuenca, la lluvia parece querer liberarse y las aguas del r\u00edo Caudal bajan sosegadas. A lo lejos, asoman algunos picos de las monta\u00f1as entre la temprana niebla que se ha levantado. Son las 8:00h de la ma\u00f1ana y ya llevo casi una hora y media sobre \u00b4Trailera\u00b4. El Puerto de Pajares lleva meses en obras y hoy, con la lluvia, este tramo se ha convertido en un aut\u00e9ntico barrizal. En lo alto, apenas puede verse nada por las adversas condiciones meteorol\u00f3gicas y, muy pr\u00f3xima, se encuentra la Colegiata de Santa Mar\u00eda de Arb\u00e1s, de estilo tardorrom\u00e1nico y declarada Monumento Hist\u00f3rico Art\u00edstico en 1.931. Con un origen como hospital de peregrinos, termin\u00f3 siendo la iglesia parroquial de la localidad. Sus puertas hoy, permanecen cerradas.<\/p>\n<p>&nbsp;<\/p>\n<p><a href=\"https:\/\/static-blogs.elcomercio.es\/wp-content\/uploads\/sites\/13\/2017\/09\/P60606-085307-01.jpeg\"><img loading=\"lazy\" class=\"alignnone size-full wp-image-3631\" src=\"https:\/\/static-blogs.elcomercio.es\/wp-content\/uploads\/sites\/13\/2017\/09\/P60606-085307-01.jpeg\" alt=\"valdeteja\" width=\"1014\" height=\"754\" srcset=\"https:\/\/static-blogs.elcomercio.es\/wp-content\/uploads\/sites\/13\/2017\/09\/P60606-085307-01.jpeg 1014w, https:\/\/static-blogs.elcomercio.es\/wp-content\/uploads\/sites\/13\/2017\/09\/P60606-085307-01-300x223.jpeg 300w, https:\/\/static-blogs.elcomercio.es\/wp-content\/uploads\/sites\/13\/2017\/09\/P60606-085307-01-768x571.jpeg 768w\" sizes=\"(max-width: 1014px) 100vw, 1014px\" \/><\/a><\/p>\n<p>&nbsp;<\/p>\n<p>En Villamanin me desv\u00edo hacia la Collada de C\u00e1rmenes y el camionero que llevo delante me hace se\u00f1as para que pueda adelantarle, gesto que agradec\u00ed enormemente. El paso por la poblaci\u00f3n, que hoy parece fantasma, es estrecho y llama la atenci\u00f3n su iglesia, detr\u00e1s de cuyo campanario asoman las monta\u00f1as a modo de silueta natural. A pocos kil\u00f3metros, una solitaria carretera me llevar\u00e1 a Valdeteja pasando por pueblos con nombres tan curiosos como Pedrosa.<\/p>\n<p>&nbsp;<\/p>\n<p><a href=\"https:\/\/static-blogs.elcomercio.es\/wp-content\/uploads\/sites\/13\/2017\/09\/P60606-092918.jpg\"><img loading=\"lazy\" class=\"alignnone size-full wp-image-3632\" src=\"https:\/\/static-blogs.elcomercio.es\/wp-content\/uploads\/sites\/13\/2017\/09\/P60606-092918.jpg\" alt=\"valdeteja\" width=\"1014\" height=\"754\" srcset=\"https:\/\/static-blogs.elcomercio.es\/wp-content\/uploads\/sites\/13\/2017\/09\/P60606-092918.jpg 1014w, https:\/\/static-blogs.elcomercio.es\/wp-content\/uploads\/sites\/13\/2017\/09\/P60606-092918-300x223.jpg 300w, https:\/\/static-blogs.elcomercio.es\/wp-content\/uploads\/sites\/13\/2017\/09\/P60606-092918-768x571.jpg 768w\" sizes=\"(max-width: 1014px) 100vw, 1014px\" \/><\/a><\/p>\n<p>&nbsp;<\/p>\n<p>La perspectiva del valle desde aqu\u00ed va modific\u00e1ndose y los pinachos calizos dibujan formas asim\u00e9tricas en el cielo mientras que sus laderas se cubren de una alfombra salpicada de flores amarillas cuyo aroma se extiende r\u00e1pidamente y se mezcla con el olor de la hierba mojada. Valdeteja es uno de esos lugares de paso que quise rescatar del olvido. Curiosamente, un lugar de cine pues aqu\u00ed lleg\u00f3 a tener una casa el actor Vigo Mortensen el cual qued\u00f3 enamorado de la belleza de este valle.<\/p>\n<p>&nbsp;<\/p>\n<p>&nbsp;<\/p>\n<p>&nbsp;<\/p>\n<p>&nbsp;<\/p>\n<p><a href=\"https:\/\/static-blogs.elcomercio.es\/wp-content\/uploads\/sites\/13\/2017\/09\/P60606-102327.jpg\"><img loading=\"lazy\" class=\"alignnone size-full wp-image-3633\" src=\"https:\/\/static-blogs.elcomercio.es\/wp-content\/uploads\/sites\/13\/2017\/09\/P60606-102327.jpg\" alt=\"valdeteja\" width=\"1014\" height=\"754\" srcset=\"https:\/\/static-blogs.elcomercio.es\/wp-content\/uploads\/sites\/13\/2017\/09\/P60606-102327.jpg 1014w, https:\/\/static-blogs.elcomercio.es\/wp-content\/uploads\/sites\/13\/2017\/09\/P60606-102327-300x223.jpg 300w, https:\/\/static-blogs.elcomercio.es\/wp-content\/uploads\/sites\/13\/2017\/09\/P60606-102327-768x571.jpg 768w\" sizes=\"(max-width: 1014px) 100vw, 1014px\" \/><\/a><\/p>\n<p><a href=\"https:\/\/static-blogs.elcomercio.es\/wp-content\/uploads\/sites\/13\/2017\/09\/P60606-103630-01.jpeg\"><img loading=\"lazy\" class=\"alignnone size-full wp-image-3634\" src=\"https:\/\/static-blogs.elcomercio.es\/wp-content\/uploads\/sites\/13\/2017\/09\/P60606-103630-01.jpeg\" alt=\"valdeteja\" width=\"350\" height=\"472\" srcset=\"https:\/\/static-blogs.elcomercio.es\/wp-content\/uploads\/sites\/13\/2017\/09\/P60606-103630-01.jpeg 350w, https:\/\/static-blogs.elcomercio.es\/wp-content\/uploads\/sites\/13\/2017\/09\/P60606-103630-01-222x300.jpeg 222w\" sizes=\"(max-width: 350px) 100vw, 350px\" \/><\/a><\/p>\n<p>&nbsp;<\/p>\n<p>Alg\u00fan lugare\u00f1o me comenta que en el bar hay varias fotos suyas en el pueblo pero, desafortunadamente, es muy temprano y a\u00fan no ha abierto. Una anciana asomada a la ventana se dirige a m\u00ed pronunciando unas sabias palabras: \u201dhoy no es un buen d\u00eda para la moto con esta lluvia\u201d. Lo s\u00e9 pero las ganas son superiores a cualquier impedimento que se me presentase y hoy no hab\u00eda lugar para la duda. De todas formas, despu\u00e9s de las \u00faltimas pingaduras, \u00bfqu\u00e9 m\u00e1s da una m\u00e1s?.<\/p>\n<p>&nbsp;<\/p>\n<p><a href=\"https:\/\/static-blogs.elcomercio.es\/wp-content\/uploads\/sites\/13\/2017\/09\/P60606-103747.jpg\"><img loading=\"lazy\" class=\"alignnone size-full wp-image-3636\" src=\"https:\/\/static-blogs.elcomercio.es\/wp-content\/uploads\/sites\/13\/2017\/09\/P60606-103747.jpg\" alt=\"valdeteja\" width=\"1014\" height=\"754\" srcset=\"https:\/\/static-blogs.elcomercio.es\/wp-content\/uploads\/sites\/13\/2017\/09\/P60606-103747.jpg 1014w, https:\/\/static-blogs.elcomercio.es\/wp-content\/uploads\/sites\/13\/2017\/09\/P60606-103747-300x223.jpg 300w, https:\/\/static-blogs.elcomercio.es\/wp-content\/uploads\/sites\/13\/2017\/09\/P60606-103747-768x571.jpg 768w\" sizes=\"(max-width: 1014px) 100vw, 1014px\" \/><\/a><\/p>\n<p>&nbsp;<\/p>\n<p>En la parte alta del pueblo, despu\u00e9s de pasar la iglesia, sobre el suelo una inscripci\u00f3n \u00b4Plaza Vigo Mortensen\u00b4. Lo m\u00e1s sencillo es pas\u00e1rsela de largo, como hice yo que tuve que preguntar a Jose, un chico motero que se encontraba realizando unos trabajos de pintor en el lugar. Coincidencias de la vida tambi\u00e9n pertenece a la familia GS con su BMWF800GS. Seg\u00fan \u00e9l, \u00b4para cualquier cosa que necesite\u00b4 en Pajares, donde reside, puedo encontrarle. Ir haciendo amigos en los viajes es una de mis mayores recompensas. Muy cercanas est\u00e1n ya las Hoces de Valdeteja que no impactan tanto por su angostura, sino m\u00e1s bien por la belleza paisaj\u00edstica del entorno al que dan lugar en el que las curiosas formas dise\u00f1adas por la caliza ordenan un paisaje virgen. No hay normas ni reglas pero el resultado es sorprendente y es imposible no rodar por su reci\u00e9n asfaltado firme sin ladear la cabeza para contemplarlas e, incluso, hacer varios altos en el camino.<\/p>\n<p>&nbsp;<\/p>\n<p><a href=\"https:\/\/static-blogs.elcomercio.es\/wp-content\/uploads\/sites\/13\/2017\/09\/P60606-105909.jpg\"><img loading=\"lazy\" class=\"alignnone size-full wp-image-3637\" src=\"https:\/\/static-blogs.elcomercio.es\/wp-content\/uploads\/sites\/13\/2017\/09\/P60606-105909.jpg\" alt=\"valdeteja\" width=\"800\" height=\"592\" srcset=\"https:\/\/static-blogs.elcomercio.es\/wp-content\/uploads\/sites\/13\/2017\/09\/P60606-105909.jpg 800w, https:\/\/static-blogs.elcomercio.es\/wp-content\/uploads\/sites\/13\/2017\/09\/P60606-105909-300x222.jpg 300w, https:\/\/static-blogs.elcomercio.es\/wp-content\/uploads\/sites\/13\/2017\/09\/P60606-105909-768x568.jpg 768w\" sizes=\"(max-width: 800px) 100vw, 800px\" \/><\/a><\/p>\n<p>&nbsp;<\/p>\n<p>Continuando viaje llego hasta una de las cascadas que m\u00e1s me atraen y no por su tama\u00f1o sino m\u00e1s bien por el rec\u00f3ndito lugar en el que se encuentra: la cascada de Nocedo de Curue\u00f1o o Cola de Caballo.<\/p>\n<p>&nbsp;<\/p>\n<p><a href=\"https:\/\/static-blogs.elcomercio.es\/wp-content\/uploads\/sites\/13\/2017\/09\/P60606-120022-01.jpeg\"><img loading=\"lazy\" class=\"alignnone size-full wp-image-3638\" src=\"https:\/\/static-blogs.elcomercio.es\/wp-content\/uploads\/sites\/13\/2017\/09\/P60606-120022-01.jpeg\" alt=\"valdeteja\" width=\"350\" height=\"472\" srcset=\"https:\/\/static-blogs.elcomercio.es\/wp-content\/uploads\/sites\/13\/2017\/09\/P60606-120022-01.jpeg 350w, https:\/\/static-blogs.elcomercio.es\/wp-content\/uploads\/sites\/13\/2017\/09\/P60606-120022-01-222x300.jpeg 222w\" sizes=\"(max-width: 350px) 100vw, 350px\" \/><\/a><\/p>\n<p>&nbsp;<\/p>\n<p><a href=\"https:\/\/static-blogs.elcomercio.es\/wp-content\/uploads\/sites\/13\/2017\/09\/P60606-115942.jpg\"><img loading=\"lazy\" class=\"alignnone size-full wp-image-3639\" src=\"https:\/\/static-blogs.elcomercio.es\/wp-content\/uploads\/sites\/13\/2017\/09\/P60606-115942.jpg\" alt=\"valdeteja\" width=\"1014\" height=\"754\" srcset=\"https:\/\/static-blogs.elcomercio.es\/wp-content\/uploads\/sites\/13\/2017\/09\/P60606-115942.jpg 1014w, https:\/\/static-blogs.elcomercio.es\/wp-content\/uploads\/sites\/13\/2017\/09\/P60606-115942-300x223.jpg 300w, https:\/\/static-blogs.elcomercio.es\/wp-content\/uploads\/sites\/13\/2017\/09\/P60606-115942-768x571.jpg 768w\" sizes=\"(max-width: 1014px) 100vw, 1014px\" \/><\/a><\/p>\n<p>&nbsp;<\/p>\n<p><a href=\"https:\/\/static-blogs.elcomercio.es\/wp-content\/uploads\/sites\/13\/2017\/09\/IMG_9794.jpg\"><img loading=\"lazy\" class=\"alignnone size-full wp-image-3642\" src=\"https:\/\/static-blogs.elcomercio.es\/wp-content\/uploads\/sites\/13\/2017\/09\/IMG_9794.jpg\" alt=\"valdeteja\" width=\"1014\" height=\"681\" srcset=\"https:\/\/static-blogs.elcomercio.es\/wp-content\/uploads\/sites\/13\/2017\/09\/IMG_9794.jpg 1014w, https:\/\/static-blogs.elcomercio.es\/wp-content\/uploads\/sites\/13\/2017\/09\/IMG_9794-300x201.jpg 300w, https:\/\/static-blogs.elcomercio.es\/wp-content\/uploads\/sites\/13\/2017\/09\/IMG_9794-768x516.jpg 768w\" sizes=\"(max-width: 1014px) 100vw, 1014px\" \/><\/a><\/p>\n<p>&nbsp;<\/p>\n<p>Muy pr\u00f3xima al pueblo del mismo nombre, sin duda ocupa uno de los primeros puestos en mi r\u00e1nking de favoritos. Un tesoro de la Naturaleza que el hombre ha sabido destapar para su disfrute. En este m\u00e1gico lugar el agua se desliza salvajemente por las verticales y deformadas paredes monta\u00f1a adentro. En \u00e9poca de lluvias apenas puede uno acercarse debido a la gran cantidad de agua que desprende. Hoy este lugar est\u00e1 desierto, solo para m\u00ed.<\/p>\n<p>&nbsp;<\/p>\n<p><a href=\"https:\/\/static-blogs.elcomercio.es\/wp-content\/uploads\/sites\/13\/2017\/09\/IMG_9847.jpg\"><img loading=\"lazy\" class=\"alignnone size-full wp-image-3640\" src=\"https:\/\/static-blogs.elcomercio.es\/wp-content\/uploads\/sites\/13\/2017\/09\/IMG_9847.jpg\" alt=\"valdeteja\" width=\"1000\" height=\"667\" srcset=\"https:\/\/static-blogs.elcomercio.es\/wp-content\/uploads\/sites\/13\/2017\/09\/IMG_9847.jpg 1000w, https:\/\/static-blogs.elcomercio.es\/wp-content\/uploads\/sites\/13\/2017\/09\/IMG_9847-300x200.jpg 300w, https:\/\/static-blogs.elcomercio.es\/wp-content\/uploads\/sites\/13\/2017\/09\/IMG_9847-768x512.jpg 768w\" sizes=\"(max-width: 1000px) 100vw, 1000px\" \/><\/a><\/p>\n<p>&nbsp;<\/p>\n<p>La melod\u00eda de su m\u00fasica se convierte en mi compa\u00f1era por momentos y mojo mis manos junto a su tranquila orilla. Un agua transparente y fr\u00eda y, mientras, ha dejado de llover.<\/p>\n<p>&nbsp;<\/p>\n<p><a href=\"https:\/\/static-blogs.elcomercio.es\/wp-content\/uploads\/sites\/13\/2017\/09\/IMG_9758.jpg\"><img loading=\"lazy\" class=\"alignnone size-full wp-image-3641\" src=\"https:\/\/static-blogs.elcomercio.es\/wp-content\/uploads\/sites\/13\/2017\/09\/IMG_9758.jpg\" alt=\"valdeteja\" width=\"1000\" height=\"671\" srcset=\"https:\/\/static-blogs.elcomercio.es\/wp-content\/uploads\/sites\/13\/2017\/09\/IMG_9758.jpg 1000w, https:\/\/static-blogs.elcomercio.es\/wp-content\/uploads\/sites\/13\/2017\/09\/IMG_9758-300x201.jpg 300w, https:\/\/static-blogs.elcomercio.es\/wp-content\/uploads\/sites\/13\/2017\/09\/IMG_9758-768x515.jpg 768w\" sizes=\"(max-width: 1000px) 100vw, 1000px\" \/><\/a><\/p>\n<p>Un viaje pasado por agua pr\u00e1cticamente en su totalidad pero qu\u00e9 a gusto se est\u00e1 cuando se est\u00e1 bien. \u00bfO no es verdad?.<\/p>\n<p>&nbsp;<\/p>\n<p>Colaboradores:<a href=\"http:\/\/www.motosgijon.com\/\" rel=\"external nofollow\"> Motos Gij\u00f3n<\/a>,<a href=\"http:\/\/www.buscaoviedo.com\/neumaticos-motoval-oviedo\" rel=\"external nofollow\"> Neum\u00e1ticos Motoval Oviedo<\/a>, <a href=\"http:\/\/www.dynamicline.es\/\" rel=\"external nofollow\">Dynamicline<\/a>,<a href=\"http:\/\/www.rutasorganizadasenmoto.es\/\" rel=\"external nofollow\"> ROM(Rutas Organizadas en moto)<\/a>, <a href=\"https:\/\/www.facebook.com\/kariburen\/\" rel=\"external nofollow\">Kariburen(alquiler de motocicletas en Asturias).<\/a><\/p>\n<!-- AddThis Advanced Settings generic via filter on the_content --><!-- AddThis Share Buttons generic via filter on the_content -->","protected":false},"excerpt":{"rendered":"<p>Todos sabemos lo que es esa sensaci\u00f3n agria de llevar varios d\u00edas sin pilotar nuestras motocicletas. Personalmente, m\u00e1s de una semana me resulta casi impensable y lo que entra dentro de mi normalidad es bajarme del autob\u00fas y ponerme el traje de la moto. Eso, cuando no me pierdo unos cuantos d\u00edas por cualquier lugar, [&hellip;]<!-- AddThis Advanced Settings generic via filter on get_the_excerpt --><!-- AddThis Share Buttons generic via filter on get_the_excerpt --><\/p>\n","protected":false},"author":14,"featured_media":3625,"comment_status":"open","ping_status":"closed","sticky":false,"template":"","format":"standard","meta":[],"categories":[2,37],"tags":[349,430,1068,1066,638,691,1067],"_links":{"self":[{"href":"https:\/\/blogs.elcomercio.es\/explorando-paraiso-moto\/wp-json\/wp\/v2\/posts\/3624"}],"collection":[{"href":"https:\/\/blogs.elcomercio.es\/explorando-paraiso-moto\/wp-json\/wp\/v2\/posts"}],"about":[{"href":"https:\/\/blogs.elcomercio.es\/explorando-paraiso-moto\/wp-json\/wp\/v2\/types\/post"}],"author":[{"embeddable":true,"href":"https:\/\/blogs.elcomercio.es\/explorando-paraiso-moto\/wp-json\/wp\/v2\/users\/14"}],"replies":[{"embeddable":true,"href":"https:\/\/blogs.elcomercio.es\/explorando-paraiso-moto\/wp-json\/wp\/v2\/comments?post=3624"}],"version-history":[{"count":8,"href":"https:\/\/blogs.elcomercio.es\/explorando-paraiso-moto\/wp-json\/wp\/v2\/posts\/3624\/revisions"}],"predecessor-version":[{"id":3646,"href":"https:\/\/blogs.elcomercio.es\/explorando-paraiso-moto\/wp-json\/wp\/v2\/posts\/3624\/revisions\/3646"}],"wp:featuredmedia":[{"embeddable":true,"href":"https:\/\/blogs.elcomercio.es\/explorando-paraiso-moto\/wp-json\/wp\/v2\/media\/3625"}],"wp:attachment":[{"href":"https:\/\/blogs.elcomercio.es\/explorando-paraiso-moto\/wp-json\/wp\/v2\/media?parent=3624"}],"wp:term":[{"taxonomy":"category","embeddable":true,"href":"https:\/\/blogs.elcomercio.es\/explorando-paraiso-moto\/wp-json\/wp\/v2\/categories?post=3624"},{"taxonomy":"post_tag","embeddable":true,"href":"https:\/\/blogs.elcomercio.es\/explorando-paraiso-moto\/wp-json\/wp\/v2\/tags?post=3624"}],"curies":[{"name":"wp","href":"https:\/\/api.w.org\/{rel}","templated":true}]}}