{"id":3889,"date":"2018-03-28T17:02:53","date_gmt":"2018-03-28T15:02:53","guid":{"rendered":"http:\/\/blogs.elcomercio.es\/explorando-paraiso-moto\/?p=3889"},"modified":"2018-03-28T17:35:48","modified_gmt":"2018-03-28T15:35:48","slug":"iglesia-de-santiago-de-arlos","status":"publish","type":"post","link":"https:\/\/blogs.elcomercio.es\/explorando-paraiso-moto\/2018\/03\/28\/iglesia-de-santiago-de-arlos\/","title":{"rendered":"La iglesia de Santiago de Arl\u00f3s"},"content":{"rendered":"<p>Siempre digo que, pese a que en muchas ocasiones viajo sola, hay otras en las que la compa\u00f1\u00eda de personas como Andr\u00e9s, mi compa\u00f1ero de ruta aqu\u00e9l d\u00eda, llenan poderosamente un ba\u00fal, el de mis vivencias moteras, que en estos \u00faltimos a\u00f1os se ha ido incrementando considerablemente. Fiel seguidor de mis relatos, a trav\u00e9s de este blog le conoc\u00ed cuando en una ocasi\u00f3n decidi\u00f3 apuntarse a recorrer el para\u00edso. No me parece que le haya desagradado mucho puesto que ha repetido en varias ocasiones y, seguramente, unas cuantas m\u00e1s vendr\u00e1n,&#8230; Acerqu\u00e9monos pues, hasta este tesoro del Rom\u00e1nico rural asturiano: la iglesia de Santiago de Arl\u00f3s.<\/p>\n<p>&nbsp;<\/p>\n<p><a href=\"https:\/\/static-blogs.elcomercio.es\/wp-content\/uploads\/sites\/13\/2018\/03\/IMG_7897.jpg\"><img loading=\"lazy\" class=\"alignnone size-full wp-image-3893\" src=\"https:\/\/static-blogs.elcomercio.es\/wp-content\/uploads\/sites\/13\/2018\/03\/IMG_7897.jpg\" alt=\"iglesia de santiago de arlos\" width=\"750\" height=\"500\" srcset=\"https:\/\/static-blogs.elcomercio.es\/wp-content\/uploads\/sites\/13\/2018\/03\/IMG_7897.jpg 750w, https:\/\/static-blogs.elcomercio.es\/wp-content\/uploads\/sites\/13\/2018\/03\/IMG_7897-300x200.jpg 300w\" sizes=\"(max-width: 750px) 100vw, 750px\" \/><\/a><\/p>\n<p><!--more--><\/p>\n<p>&nbsp;<\/p>\n<p>Desde Los Campos, rodamos por la AS-233 y , como bien es sabido por muchos, soy amante de esos &#8220;desv\u00edos&#8221; que, por norma general, suelen llevarnos a sitios espectaculares. Precisamente el de Fontecaliente era novedoso para Andr\u00e9s con lo cual no fue nada dif\u00edcil que asintiera al preguntarle si quer\u00eda averiguar lo que escond\u00eda. Por supuesto, haciendo alguna de nuestras paradas para inmortalizar el entorno,..Si es que no tenemos remedio,&#8230;. Hay tanto y tan bonito,&#8230;.que si tuvi\u00e9ramos que parar cada vez que quisi\u00e9ramos sacar una foto, tardar\u00edamos horas en hacer una ruta como esta.<\/p>\n<p>&nbsp;<\/p>\n<p><a href=\"https:\/\/static-blogs.elcomercio.es\/wp-content\/uploads\/sites\/13\/2018\/03\/IMG-20161026-WA0006.jpg\"><img loading=\"lazy\" class=\"alignnone size-full wp-image-3900\" src=\"https:\/\/static-blogs.elcomercio.es\/wp-content\/uploads\/sites\/13\/2018\/03\/IMG-20161026-WA0006.jpg\" alt=\"santiago de Arl\u00f3s\" width=\"600\" height=\"337\" srcset=\"https:\/\/static-blogs.elcomercio.es\/wp-content\/uploads\/sites\/13\/2018\/03\/IMG-20161026-WA0006.jpg 600w, https:\/\/static-blogs.elcomercio.es\/wp-content\/uploads\/sites\/13\/2018\/03\/IMG-20161026-WA0006-300x169.jpg 300w\" sizes=\"(max-width: 600px) 100vw, 600px\" \/><\/a><\/p>\n<p>&nbsp;<\/p>\n<p>A pocos kil\u00f3metros se encuentra ya nuestro destino. Enclavada en un verdadero entorno paradis\u00edaco y apenas alterado, nuestras monturas descansaban mientras nos d\u00e1bamos un peque\u00f1o paseo por el lugar.<\/p>\n<p>&nbsp;<\/p>\n<p><a href=\"https:\/\/static-blogs.elcomercio.es\/wp-content\/uploads\/sites\/13\/2018\/03\/IMG_7891.jpg\"><img loading=\"lazy\" class=\"alignnone size-full wp-image-3892\" src=\"https:\/\/static-blogs.elcomercio.es\/wp-content\/uploads\/sites\/13\/2018\/03\/IMG_7891.jpg\" alt=\"santiago de Arl\u00f3s\" width=\"600\" height=\"400\" srcset=\"https:\/\/static-blogs.elcomercio.es\/wp-content\/uploads\/sites\/13\/2018\/03\/IMG_7891.jpg 600w, https:\/\/static-blogs.elcomercio.es\/wp-content\/uploads\/sites\/13\/2018\/03\/IMG_7891-300x200.jpg 300w\" sizes=\"(max-width: 600px) 100vw, 600px\" \/><\/a><\/p>\n<p>&nbsp;<\/p>\n<p>Sin palabras se queda uno para expresar lo que ten\u00edamos ante nuestros ojos,&#8230;. nuestra Asturias.<\/p>\n<p>&nbsp;<\/p>\n<p><a href=\"https:\/\/static-blogs.elcomercio.es\/wp-content\/uploads\/sites\/13\/2018\/03\/IMG_7888.jpg\"><img loading=\"lazy\" class=\"size-full wp-image-3891\" src=\"https:\/\/static-blogs.elcomercio.es\/wp-content\/uploads\/sites\/13\/2018\/03\/IMG_7888.jpg\" alt=\"santiago de arlos\" width=\"600\" height=\"400\" srcset=\"https:\/\/static-blogs.elcomercio.es\/wp-content\/uploads\/sites\/13\/2018\/03\/IMG_7888.jpg 600w, https:\/\/static-blogs.elcomercio.es\/wp-content\/uploads\/sites\/13\/2018\/03\/IMG_7888-300x200.jpg 300w\" sizes=\"(max-width: 600px) 100vw, 600px\" \/><\/a><\/p>\n<p>&nbsp;<\/p>\n<p><a href=\"https:\/\/static-blogs.elcomercio.es\/wp-content\/uploads\/sites\/13\/2018\/03\/IMG_7920.jpg\"><img loading=\"lazy\" class=\"alignnone size-full wp-image-3898\" src=\"https:\/\/static-blogs.elcomercio.es\/wp-content\/uploads\/sites\/13\/2018\/03\/IMG_7920.jpg\" alt=\"santiago de arlos\" width=\"600\" height=\"400\" srcset=\"https:\/\/static-blogs.elcomercio.es\/wp-content\/uploads\/sites\/13\/2018\/03\/IMG_7920.jpg 600w, https:\/\/static-blogs.elcomercio.es\/wp-content\/uploads\/sites\/13\/2018\/03\/IMG_7920-300x200.jpg 300w\" sizes=\"(max-width: 600px) 100vw, 600px\" \/><\/a><\/p>\n<p>&nbsp;<\/p>\n<p>Cada uno por su lado, pero a la vez, el uno pendiente del otro,&#8230;. Una iglesia a la que no le falta su &#8220;texu&#8221; y su cementerio y que nos recibe con una portada con dos arquivoltas decoradas con figuras decorativas.<\/p>\n<p>&nbsp;<\/p>\n<p><a href=\"https:\/\/static-blogs.elcomercio.es\/wp-content\/uploads\/sites\/13\/2018\/03\/IMG_7899.jpg\"><img loading=\"lazy\" class=\"alignnone size-full wp-image-3894\" src=\"https:\/\/static-blogs.elcomercio.es\/wp-content\/uploads\/sites\/13\/2018\/03\/IMG_7899.jpg\" alt=\"santiago de Arl\u00f3s\" width=\"300\" height=\"450\" srcset=\"https:\/\/static-blogs.elcomercio.es\/wp-content\/uploads\/sites\/13\/2018\/03\/IMG_7899.jpg 300w, https:\/\/static-blogs.elcomercio.es\/wp-content\/uploads\/sites\/13\/2018\/03\/IMG_7899-200x300.jpg 200w\" sizes=\"(max-width: 300px) 100vw, 300px\" \/><\/a><\/p>\n<p>&nbsp;<\/p>\n<p>Detalles,&#8230;.<\/p>\n<p>&nbsp;<\/p>\n<p><a href=\"https:\/\/static-blogs.elcomercio.es\/wp-content\/uploads\/sites\/13\/2018\/03\/IMG_7900.jpg\"><img loading=\"lazy\" class=\"alignnone size-full wp-image-3895\" src=\"https:\/\/static-blogs.elcomercio.es\/wp-content\/uploads\/sites\/13\/2018\/03\/IMG_7900.jpg\" alt=\"santiago de Arl\u00f3s\" width=\"600\" height=\"400\" srcset=\"https:\/\/static-blogs.elcomercio.es\/wp-content\/uploads\/sites\/13\/2018\/03\/IMG_7900.jpg 600w, https:\/\/static-blogs.elcomercio.es\/wp-content\/uploads\/sites\/13\/2018\/03\/IMG_7900-300x200.jpg 300w\" sizes=\"(max-width: 600px) 100vw, 600px\" \/><\/a><\/p>\n<p>&nbsp;<\/p>\n<p><a href=\"https:\/\/static-blogs.elcomercio.es\/wp-content\/uploads\/sites\/13\/2018\/03\/IMG_7901.jpg\"><img loading=\"lazy\" class=\"alignnone size-full wp-image-3896\" src=\"https:\/\/static-blogs.elcomercio.es\/wp-content\/uploads\/sites\/13\/2018\/03\/IMG_7901.jpg\" alt=\"Santiago de Arl\u00f3s\" width=\"600\" height=\"400\" srcset=\"https:\/\/static-blogs.elcomercio.es\/wp-content\/uploads\/sites\/13\/2018\/03\/IMG_7901.jpg 600w, https:\/\/static-blogs.elcomercio.es\/wp-content\/uploads\/sites\/13\/2018\/03\/IMG_7901-300x200.jpg 300w\" sizes=\"(max-width: 600px) 100vw, 600px\" \/><\/a><\/p>\n<p>&nbsp;<\/p>\n<p>Para m\u00e1s informaci\u00f3n sobre la iglesia:<a href=\"http:\/\/www.turismollanera.es\/que-ver\/patrimonio-cultural\/iglesia-arlos\" target=\"_blank\" rel=\"external nofollow\"> www.llaneraturismo.es<\/a>.<\/p>\n<p>El silencio se convert\u00eda en protagonista y el trinar de los p\u00e1jaros era lo \u00fanico que lo perturbaba. El verde de las prader\u00edas resaltaba el car\u00e1cter paradis\u00edaco del lugar,&#8230; No daban ganas de irse de all\u00ed la verdad&#8230;.\u00a0 \u00a0Llanera nos atrapaba,&#8230; Pusimos en marcha nuestras monturas y nos despedimos de Arl\u00f3s sabiendo que volver\u00edamos en breve,porque lugares como este, son los que hacen que nos sintamos tan afortunados por poderlos tener tan cerca.<\/p>\n<p>&nbsp;<\/p>\n<p><a href=\"https:\/\/static-blogs.elcomercio.es\/wp-content\/uploads\/sites\/13\/2018\/03\/IMG_7940.jpg\"><img loading=\"lazy\" class=\"alignnone size-full wp-image-3899\" src=\"https:\/\/static-blogs.elcomercio.es\/wp-content\/uploads\/sites\/13\/2018\/03\/IMG_7940.jpg\" alt=\"santiago de Arl\u00f3s\" width=\"700\" height=\"466\" srcset=\"https:\/\/static-blogs.elcomercio.es\/wp-content\/uploads\/sites\/13\/2018\/03\/IMG_7940.jpg 700w, https:\/\/static-blogs.elcomercio.es\/wp-content\/uploads\/sites\/13\/2018\/03\/IMG_7940-300x200.jpg 300w\" sizes=\"(max-width: 700px) 100vw, 700px\" \/><\/a><\/p>\n<p>&nbsp;<\/p>\n<p>Espero que os haya gustado. V\u00b4SSSSS.<\/p>\n<!-- AddThis Advanced Settings generic via filter on the_content --><!-- AddThis Share Buttons generic via filter on the_content -->","protected":false},"excerpt":{"rendered":"<p>Siempre digo que, pese a que en muchas ocasiones viajo sola, hay otras en las que la compa\u00f1\u00eda de personas como Andr\u00e9s, mi compa\u00f1ero de ruta aqu\u00e9l d\u00eda, llenan poderosamente un ba\u00fal, el de mis vivencias moteras, que en estos \u00faltimos a\u00f1os se ha ido incrementando considerablemente. Fiel seguidor de mis relatos, a trav\u00e9s de [&hellip;]<!-- AddThis Advanced Settings generic via filter on get_the_excerpt --><!-- AddThis Share Buttons generic via filter on get_the_excerpt --><\/p>\n","protected":false},"author":14,"featured_media":3899,"comment_status":"open","ping_status":"closed","sticky":false,"template":"","format":"standard","meta":[],"categories":[38],"tags":[177,430,1087,638,691,1086,916],"_links":{"self":[{"href":"https:\/\/blogs.elcomercio.es\/explorando-paraiso-moto\/wp-json\/wp\/v2\/posts\/3889"}],"collection":[{"href":"https:\/\/blogs.elcomercio.es\/explorando-paraiso-moto\/wp-json\/wp\/v2\/posts"}],"about":[{"href":"https:\/\/blogs.elcomercio.es\/explorando-paraiso-moto\/wp-json\/wp\/v2\/types\/post"}],"author":[{"embeddable":true,"href":"https:\/\/blogs.elcomercio.es\/explorando-paraiso-moto\/wp-json\/wp\/v2\/users\/14"}],"replies":[{"embeddable":true,"href":"https:\/\/blogs.elcomercio.es\/explorando-paraiso-moto\/wp-json\/wp\/v2\/comments?post=3889"}],"version-history":[{"count":5,"href":"https:\/\/blogs.elcomercio.es\/explorando-paraiso-moto\/wp-json\/wp\/v2\/posts\/3889\/revisions"}],"predecessor-version":[{"id":3904,"href":"https:\/\/blogs.elcomercio.es\/explorando-paraiso-moto\/wp-json\/wp\/v2\/posts\/3889\/revisions\/3904"}],"wp:featuredmedia":[{"embeddable":true,"href":"https:\/\/blogs.elcomercio.es\/explorando-paraiso-moto\/wp-json\/wp\/v2\/media\/3899"}],"wp:attachment":[{"href":"https:\/\/blogs.elcomercio.es\/explorando-paraiso-moto\/wp-json\/wp\/v2\/media?parent=3889"}],"wp:term":[{"taxonomy":"category","embeddable":true,"href":"https:\/\/blogs.elcomercio.es\/explorando-paraiso-moto\/wp-json\/wp\/v2\/categories?post=3889"},{"taxonomy":"post_tag","embeddable":true,"href":"https:\/\/blogs.elcomercio.es\/explorando-paraiso-moto\/wp-json\/wp\/v2\/tags?post=3889"}],"curies":[{"name":"wp","href":"https:\/\/api.w.org\/{rel}","templated":true}]}}