{"id":3971,"date":"2018-05-09T19:27:21","date_gmt":"2018-05-09T17:27:21","guid":{"rendered":"http:\/\/blogs.elcomercio.es\/explorando-paraiso-moto\/?p=3971"},"modified":"2018-05-09T19:27:21","modified_gmt":"2018-05-09T17:27:21","slug":"san-salvador-de-valdedios","status":"publish","type":"post","link":"https:\/\/blogs.elcomercio.es\/explorando-paraiso-moto\/2018\/05\/09\/san-salvador-de-valdedios\/","title":{"rendered":"San Salvador de Valdedi\u00f3s"},"content":{"rendered":"<p>Si rodar por Asturias es algo que nos gusta hacer a cualquier hora, podr\u00edamos incrementar a\u00fan m\u00e1s su valor si lo hacemos para conocer una de las joyas del Prerrom\u00e1nico Asturiano, declarado Patrimonio de la Humanidad. As\u00ed que, sin prisa, pero sin pausa, nos adentraremos en\u00a0 el maravilloso mundo de los arcos de piedra, las b\u00f3vedas de ca\u00f1\u00f3n&#8230;. &#8220;El Convent\u00edn&#8221;, como as\u00ed se le conoce, se convertir\u00e1 durante unos minutos, en el protagonista del relato de hoy y, bajados de mi &#8220;Trailera&#8221;, os ense\u00f1ar\u00e9 un lugar m\u00e1gico. Eso s\u00ed, de vuestra mano est\u00e1 el ir a conocerlo en persona puesto que, lo que m\u00e1s me llam\u00f3 la atenci\u00f3n durante la visita, fue que yo era la \u00fanica lugare\u00f1a. \u00bf Est\u00e1is listos?.. \u00a1Abramos sus puertas!.<\/p>\n<p>&nbsp;<\/p>\n<p><a href=\"https:\/\/static-blogs.elcomercio.es\/wp-content\/uploads\/sites\/13\/2018\/05\/P6126663.jpg\"><img loading=\"lazy\" class=\"alignnone size-full wp-image-3970\" src=\"https:\/\/static-blogs.elcomercio.es\/wp-content\/uploads\/sites\/13\/2018\/05\/P6126663.jpg\" alt=\"san salvador de valdedios\" width=\"700\" height=\"525\" srcset=\"https:\/\/static-blogs.elcomercio.es\/wp-content\/uploads\/sites\/13\/2018\/05\/P6126663.jpg 700w, https:\/\/static-blogs.elcomercio.es\/wp-content\/uploads\/sites\/13\/2018\/05\/P6126663-300x225.jpg 300w\" sizes=\"(max-width: 700px) 100vw, 700px\" \/><\/a><\/p>\n<p><!--more--><\/p>\n<p>&nbsp;<\/p>\n<p>No es el objetivo de este blog dar clases de Arte ni mucho menos, eso se lo dejaremos a los expertos y nosotros nos dedicaremos a conocer sitios sin hacer mucho hincapi\u00e9 en sus descripciones. A trav\u00e9s de mis experiencias moteras, unas en compa\u00f1\u00eda y, otras en solitario, intento mostraros rincones de nuestra Asturias que tanto nos enamora y con la que me siento enormemente afortunada por tenerla tan cerquita, tanto, como que es nuestra casa. Y, en esta ocasi\u00f3n, un ejemplo del Prerrom\u00e1nico Asturiano, fue mi visita de una tarde cualquiera, porque para esto no se necesitan m\u00e1s que ganas, tiempo e ilusi\u00f3n. As\u00ed que, en moto, a pie, en bici, o paseando, descubramos un rinc\u00f3n m\u00e1s de nuestro para\u00edso,..<\/p>\n<p>&nbsp;<\/p>\n<p><a href=\"https:\/\/static-blogs.elcomercio.es\/wp-content\/uploads\/sites\/13\/2018\/05\/P6126599.jpg\"><img loading=\"lazy\" class=\"alignnone size-full wp-image-3962\" src=\"https:\/\/static-blogs.elcomercio.es\/wp-content\/uploads\/sites\/13\/2018\/05\/P6126599.jpg\" alt=\"san salvador de valdedios\" width=\"600\" height=\"450\" srcset=\"https:\/\/static-blogs.elcomercio.es\/wp-content\/uploads\/sites\/13\/2018\/05\/P6126599.jpg 600w, https:\/\/static-blogs.elcomercio.es\/wp-content\/uploads\/sites\/13\/2018\/05\/P6126599-300x225.jpg 300w\" sizes=\"(max-width: 600px) 100vw, 600px\" \/><\/a><\/p>\n<p>&nbsp;<\/p>\n<p>Entre franceses y alemanes, realic\u00e9 una visita muy amena, de las que recuerdas con posterioridad con una gran sonrisa, y de esas en las que acabas hablando con los dem\u00e1s asistentes(aunque sea en otro idioma)&#8230; Estaciono a mi &#8220;Trailera&#8221; en el p\u00e1rking que hay a las afueras del edificio y, una vez que me quito las botas de la moto y las dejo en una de las maletas, me uno al grupo como una m\u00e1s&#8230;<\/p>\n<p>&nbsp;<\/p>\n<p><a href=\"https:\/\/static-blogs.elcomercio.es\/wp-content\/uploads\/sites\/13\/2018\/05\/P6126615.jpg\"><img loading=\"lazy\" class=\"alignnone size-full wp-image-3965\" src=\"https:\/\/static-blogs.elcomercio.es\/wp-content\/uploads\/sites\/13\/2018\/05\/P6126615.jpg\" alt=\"san salvador de valdedios\" width=\"600\" height=\"450\" srcset=\"https:\/\/static-blogs.elcomercio.es\/wp-content\/uploads\/sites\/13\/2018\/05\/P6126615.jpg 600w, https:\/\/static-blogs.elcomercio.es\/wp-content\/uploads\/sites\/13\/2018\/05\/P6126615-300x225.jpg 300w\" sizes=\"(max-width: 600px) 100vw, 600px\" \/><\/a><\/p>\n<p>&nbsp;<\/p>\n<p>El exterior es impresionante, pero el interior,&#8230;. Es para dejarnos boquiabiertos,..<\/p>\n<p>&nbsp;<\/p>\n<p><a href=\"https:\/\/static-blogs.elcomercio.es\/wp-content\/uploads\/sites\/13\/2018\/05\/P6126589.jpg\"><img loading=\"lazy\" class=\"alignnone size-full wp-image-3960\" src=\"https:\/\/static-blogs.elcomercio.es\/wp-content\/uploads\/sites\/13\/2018\/05\/P6126589.jpg\" alt=\"san salvador de valdedios\" width=\"600\" height=\"450\" srcset=\"https:\/\/static-blogs.elcomercio.es\/wp-content\/uploads\/sites\/13\/2018\/05\/P6126589.jpg 600w, https:\/\/static-blogs.elcomercio.es\/wp-content\/uploads\/sites\/13\/2018\/05\/P6126589-300x225.jpg 300w\" sizes=\"(max-width: 600px) 100vw, 600px\" \/><\/a><\/p>\n<p>&nbsp;<\/p>\n<p>Para informaci\u00f3n sobre esta joya de nuestro arte os dejo este enlace: <a href=\"http:\/\/www.turismo-prerromanico.com\/monumento\/san-salvador-de-valdedis-20130116021900\/\" target=\"_blank\" rel=\"external nofollow\">Turismo Prerrom\u00e1nico.<\/a> Y, mientras,&#8230; alguna que otra foto,..<\/p>\n<p>&nbsp;<\/p>\n<p><a href=\"https:\/\/static-blogs.elcomercio.es\/wp-content\/uploads\/sites\/13\/2018\/05\/P6126597.jpg\"><img loading=\"lazy\" class=\"alignnone size-full wp-image-3961\" src=\"https:\/\/static-blogs.elcomercio.es\/wp-content\/uploads\/sites\/13\/2018\/05\/P6126597.jpg\" alt=\"san salvador de valdedios\" width=\"600\" height=\"450\" srcset=\"https:\/\/static-blogs.elcomercio.es\/wp-content\/uploads\/sites\/13\/2018\/05\/P6126597.jpg 600w, https:\/\/static-blogs.elcomercio.es\/wp-content\/uploads\/sites\/13\/2018\/05\/P6126597-300x225.jpg 300w\" sizes=\"(max-width: 600px) 100vw, 600px\" \/><\/a><\/p>\n<p>&nbsp;<\/p>\n<p><a href=\"https:\/\/static-blogs.elcomercio.es\/wp-content\/uploads\/sites\/13\/2018\/05\/P6126633.jpg\"><img loading=\"lazy\" class=\"alignnone size-full wp-image-3967\" src=\"https:\/\/static-blogs.elcomercio.es\/wp-content\/uploads\/sites\/13\/2018\/05\/P6126633.jpg\" alt=\"san salvador de valdedios\" width=\"350\" height=\"466\" srcset=\"https:\/\/static-blogs.elcomercio.es\/wp-content\/uploads\/sites\/13\/2018\/05\/P6126633.jpg 350w, https:\/\/static-blogs.elcomercio.es\/wp-content\/uploads\/sites\/13\/2018\/05\/P6126633-225x300.jpg 225w\" sizes=\"(max-width: 350px) 100vw, 350px\" \/><\/a><\/p>\n<p>&nbsp;<\/p>\n<p><a href=\"https:\/\/static-blogs.elcomercio.es\/wp-content\/uploads\/sites\/13\/2018\/05\/P6126626.jpg\"><img loading=\"lazy\" class=\"alignnone size-full wp-image-3966\" src=\"https:\/\/static-blogs.elcomercio.es\/wp-content\/uploads\/sites\/13\/2018\/05\/P6126626.jpg\" alt=\"san salvador de valdedios\" width=\"350\" height=\"466\" srcset=\"https:\/\/static-blogs.elcomercio.es\/wp-content\/uploads\/sites\/13\/2018\/05\/P6126626.jpg 350w, https:\/\/static-blogs.elcomercio.es\/wp-content\/uploads\/sites\/13\/2018\/05\/P6126626-225x300.jpg 225w\" sizes=\"(max-width: 350px) 100vw, 350px\" \/><\/a><\/p>\n<p>&nbsp;<\/p>\n<p>La semana pasada, anduvimos por Pore\u00f1u con Andr\u00e9s,.. En esta , nos vamos a San Salvador,.. Y es que hay una popular canci\u00f3n que pregunta por ese secreto interior de Villaviciosa, que roba el alma y el pensamiento.. \u00bfSer\u00e1 que no podemos(o no debemos) escaparnos a su encanto?&#8230;.<\/p>\n<p>Espero que os haya gustado. V\u00b4SSSS.<\/p>\n<p>&nbsp;<\/p>\n<p>&nbsp;<\/p>\n<!-- AddThis Advanced Settings generic via filter on the_content --><!-- AddThis Share Buttons generic via filter on the_content -->","protected":false},"excerpt":{"rendered":"<p>Si rodar por Asturias es algo que nos gusta hacer a cualquier hora, podr\u00edamos incrementar a\u00fan m\u00e1s su valor si lo hacemos para conocer una de las joyas del Prerrom\u00e1nico Asturiano, declarado Patrimonio de la Humanidad. As\u00ed que, sin prisa, pero sin pausa, nos adentraremos en\u00a0 el maravilloso mundo de los arcos de piedra, las [&hellip;]<!-- AddThis Advanced Settings generic via filter on get_the_excerpt --><!-- AddThis Share Buttons generic via filter on get_the_excerpt --><\/p>\n","protected":false},"author":14,"featured_media":3970,"comment_status":"open","ping_status":"closed","sticky":false,"template":"","format":"standard","meta":[],"categories":[86],"tags":[1089,430,638,691,858,916],"_links":{"self":[{"href":"https:\/\/blogs.elcomercio.es\/explorando-paraiso-moto\/wp-json\/wp\/v2\/posts\/3971"}],"collection":[{"href":"https:\/\/blogs.elcomercio.es\/explorando-paraiso-moto\/wp-json\/wp\/v2\/posts"}],"about":[{"href":"https:\/\/blogs.elcomercio.es\/explorando-paraiso-moto\/wp-json\/wp\/v2\/types\/post"}],"author":[{"embeddable":true,"href":"https:\/\/blogs.elcomercio.es\/explorando-paraiso-moto\/wp-json\/wp\/v2\/users\/14"}],"replies":[{"embeddable":true,"href":"https:\/\/blogs.elcomercio.es\/explorando-paraiso-moto\/wp-json\/wp\/v2\/comments?post=3971"}],"version-history":[{"count":4,"href":"https:\/\/blogs.elcomercio.es\/explorando-paraiso-moto\/wp-json\/wp\/v2\/posts\/3971\/revisions"}],"predecessor-version":[{"id":3979,"href":"https:\/\/blogs.elcomercio.es\/explorando-paraiso-moto\/wp-json\/wp\/v2\/posts\/3971\/revisions\/3979"}],"wp:featuredmedia":[{"embeddable":true,"href":"https:\/\/blogs.elcomercio.es\/explorando-paraiso-moto\/wp-json\/wp\/v2\/media\/3970"}],"wp:attachment":[{"href":"https:\/\/blogs.elcomercio.es\/explorando-paraiso-moto\/wp-json\/wp\/v2\/media?parent=3971"}],"wp:term":[{"taxonomy":"category","embeddable":true,"href":"https:\/\/blogs.elcomercio.es\/explorando-paraiso-moto\/wp-json\/wp\/v2\/categories?post=3971"},{"taxonomy":"post_tag","embeddable":true,"href":"https:\/\/blogs.elcomercio.es\/explorando-paraiso-moto\/wp-json\/wp\/v2\/tags?post=3971"}],"curies":[{"name":"wp","href":"https:\/\/api.w.org\/{rel}","templated":true}]}}